{"id":532194,"date":"2024-05-21T19:28:57","date_gmt":"2024-05-21T23:28:57","guid":{"rendered":"https:\/\/diariodominicano.com\/?p=532194"},"modified":"2024-05-21T19:29:03","modified_gmt":"2024-05-21T23:29:03","slug":"los-reyes-de-la-bachata-aventura-anuncian-las-fechas-para-latinoamerica-de-su-gira-cerrando-ciclos","status":"publish","type":"post","link":"https:\/\/diariodominicano.com\/?p=532194","title":{"rendered":"Los Reyes de La Bachata \u201cAventura\u201d anuncian las fechas para Latinoam\u00e9rica de su gira \u201cCerrando Ciclos\u201d"},"content":{"rendered":"\n<p>\u00a1La gira contin\u00faa!<\/p>\n\n\n\n<p>producida por CMN<\/p>\n\n\n\n<p>En medio de su exitosa gira por Norteam\u00e9rica, la legendaria agrupaci\u00f3n Aventura confirma las fechas del tour \u201cCerrando Ciclos\u201d por Latinoam\u00e9rica, bajo la producci\u00f3n de los l\u00edderes en entretenimiento CMN.<\/p>\n\n\n\n<p>Miami, 21 de mayo de 2023<\/p>\n\n\n\n<p>La noticia m\u00e1s esperada por los fan\u00e1ticos de los Reyes de la Bachata \u201cAventura\u201d ya es una realidad. La gira Cerrando Ciclos llega a LATAM con un rom\u00e1ntico recorrido por varios pa\u00edses de Centro y Sudam\u00e9rica, iniciando con seis ciudades de M\u00e9xico a partir del 14 de agosto, de la mano de CMN, encargados de la producci\u00f3n del tour en todo el continente.<\/p>\n\n\n\n<p>Adem\u00e1s, en \u201cCerrando Ciclos Tour\u201d, Romeo, Lenny, Heny y Max, se encontrar\u00e1n con sus fan\u00e1ticos de Sudam\u00e9rica en: Per\u00fa, Ecuador, Argentina, Chile y Venezuela. Luego visitar\u00e1n Centroam\u00e9rica sumando al tour: Nicaragua, Guatemala y El Salvador.<\/p>\n\n\n\n<p>Este anuncio sucede en medio de su exitosa gira de 57 fechas por Norteam\u00e9rica, donde han logrado importantes \u201cSold Out\u201d y le han regalado un viaje inolvidable a sus fieles seguidores, con un repertorio que rememora los a\u00f1os de \u00e9xitos del grupo Aventura cuando fueron pioneros en llevar la bachata a nuevas alturas, fusionando ritmos modernos con la esencia aut\u00e9ntica del g\u00e9nero convirti\u00e9ndose as\u00ed en \u201cLos Reyes de la Bachata Moderna\u201d.<\/p>\n\n\n\n<p>As\u00ed lo describi\u00f3 el propio Romeo Santos en el primer concierto de la gira en California: \u201cesta noche se vino a recordar lo que son momentos \u00e9picos a manera personal de su infancia y adolescencia. Aqu\u00ed se vino a cantar, a brincar y a derrochar un sin n\u00famero de emociones sin importar si son mujeres u hombres, esta noche tambi\u00e9n tienen permiso para llorar\u201d.<\/p>\n\n\n\n<p>Sin duda, la nostalgia se apoderar\u00e1 de sus miles de fan\u00e1ticos en un concierto cargado de emociones en el que revivir\u00e1n sus mejores \u00e9xitos como: \u201cCuando Volver\u00e1s\u201d, \u201cObsesi\u00f3n\u201d, \u201cUn Beso\u201d, \u201cMi Corazoncito\u201d, \u201cLos Infieles\u201d, \u201cEl Perdedor\u201d, \u201cPor Un Segundo\u201d, \u201cDile Al Amor\u201d, entre otros.<\/p>\n\n\n\n<p>\u201cDurante el tour de Estados Unidos hemos visto de primera mano la emoci\u00f3n y euforia que genera el regreso de Aventura en sus fans. Sabemos que en Latinoam\u00e9rica su p\u00fablico va a vibrar no s\u00f3lo con cada \u00e9xito, sino con un show digno de este regreso\u201d afirm\u00f3 Carolina Daza directora de entretenimiento en CMN.<\/p>\n\n\n\n<p>Las fechas oficiales de AVENTURA para su Tour en Latinoam\u00e9rica \u201cCERRANDO CICLOS\u201d son:<\/p>\n\n\n\n<p> esther@ebmanagement.io<\/p>\n\n\n\n<figure class=\"wp-block-image size-large\"><img loading=\"lazy\" decoding=\"async\" width=\"1024\" height=\"611\" src=\"https:\/\/diariodominicano.com\/wp-content\/uploads\/2024\/05\/Los-Reyes-de-La-Bachata-Aventura-anuncian-las-fechas-para-Latinoamerica-de-su-gira-Cerrando-Ciclos-1024x611.png\" alt=\"\" class=\"wp-image-532219\" srcset=\"https:\/\/diariodominicano.com\/wp-content\/uploads\/2024\/05\/Los-Reyes-de-La-Bachata-Aventura-anuncian-las-fechas-para-Latinoamerica-de-su-gira-Cerrando-Ciclos-1024x611.png 1024w, https:\/\/diariodominicano.com\/wp-content\/uploads\/2024\/05\/Los-Reyes-de-La-Bachata-Aventura-anuncian-las-fechas-para-Latinoamerica-de-su-gira-Cerrando-Ciclos-300x179.png 300w, https:\/\/diariodominicano.com\/wp-content\/uploads\/2024\/05\/Los-Reyes-de-La-Bachata-Aventura-anuncian-las-fechas-para-Latinoamerica-de-su-gira-Cerrando-Ciclos-768x458.png 768w, https:\/\/diariodominicano.com\/wp-content\/uploads\/2024\/05\/Los-Reyes-de-La-Bachata-Aventura-anuncian-las-fechas-para-Latinoamerica-de-su-gira-Cerrando-Ciclos-816x487.png 816w, https:\/\/diariodominicano.com\/wp-content\/uploads\/2024\/05\/Los-Reyes-de-La-Bachata-Aventura-anuncian-las-fechas-para-Latinoamerica-de-su-gira-Cerrando-Ciclos.png 1254w\" sizes=\"auto, (max-width: 1024px) 100vw, 1024px\" \/><\/figure>\n","protected":false},"excerpt":{"rendered":"<p>\u00a1La gira contin\u00faa! producida por CMN En medio de su exitosa gira por Norteam\u00e9rica, la legendaria agrupaci\u00f3n Aventura confirma las fechas del tour \u201cCerrando Ciclos\u201d por Latinoam\u00e9rica, bajo la producci\u00f3n de los l\u00edderes en entretenimiento CMN. Miami, 21 de mayo de 2023 La noticia m\u00e1s esperada por los fan\u00e1ticos de los Reyes de la Bachata [&hellip;]<\/p>\n","protected":false},"author":7,"featured_media":532222,"comment_status":"closed","ping_status":"closed","sticky":true,"template":"","format":"standard","meta":{"footnotes":""},"categories":[25,27],"tags":[],"class_list":["post-532194","post","type-post","status-publish","format-standard","has-post-thumbnail","hentry","category-gente","category-portada"],"_links":{"self":[{"href":"https:\/\/diariodominicano.com\/index.php?rest_route=\/wp\/v2\/posts\/532194","targetHints":{"allow":["GET"]}}],"collection":[{"href":"https:\/\/diariodominicano.com\/index.php?rest_route=\/wp\/v2\/posts"}],"about":[{"href":"https:\/\/diariodominicano.com\/index.php?rest_route=\/wp\/v2\/types\/post"}],"author":[{"embeddable":true,"href":"https:\/\/diariodominicano.com\/index.php?rest_route=\/wp\/v2\/users\/7"}],"replies":[{"embeddable":true,"href":"https:\/\/diariodominicano.com\/index.php?rest_route=%2Fwp%2Fv2%2Fcomments&post=532194"}],"version-history":[{"count":1,"href":"https:\/\/diariodominicano.com\/index.php?rest_route=\/wp\/v2\/posts\/532194\/revisions"}],"predecessor-version":[{"id":532223,"href":"https:\/\/diariodominicano.com\/index.php?rest_route=\/wp\/v2\/posts\/532194\/revisions\/532223"}],"wp:featuredmedia":[{"embeddable":true,"href":"https:\/\/diariodominicano.com\/index.php?rest_route=\/wp\/v2\/media\/532222"}],"wp:attachment":[{"href":"https:\/\/diariodominicano.com\/index.php?rest_route=%2Fwp%2Fv2%2Fmedia&parent=532194"}],"wp:term":[{"taxonomy":"category","embeddable":true,"href":"https:\/\/diariodominicano.com\/index.php?rest_route=%2Fwp%2Fv2%2Fcategories&post=532194"},{"taxonomy":"post_tag","embeddable":true,"href":"https:\/\/diariodominicano.com\/index.php?rest_route=%2Fwp%2Fv2%2Ftags&post=532194"}],"curies":[{"name":"wp","href":"https:\/\/api.w.org\/{rel}","templated":true}]}}