{"id":53217,"date":"2020-06-03T12:28:53","date_gmt":"2020-06-03T12:28:53","guid":{"rendered":"http:\/\/diariodominicano.ddns.net\/?p=53217"},"modified":"2020-06-03T12:28:53","modified_gmt":"2020-06-03T12:28:53","slug":"continuan-este-miercoles-las-actividades-de-la-feria-internacional-virtual-del-libro-y-la-cultura-2020","status":"publish","type":"post","link":"https:\/\/diariodominicano.com\/?p=53217","title":{"rendered":"Contin\u00faan este mi\u00e9rcoles las actividades de la Feria Internacional Virtual del Libro y la Cultura 2020"},"content":{"rendered":"<p><body><\/p>\n<p><img decoding=\"async\" src=\"img3\/Ferialibro3.jpeg\" \/>  <\/p>\n<p><span class=\"text1noticias\">diariodominicano.com <\/span><\/p>\n<p><span class=\"text1noticias\"> <\/span><\/p>\n<p><span class=\"text1noticias\">Santo Domingo, R. D., 3 de junio, 2020.- La 23\u00aa Feria Internacional Virtual del Libro y la Cultura 2020 ofrece, para este mi\u00e9rcoles 3 de junio,  un interesante panel, titulado \u00abCambio clim\u00e1tico y sociedad\u00bb, y la clase magistral \u00abAn\u00e1lisis e interpretaci\u00f3n de textos literarios\u00bb, as\u00ed como cuentacuentos para los m\u00e1s peque\u00f1os. <\/span><\/p>\n<p><span class=\"text1noticias\"> <\/span><\/p>\n<p><span class=\"text1noticias\">El evento virtual del libro y la cultura, organizado por el Ministerio de Cultura, est\u00e1 dedicado a las renombradas escritoras dominicanas Abigail Mej\u00eda y Camila Henr\u00edquez Ure\u00f1a, y tiene como pa\u00eds invitado de honor a la Rep\u00fablica de Honduras. <\/span><\/p>\n<p><span class=\"text1noticias\"> <\/span><\/p>\n<p><span class=\"text1noticias\">El programa, que se desarrolla a partir de las 4:00 p.m., contempla \u00abUn viaje de libros\u00bb (edici\u00f3n reducida y virtual), intervenci\u00f3n esc\u00e9nica a cargo de Libripilibri. Basta con dejarse llevar a trav\u00e9s del universo de la palabra hablada, el cuento cantado y la imagen recitada.<\/span><\/p>\n<p><span class=\"text1noticias\"> <\/span><\/p>\n<p><span class=\"text1noticias\"> <\/span><\/p>\n<p><span class=\"text1noticias\"> <\/span><\/p>\n<p><span class=\"text1noticias\">Una hora despu\u00e9s, se ofrecer\u00e1  un paseo literario ilustrando la curiosidad en \u00abAzul: cuenta cuentos con dibujo en directo\u00bb, realizado por Ta\u00edna Almod\u00f3var. <\/span><\/p>\n<p><span class=\"text1noticias\"> <\/span><\/p>\n<p><span class=\"text1noticias\"> <\/span><\/p>\n<p><span class=\"text1noticias\"> <\/span><\/p>\n<p><span class=\"text1noticias\">Ya a las 6:00 de la tarde, los amantes de la literatura podr\u00e1n disfrutar del panel \u00abCambio clim\u00e1tico y sociedad: nuestro rol en la lucha contra el calentamiento global\u00bb. Los expositores ser\u00e1n Gina Rosario D\u00edaz (Instituto Interamericano de Cooperaci\u00f3n para la Agricultura, IICA) y Juan Carlos N\u00fa\u00f1ez, con la moderaci\u00f3n de Meredith And\u00fajar.<\/span><\/p>\n<p><span class=\"text1noticias\"> <\/span><\/p>\n<p><span class=\"text1noticias\"> <\/span><\/p>\n<p><span class=\"text1noticias\"> <\/span><\/p>\n<p><span class=\"text1noticias\">A partir de la  7:00 p.m. se ofrecer\u00e1 la clase magistral \u00abAn\u00e1lisis e interpretaci\u00f3n de textos literarios\u00bb, a cargo de V\u00edctor Salda\u00f1a.<\/span><\/p>\n<p><span class=\"text1noticias\"> <\/span><\/p>\n<p><span class=\"text1noticias\">Esas actividades ser\u00e1n transmitidas de las redes sociales del Ministerio de Cultura:  facebook.com\/MiCulturaRD\/ y youtube.com\/miculturard.<\/span><\/p>\n<p><span class=\"text1noticias\"> <\/span><\/p>\n<p><span class=\"text1noticias\"> <\/span><\/p>\n<p><span class=\"text1noticias\"> <\/span><\/p>\n<p><span class=\"text1noticias\">La 23\u00aa Feria Internacional Virtual del Libro y la Cultura, auspiciada por el Ministerio de Cultura qued\u00f3 inaugurada el jueves 28 de mayo y se extender\u00e1 hasta el domingo 7 de junio.<\/span><\/p>\n<p><span class=\"text1noticias\"> <\/span><\/p>\n<p><span class=\"text1noticias\">Direcci\u00f3n de Comunicaciones<\/span><\/p>\n<p><span class=\"text1noticias\">Ministerio de Cultura de la Re<\/span>p\u00fablica Dominicana<\/p>\n<h6> 2020-06-03 12:28:53 <\/h6>\n<p><!--\n<link rel=\"stylesheet\" href=\"css\/bootstrap.min.css\">\n\n\n<ul class=\"pagination\">\n\t    \n\t\n\n<li >\n\t<a href='?page_no=547'>Previous<\/a>\n\t<\/li>\n\n\n       \n    \n\n<li><a href='?page_no=1'>1<\/a><\/li>\n\n\n\n<li><a href='?page_no=2'>2<\/a><\/li>\n\n\n\n<li><a>...<\/a><\/li>\n\n\n\n<li><a href='?page_no=546'>546<\/a><\/li>\n\n\n\n<li><a href='?page_no=547'>547<\/a><\/li>\n\n\n\n<li class='active'><a>548<\/a><\/li>\n\n\n\n<li><a href='?page_no=549'>549<\/a><\/li>\n\n\n\n<li><a href='?page_no=550'>550<\/a><\/li>\n\n\n\n<li><a>...<\/a><\/li>\n\n\n\n<li><a href='?page_no=22911'>22911<\/a><\/li>\n\n\n\n<li><a href='?page_no=22912'>22912<\/a><\/li>\n\n    \n\t\n\n<li >\n\t<a href='?page_no=549'>Next<\/a>\n\t<\/li>\n\n\n    \n\n<li><a href='?page_no=22912'>Last &rsaquo;&rsaquo;<\/a><\/li>\n\n<\/ul>\n\n\n--><br \/>\n<\/body><\/p>\n","protected":false},"excerpt":{"rendered":"<p>diariodominicano.com Santo Domingo, R. D., 3 de junio, 2020.- La 23\u00aa Feria Internacional Virtual del Libro y la Cultura 2020 ofrece, para este mi\u00e9rcoles 3 de junio, un interesante panel, titulado \u00abCambio clim\u00e1tico y sociedad\u00bb, y la clase magistral \u00abAn\u00e1lisis e interpretaci\u00f3n de textos literarios\u00bb, as\u00ed como cuentacuentos para los m\u00e1s peque\u00f1os. El evento virtual [&hellip;]<\/p>\n","protected":false},"author":3,"featured_media":0,"comment_status":"open","ping_status":"open","sticky":false,"template":"","format":"standard","meta":{"footnotes":""},"categories":[21],"tags":[],"class_list":["post-53217","post","type-post","status-publish","format-standard","hentry","category-cultura"],"_links":{"self":[{"href":"https:\/\/diariodominicano.com\/index.php?rest_route=\/wp\/v2\/posts\/53217","targetHints":{"allow":["GET"]}}],"collection":[{"href":"https:\/\/diariodominicano.com\/index.php?rest_route=\/wp\/v2\/posts"}],"about":[{"href":"https:\/\/diariodominicano.com\/index.php?rest_route=\/wp\/v2\/types\/post"}],"author":[{"embeddable":true,"href":"https:\/\/diariodominicano.com\/index.php?rest_route=\/wp\/v2\/users\/3"}],"replies":[{"embeddable":true,"href":"https:\/\/diariodominicano.com\/index.php?rest_route=%2Fwp%2Fv2%2Fcomments&post=53217"}],"version-history":[{"count":0,"href":"https:\/\/diariodominicano.com\/index.php?rest_route=\/wp\/v2\/posts\/53217\/revisions"}],"wp:attachment":[{"href":"https:\/\/diariodominicano.com\/index.php?rest_route=%2Fwp%2Fv2%2Fmedia&parent=53217"}],"wp:term":[{"taxonomy":"category","embeddable":true,"href":"https:\/\/diariodominicano.com\/index.php?rest_route=%2Fwp%2Fv2%2Fcategories&post=53217"},{"taxonomy":"post_tag","embeddable":true,"href":"https:\/\/diariodominicano.com\/index.php?rest_route=%2Fwp%2Fv2%2Ftags&post=53217"}],"curies":[{"name":"wp","href":"https:\/\/api.w.org\/{rel}","templated":true}]}}