{"id":532125,"date":"2024-05-21T09:15:13","date_gmt":"2024-05-21T13:15:13","guid":{"rendered":"https:\/\/diariodominicano.com\/?p=532125"},"modified":"2024-05-21T09:15:19","modified_gmt":"2024-05-21T13:15:19","slug":"condenan-a-15-anos-de-prision-a-un-hombre-que-violo-a-una-nina-de-9-anos-de-edad","status":"publish","type":"post","link":"https:\/\/diariodominicano.com\/?p=532125","title":{"rendered":"Condenan a 15 a\u00f1os de prisi\u00f3n a un hombre que viol\u00f3 a una ni\u00f1a de 9 a\u00f1os de edad"},"content":{"rendered":"\n<p>diariodominicano.com<\/p>\n\n\n\n<p>Santiago, R. D.,\u200221 de mayo, 2024.- En atenci\u00f3n a una solicitud de la Fiscal\u00eda de Santiago, los jueces del Tercer Tribunal Colegiado condenaron a 15 a\u00f1os de prisi\u00f3n a un hombre que viol\u00f3 sexualmente a una menor de 9 a\u00f1os de edad, en un hecho ocurrido en un barrio de esta ciudad.\u00a0<\/p>\n\n\n\n<p>El condenado es Kiben Caristeme, un ciudadano haitiano, a quien, por su cercan\u00eda con la familia de la v\u00edctima, le dejaron a cargo del cuidado de la menor de edad, abusando de la confianza que le fue otorgada. El nombre de la menor fue omitido por razones legales.<\/p>\n\n\n\n<p>Adem\u00e1s de la violaci\u00f3n sexual que sufri\u00f3 en varias ocasiones, la menor de edad tambi\u00e9n fue amenazada de muerte por parte del acusado, quien le advert\u00eda que no deb\u00eda revelar a nadie lo ocurrido.&nbsp;<\/p>\n\n\n\n<p>En su intenci\u00f3n por clamar auxilio, la ni\u00f1a le confes\u00f3 lo ocurrido a una vecina, luego de que esta se acercara a la casa al escuchar sus gritos pidiendo auxilio. Una vez la mujer lo informa a la madre de la menor, esta, junto al padrastro de la v\u00edctima, lo ponen en conocimiento de las autoridades.&nbsp;<\/p>\n\n\n\n<p>La Unidad de Atenci\u00f3n Integral a V\u00edctimas de Violencia de G\u00e9nero, Intrafamiliar y Delitos Sexuales de la Fiscal\u00eda de Santiago, inici\u00f3 la investigaci\u00f3n de los hechos en tanto se realizaban evaluaciones para determinar el estado de salud f\u00edsica y emocional de la menor de edad.<\/p>\n\n\n\n<p>En los elementos probatorios presentados al tribunal por la fiscal litigante, Aida Gonell Medrano, reposan los informes emitidos por el Instituto Nacional de Ciencias Forenses (Inacif), incluyendo el reconocimiento m\u00e9dico n\u00famero 360-2023, en el que certifica las afectaciones como resultado de la violaci\u00f3n sexual en perjuicio de la ni\u00f1a.&nbsp;<\/p>\n\n\n\n<p>El testimonio de la v\u00edctima, presentado por medio del Centro de Entrevistas para Personas en Condici\u00f3n de Vulnerabilidad, V\u00edctimas o Testigos, corrobor\u00f3 que sufri\u00f3 varias veces violaci\u00f3n sexual y amenazas de muerte.&nbsp;<\/p>\n\n\n\n<p>La condena, por decisi\u00f3n un\u00e1nime de las juezas Ingrid Liberato, Deyanira M\u00e9ndez y Kimberly Tatis, se impone por la violaci\u00f3n a los art\u00edculos 309-1, 331 del C\u00f3digo Penal Dominicano, as\u00ed como por la violaci\u00f3n al art\u00edculo 396, literales B y C, de la Ley 136-03 que crea el C\u00f3digo para la Protecci\u00f3n y los Derechos Fundamentales de Ni\u00f1os, Ni\u00f1as y Adolescentes, que castigan la violaci\u00f3n sexual en perjuicio de una menor de edad.<\/p>\n\n\n\n<p><strong>Direcci\u00f3n General de Comunicaci\u00f3n, Prensa, y RRPP<\/strong><strong><\/strong><\/p>\n\n\n\n<p>Ministerio P\u00fablico. R.D.<\/p>\n\n\n\n<p>Martes, 21 de mayo de 2024.<\/p>\n","protected":false},"excerpt":{"rendered":"<p>diariodominicano.com Santiago, R. D.,\u200221 de mayo, 2024.- En atenci\u00f3n a una solicitud de la Fiscal\u00eda de Santiago, los jueces del Tercer Tribunal Colegiado condenaron a 15 a\u00f1os de prisi\u00f3n a un hombre que viol\u00f3 sexualmente a una menor de 9 a\u00f1os de edad, en un hecho ocurrido en un barrio de esta ciudad.\u00a0 El condenado [&hellip;]<\/p>\n","protected":false},"author":5,"featured_media":469415,"comment_status":"closed","ping_status":"closed","sticky":true,"template":"","format":"standard","meta":{"footnotes":""},"categories":[24,27],"tags":[],"class_list":["post-532125","post","type-post","status-publish","format-standard","has-post-thumbnail","hentry","category-justicia-y-derecho","category-portada"],"_links":{"self":[{"href":"https:\/\/diariodominicano.com\/index.php?rest_route=\/wp\/v2\/posts\/532125","targetHints":{"allow":["GET"]}}],"collection":[{"href":"https:\/\/diariodominicano.com\/index.php?rest_route=\/wp\/v2\/posts"}],"about":[{"href":"https:\/\/diariodominicano.com\/index.php?rest_route=\/wp\/v2\/types\/post"}],"author":[{"embeddable":true,"href":"https:\/\/diariodominicano.com\/index.php?rest_route=\/wp\/v2\/users\/5"}],"replies":[{"embeddable":true,"href":"https:\/\/diariodominicano.com\/index.php?rest_route=%2Fwp%2Fv2%2Fcomments&post=532125"}],"version-history":[{"count":1,"href":"https:\/\/diariodominicano.com\/index.php?rest_route=\/wp\/v2\/posts\/532125\/revisions"}],"predecessor-version":[{"id":532129,"href":"https:\/\/diariodominicano.com\/index.php?rest_route=\/wp\/v2\/posts\/532125\/revisions\/532129"}],"wp:featuredmedia":[{"embeddable":true,"href":"https:\/\/diariodominicano.com\/index.php?rest_route=\/wp\/v2\/media\/469415"}],"wp:attachment":[{"href":"https:\/\/diariodominicano.com\/index.php?rest_route=%2Fwp%2Fv2%2Fmedia&parent=532125"}],"wp:term":[{"taxonomy":"category","embeddable":true,"href":"https:\/\/diariodominicano.com\/index.php?rest_route=%2Fwp%2Fv2%2Fcategories&post=532125"},{"taxonomy":"post_tag","embeddable":true,"href":"https:\/\/diariodominicano.com\/index.php?rest_route=%2Fwp%2Fv2%2Ftags&post=532125"}],"curies":[{"name":"wp","href":"https:\/\/api.w.org\/{rel}","templated":true}]}}