{"id":532106,"date":"2024-05-21T01:36:44","date_gmt":"2024-05-21T05:36:44","guid":{"rendered":"https:\/\/diariodominicano.com\/?p=532106"},"modified":"2024-05-21T01:36:49","modified_gmt":"2024-05-21T05:36:49","slug":"corte-penal-internacional-anuncia-ordenes-de-arresto-contra-lideres-de-israel-y-hamas","status":"publish","type":"post","link":"https:\/\/diariodominicano.com\/?p=532106","title":{"rendered":"Corte Penal Internacional anuncia \u00f3rdenes de arresto contra l\u00edderes de Israel y Ham\u00e1s"},"content":{"rendered":"\n<p>mayo 20, 2024<\/p>\n\n\n\n<ul class=\"wp-block-list\">\n<li><a href=\"https:\/\/www.vozdeamerica.com\/author\/voz-de-america-redaccion\/p_kym\">Voz de Am\u00e9rica &#8211; Redacci\u00f3n<\/a><\/li>\n<\/ul>\n\n\n\n<hr class=\"wp-block-separator has-alpha-channel-opacity\"\/>\n\n\n\n<figure class=\"wp-block-image\"><img decoding=\"async\" src=\"https:\/\/gdb.voanews.com\/392b1b9e-c3b0-4637-a1e5-64c8fbc411a3_w1023_r1_s.jpg\" alt=\"ARCHIVO - El primer ministro de Israel, Benjamin Netanyahu, asiste a ceremonia oficial el 13 de junio de 2021.\"\/><figcaption class=\"wp-element-caption\">ARCHIVO &#8211; El primer ministro de Israel, Benjamin Netanyahu, asiste a ceremonia oficial el 13 de junio de 2021.<\/figcaption><\/figure>\n\n\n\n<p><a href=\"https:\/\/www.vozdeamerica.com\/a\/fiscal-corte-penal-internacional-pide-ordenes-arresto-contra-lideres-israel-hamas\/7619154.html#comments\">&nbsp;Vea comentarios<\/a><\/p>\n\n\n\n<p>&nbsp;Print<\/p>\n\n\n\n<p>El fiscal jefe de la Corte Penal Internacional pidi\u00f3 el arresto de l\u00edderes de Ham\u00e1s e Israel, entre ellos el primer ministro israel\u00ed, Benjam\u00edn Netanyahu, acusados de cr\u00edmenes de guerra y contra la humanidad. El presidente de EEUU, Joe Biden, calific\u00f3 de \u00abescandalosa\u00bb la decisi\u00f3n contra Netanyahu.<\/p>\n\n\n\n<p>El fiscal jefe de la Corte Penal Internacional (CPI), Karim Khan, anunci\u00f3 el lunes que pedir\u00eda \u00f3rdenes de arresto para los l\u00edderes de Israel y Ham\u00e1s, incluido el primer ministro de Israel, Benjam\u00edn Netanyahu, una decisi\u00f3n que ha provocado reacciones a favor y en contra entre la comunidad internacional.<\/p>\n\n\n\n<p>Durante el anuncio, Khan dijo que cree que Netanyahu, su ministro de Defensa, Yoav Gallant, y tres l\u00edderes de Ham\u00e1s son responsables de cr\u00edmenes de guerra y contra la humanidad en la Franja de Gaza e Israel.<\/p>\n\n\n\n<p>En un comunicado, el fiscal insisti\u00f3 que \u201clos efectos del uso del hambre como m\u00e9todo de guerra, junto con otros ataques y castigos colectivos contra la poblaci\u00f3n civil de Gaza, son agudos, visibles y ampliamente conocidos\u00bb, en referencia a las acciones militares del gobierno israel\u00ed para eliminar a Ham\u00e1s.<\/p>\n\n\n\n<p>Sobre los ataques sorpresa del 7 de octubre por Ham\u00e1s, Khan advirti\u00f3 que fueron realizados \u00abpara infligir un dolor insondable mediante una crueldad calculada y una insensibilidad extrema. Estos actos exigen responsabilidad\u201d, remarc\u00f3.<\/p>\n\n\n\n<p><a href=\"https:\/\/www.vozdeamerica.com\/a\/autoridades-israelies-expresan-su-preocupacion-por-posibles-ordenes-de-arresto-internacional\/7589158.html\"><\/a><\/p>\n\n\n\n<p><a href=\"https:\/\/www.vozdeamerica.com\/a\/autoridades-israelies-expresan-su-preocupacion-por-posibles-ordenes-de-arresto-internacional\/7589158.html\">TAMBI\u00c9N LEA<\/a><\/p>\n\n\n\n<h4 class=\"wp-block-heading\"><a href=\"https:\/\/www.vozdeamerica.com\/a\/autoridades-israelies-expresan-su-preocupacion-por-posibles-ordenes-de-arresto-internacional\/7589158.html\">Autoridades israel\u00edes expresan su preocupaci\u00f3n por posibles \u00f3rdenes de arresto internacional contra sus l\u00edderes<\/a><\/h4>\n\n\n\n<p>El fiscal debe solicitar las \u00f3rdenes a un panel previo al juicio compuesto por tres jueces, quienes primero examinar\u00e1n las pruebas antes de decidir si siguen adelante con las \u00f3rdenes de arresto.<\/p>\n\n\n\n<h2 class=\"wp-block-heading\">Solidaridad con Israel<\/h2>\n\n\n\n<p>Las reacciones a la decisi\u00f3n de la CPI no se hicieron esperar, tanto a favor como en contra.<\/p>\n\n\n\n<p>El presidente israel\u00ed, Isaac Herzog, calific\u00f3 el anuncio como \u00abm\u00e1s que escandaloso y muestra hasta qu\u00e9 punto el sistema judicial internacional est\u00e1 en peligro de colapsar\u00bb.<\/p>\n\n\n\n<p>Herzog rechaz\u00f3 en X \u00abcualquier intento de establecer paralelismos entre estos terroristas atroces y un gobierno de Israel elegido democr\u00e1ticamente, que trabaja para cumplir con su deber de defender y proteger a sus ciudadanos enteramente en apego a los principios del derecho internacional, es escandaloso y no puede ser aceptado por nadie\u201d.<\/p>\n\n\n\n<p><a href=\"https:\/\/www.vozdeamerica.com\/a\/maximo-tribunal-onu-solicitud-nicaragua-para-que-alemania-detenga-ayuda-israel\/7591537.html\"><\/a><\/p>\n\n\n\n<p><a href=\"https:\/\/www.vozdeamerica.com\/a\/maximo-tribunal-onu-solicitud-nicaragua-para-que-alemania-detenga-ayuda-israel\/7591537.html\">TAMBI\u00c9N LEA<\/a><\/p>\n\n\n\n<h4 class=\"wp-block-heading\"><a href=\"https:\/\/www.vozdeamerica.com\/a\/maximo-tribunal-onu-solicitud-nicaragua-para-que-alemania-detenga-ayuda-israel\/7591537.html\">M\u00e1ximo tribunal de la ONU rechaza petici\u00f3n de Nicaragua de ordenar a Alemania suspender ayuda a Israel<\/a><\/h4>\n\n\n\n<p>El presidente de Estados Unidos, Joe Biden, tambi\u00e9n se mostr\u00f3 indignado y sali\u00f3 a la defensa de su aliado Israel. \u00abLa solicitud del fiscal de la CPI de \u00f3rdenes de arresto contra l\u00edderes israel\u00edes es escandalosa\u201d, dijo Biden en una breve declaraci\u00f3n publicada por la Casa Blanca.<\/p>\n\n\n\n<p>El mandatario estadounidense dej\u00f3 en claro su inconformidad con el anuncio de la Corte Penal Internacional al considerar que \u201cno hay equivalencia \u2013ninguna\u2013 entre Israel y Ham\u00e1s\u00bb, una posici\u00f3n compartida por su secretario de Estado, Antony Blinken.<\/p>\n\n\n\n<p>\u00abSiempre estaremos junto a Israel contra las amenazas a su seguridad\u201d, zanj\u00f3 Biden, que anteriormente ha mostrado su desacuerdo con las t\u00e1cticas de guerra israel\u00edes en Gaza.<\/p>\n\n\n\n<p>En una publicaci\u00f3n en la plataforma de redes sociales X, el senador estadounidense Lindsay Graham tambi\u00e9n conden\u00f3 la decisi\u00f3n de la CPI. \u00abEl Estado de Israel est\u00e1 librando una de las guerras justas libradas en la historia moderna tras una masacre reprensible perpetrada por el terrorista Hamas el 7 de octubre\u00bb, dijo.<\/p>\n\n\n\n<p>\u00abLa posici\u00f3n del fiscal de solicitar \u00f3rdenes de arresto es en s\u00ed misma un crimen de proporciones hist\u00f3ricas que ser\u00e1 recordado por generaciones\u00bb.<\/p>\n\n\n\n<p><a href=\"https:\/\/www.vozdeamerica.com\/a\/ayuda-militar-de-eeuu-a-israel-bajo-escrutinio\/7583747.html\"><\/a><\/p>\n\n\n\n<p><a href=\"https:\/\/www.vozdeamerica.com\/a\/ayuda-militar-de-eeuu-a-israel-bajo-escrutinio\/7583747.html\">TAMBI\u00c9N LEA<\/a><\/p>\n\n\n\n<h4 class=\"wp-block-heading\"><a href=\"https:\/\/www.vozdeamerica.com\/a\/ayuda-militar-de-eeuu-a-israel-bajo-escrutinio\/7583747.html\">Ayuda militar de EEUU a Israel bajo escrutinio ahora que Biden firm\u00f3 asistencia multimillonaria<\/a><\/h4>\n\n\n\n<p>A EEUU se unieron representantes del Reino Unido y Rep\u00fablica Checa, quienes advirtieron que acusar por igual a Israel y Ham\u00e1s \u00abes completamente inaceptable\u00bb y \u00abno ayuda a lograr una pausa en los combates, sacar a los rehenes o hacer llegar ayuda humanitaria\u00bb.<\/p>\n\n\n\n<p>Mientras, por otro lado, la oeneg\u00e9 Human Rights Watch, afirm\u00f3 que \u00abeste primer paso basado en principios del fiscal abre la puerta a que los responsables de las atrocidades cometidas en los \u00faltimos meses respondan por sus acciones en un juicio justo\u00bb.<\/p>\n\n\n\n<h3 class=\"wp-block-heading\">Ham\u00e1s inconforme<\/h3>\n\n\n\n<p>Adem\u00e1s de se\u00f1alar a l\u00edderes israel\u00edes, el fiscal jefe de la CPI Khan responsabiliz\u00f3 al jefe de Ham\u00e1s en Gaza, Yahya Sinwar, el comandante del ala militar del grupo, Mohammed Diab Ibrahim al-Masri, y al responsable del subbur\u00f3 pol\u00edtico, Ismail Haniyeh.<\/p>\n\n\n\n<p>En respuesta, el grupo islamista &#8211; designado por EEUU, el Reino Unido y otros pa\u00edses como organizaci\u00f3n militante terrorista- denunci\u00f3 la decisi\u00f3n del fiscal de la CPI y acus\u00f3 al fiscal de la CPI, Karim Khan, de intentar \u201cequiparar a la v\u00edctima con el verdugo\u201d.<\/p>\n\n\n\n<p>En una declaraci\u00f3n del lunes, el grupo refiri\u00f3 que tiene derecho a resistir la ocupaci\u00f3n israel\u00ed, incluida la \u201cresistencia armada\u201d.<\/p>\n\n\n\n<p><a href=\"https:\/\/www.vozdeamerica.com\/a\/biden-dice-a-graduados-que-escucha-sus-protestas-contra-la-guerra-en-gaza\/7618431.html\"><\/a><\/p>\n\n\n\n<p><a href=\"https:\/\/www.vozdeamerica.com\/a\/biden-dice-a-graduados-que-escucha-sus-protestas-contra-la-guerra-en-gaza\/7618431.html\">TAMBI\u00c9N LEA<\/a><\/p>\n\n\n\n<h4 class=\"wp-block-heading\"><a href=\"https:\/\/www.vozdeamerica.com\/a\/biden-dice-a-graduados-que-escucha-sus-protestas-contra-la-guerra-en-gaza\/7618431.html\">Biden dice a graduados que \u201cescucha\u201d sus protestas contra la guerra en Gaza<\/a><\/h4>\n\n\n\n<p>Israel no es miembro de la CPI, e incluso si se emiten las \u00f3rdenes de arresto, Netanyahu y Gallant no enfrentan ning\u00fan riesgo inmediato de procesamiento. Pero el anuncio de Khan aumenta el aislamiento de Israel a medida que avanza su guerra, y la amenaza de arresto podr\u00eda dificultar que los l\u00edderes israel\u00edes viajen al extranjero.<\/p>\n\n\n\n<p>La guerra de Israel en Gaza fue desencadenada por el ataque terrorista de Ham\u00e1s contra Israel en octubre, que mat\u00f3 a 1.200 personas y condujo a la captura de unos 250 rehenes, seg\u00fan funcionarios israel\u00edes.<\/p>\n\n\n\n<p>La posterior contraofensiva de Israel en Gaza ha matado a m\u00e1s de 35.400 palestinos, seg\u00fan datos del Ministerio de Salud de Gaza dirigido por Ham\u00e1s, que incluye civiles y combatientes en su recuento, pero asegura que la mayor\u00eda de los muertos son mujeres y ni\u00f1os.<\/p>\n\n\n\n<p>Israel dice que ha matado a m\u00e1s de 14.000 militantes y alrededor de 16.000 civiles.<\/p>\n\n\n\n<h3 class=\"wp-block-heading\">EEUU en conversaciones<\/h3>\n\n\n\n<p>Mientras tanto, Gallant dijo el lunes que Israel est\u00e1 comprometido a ampliar sus operaciones terrestres en la ciudad de Rafah, en el sur de Gaza; esto, cuando se reuni\u00f3 con el asesor de Seguridad Nacional de la Casa Blanca, Jake Sullivan.<\/p>\n\n\n\n<figure class=\"wp-block-image\"><img decoding=\"async\" src=\"https:\/\/gdb.voanews.com\/01000000-0aff-0242-5f5c-08dc76bb4178_tv_w650_r1.jpg\" alt=\"Israel halla cuerpos de tres rehenes en Gaza\" title=\"Israel halla cuerpos de tres rehenes en Gaza\"\/><\/figure>\n\n\n\n<p><video poster=\"https:\/\/gdb.voanews.com\/01000000-0aff-0242-5f5c-08dc76bb4178_tv_w650_r1.jpg\" src=\"blob:https:\/\/www.vozdeamerica.com\/c8c8dd17-2639-466a-a76d-2b2511e1ef5d\"><\/video><\/p>\n\n\n\n<h5 class=\"wp-block-heading\"><a href=\"https:\/\/www.vozdeamerica.com\/a\/fiscal-corte-penal-internacional-pide-ordenes-arresto-contra-lideres-israel-hamas\/7616886.html\" target=\"_blank\" rel=\"noreferrer noopener\">Israel halla cuerpos de tres rehenes en Gaza<\/a><\/h5>\n\n\n\n<p>El c\u00f3digo se ha copiado en su portapapeles.<\/p>\n\n\n\n<hr class=\"wp-block-separator has-alpha-channel-opacity\"\/>\n\n\n\n<p>Ancho&nbsp;&nbsp;pxAltura&nbsp;&nbsp;px<\/p>\n\n\n\n<ul class=\"wp-block-list\">\n<li><a href=\"https:\/\/facebook.com\/sharer.php?u=https%3a%2f%2fwww.vozdeamerica.com%2fa%2f7616886.html\" target=\"_blank\" rel=\"noreferrer noopener\">Comparta en Facebook<\/a><\/li>\n\n\n\n<li><a href=\"https:\/\/twitter.com\/share?url=https%3a%2f%2fwww.vozdeamerica.com%2fa%2f7616886.html&amp;text=Israel+halla+cuerpos+de+tres+rehenes+en+Gaza\" target=\"_blank\" rel=\"noreferrer noopener\">Comparta en Twitter<\/a><\/li>\n<\/ul>\n\n\n\n<p><a href=\"https:\/\/www.vozdeamerica.com\/embed\/player\/Article\/7616886.html?type=video&amp;FullScreenMode=True\" target=\"_blank\" rel=\"noreferrer noopener\"><\/a><\/p>\n\n\n\n<p>&nbsp;Descargar&nbsp;<\/p>\n\n\n\n<p>Gallant dijo en un comunicado que le coment\u00f3 a Sullivan que el esfuerzo en Rafah ten\u00eda como objetivo desmantelar al grupo militante Ham\u00e1s y asegurar el regreso de los rehenes que a\u00fan se encuentran detenidos en Gaza.<\/p>\n\n\n\n<p>Adem\u00e1s, dijo que \u00e9l y Sullivan discutieron formas de fortalecer la posici\u00f3n de Israel en el Medio Oriente.<\/p>\n\n\n\n<p>Sullivan se reuni\u00f3 el domingo con Netanyahu para discutir una operaci\u00f3n militar israel\u00ed m\u00e1s espec\u00edfica contra Ham\u00e1s en Gaza que reducir\u00eda los riesgos de da\u00f1os colaterales a civiles.<\/p>\n\n\n\n<p>El funcionario estadounidense reiter\u00f3 la \u201cposici\u00f3n de larga data del presidente Joe Biden sobre Rafah\u201d, dijo la Casa Blanca, refiri\u00e9ndose a los llamados de Biden para evitar una gran ofensiva en Rafah debido al temor de un desastre humanitario.<\/p>\n\n\n\n<p>Netanyahu ha prometido no cejar en la lucha contra Ham\u00e1s hasta que el grupo islamista sea derrotado y todos los rehenes restantes sean llevados a casa.<\/p>\n\n\n\n<p>Sin embargo, su gabinete enfrenta una divisi\u00f3n interna sobre el plan de gobernanza de Gaza en la posguerra.<\/p>\n\n\n\n<p>Benny Gantz, uno de los ministros de su Gabinete de Guerra, amenaz\u00f3 el s\u00e1bado con abandonar la coalici\u00f3n gobernante, a menos que Netanyahu apruebe un \u00abplan de acci\u00f3n\u00bb de posguerra antes del 8 de junio.<\/p>\n\n\n\n<p><em>[Con informaci\u00f3n de Reuters,&nbsp;<\/em>Agence France-Presse y<em>&nbsp;The Associated Press]<\/em><\/p>\n","protected":false},"excerpt":{"rendered":"<p>mayo 20, 2024 &nbsp;Vea comentarios &nbsp;Print El fiscal jefe de la Corte Penal Internacional pidi\u00f3 el arresto de l\u00edderes de Ham\u00e1s e Israel, entre ellos el primer ministro israel\u00ed, Benjam\u00edn Netanyahu, acusados de cr\u00edmenes de guerra y contra la humanidad. El presidente de EEUU, Joe Biden, calific\u00f3 de \u00abescandalosa\u00bb la decisi\u00f3n contra Netanyahu. El fiscal [&hellip;]<\/p>\n","protected":false},"author":28,"featured_media":0,"comment_status":"closed","ping_status":"closed","sticky":false,"template":"","format":"standard","meta":{"footnotes":""},"categories":[23,24],"tags":[],"class_list":["post-532106","post","type-post","status-publish","format-standard","hentry","category-internacional","category-justicia-y-derecho"],"_links":{"self":[{"href":"https:\/\/diariodominicano.com\/index.php?rest_route=\/wp\/v2\/posts\/532106","targetHints":{"allow":["GET"]}}],"collection":[{"href":"https:\/\/diariodominicano.com\/index.php?rest_route=\/wp\/v2\/posts"}],"about":[{"href":"https:\/\/diariodominicano.com\/index.php?rest_route=\/wp\/v2\/types\/post"}],"author":[{"embeddable":true,"href":"https:\/\/diariodominicano.com\/index.php?rest_route=\/wp\/v2\/users\/28"}],"replies":[{"embeddable":true,"href":"https:\/\/diariodominicano.com\/index.php?rest_route=%2Fwp%2Fv2%2Fcomments&post=532106"}],"version-history":[{"count":1,"href":"https:\/\/diariodominicano.com\/index.php?rest_route=\/wp\/v2\/posts\/532106\/revisions"}],"predecessor-version":[{"id":532107,"href":"https:\/\/diariodominicano.com\/index.php?rest_route=\/wp\/v2\/posts\/532106\/revisions\/532107"}],"wp:attachment":[{"href":"https:\/\/diariodominicano.com\/index.php?rest_route=%2Fwp%2Fv2%2Fmedia&parent=532106"}],"wp:term":[{"taxonomy":"category","embeddable":true,"href":"https:\/\/diariodominicano.com\/index.php?rest_route=%2Fwp%2Fv2%2Fcategories&post=532106"},{"taxonomy":"post_tag","embeddable":true,"href":"https:\/\/diariodominicano.com\/index.php?rest_route=%2Fwp%2Fv2%2Ftags&post=532106"}],"curies":[{"name":"wp","href":"https:\/\/api.w.org\/{rel}","templated":true}]}}