{"id":531903,"date":"2024-05-20T18:27:50","date_gmt":"2024-05-20T22:27:50","guid":{"rendered":"https:\/\/diariodominicano.com\/?p=531903"},"modified":"2024-05-20T18:28:26","modified_gmt":"2024-05-20T22:28:26","slug":"dra-amny-acosta-then-apertura-centro-de-obesidad-y-especialidades-en-santo-domingo","status":"publish","type":"post","link":"https:\/\/diariodominicano.com\/?p=531903","title":{"rendered":"Dra.\u00a0Amny\u00a0Acosta Then\u00a0apertura centro\u00a0de obesidad y especialidades en Santo Domingo"},"content":{"rendered":"\n<p><strong>\u201cEsta historia comenz\u00f3 con el sue\u00f1o de una ni\u00f1a con sobrepeso que deseaba ser m\u00e1s feliz, m\u00e1s esbelta, de una ni\u00f1a que trabaj\u00f3 para perder peso en la adolescencia y se volvi\u00f3&nbsp;<\/strong><strong>m<\/strong><strong>\u00e9dico para ayudar a los dem\u00e1s a cumplir ese sue\u00f1<\/strong><strong>o<\/strong><strong>\u201d&nbsp;<\/strong><strong>Dra. Amny Acosta Then.<\/strong><\/p>\n\n\n\n<p>Santo Domingo&nbsp;\u2013 La endoscopista bariatrica Dra. Amny Acosta Then apertur\u00f3 las nuevas instalaciones de su centro de atenci\u00f3n m\u00e9dica Salutte Clinic en Santo Domingo, una extensi\u00f3n de los servicios de salud m\u00faltiple que ya se ofrecen en la ciudad de Santiago.<\/p>\n\n\n\n<figure class=\"wp-block-gallery has-nested-images columns-default is-cropped wp-block-gallery-1 is-layout-flex wp-block-gallery-is-layout-flex\">\n<figure class=\"wp-block-image size-large\"><img loading=\"lazy\" decoding=\"async\" width=\"682\" height=\"1024\" data-id=\"531910\" src=\"https:\/\/diariodominicano.com\/wp-content\/uploads\/2024\/05\/Nathalie-Gonzalez-y-Miguel-Estevez-682x1024.jpg\" alt=\"\" class=\"wp-image-531910\" srcset=\"https:\/\/diariodominicano.com\/wp-content\/uploads\/2024\/05\/Nathalie-Gonzalez-y-Miguel-Estevez-682x1024.jpg 682w, https:\/\/diariodominicano.com\/wp-content\/uploads\/2024\/05\/Nathalie-Gonzalez-y-Miguel-Estevez-200x300.jpg 200w, https:\/\/diariodominicano.com\/wp-content\/uploads\/2024\/05\/Nathalie-Gonzalez-y-Miguel-Estevez-768x1152.jpg 768w, https:\/\/diariodominicano.com\/wp-content\/uploads\/2024\/05\/Nathalie-Gonzalez-y-Miguel-Estevez-1024x1536.jpg 1024w, https:\/\/diariodominicano.com\/wp-content\/uploads\/2024\/05\/Nathalie-Gonzalez-y-Miguel-Estevez-816x1224.jpg 816w, https:\/\/diariodominicano.com\/wp-content\/uploads\/2024\/05\/Nathalie-Gonzalez-y-Miguel-Estevez.jpg 1333w\" sizes=\"auto, (max-width: 682px) 100vw, 682px\" \/><\/figure>\n\n\n\n<figure class=\"wp-block-image size-large\"><img loading=\"lazy\" decoding=\"async\" width=\"682\" height=\"1024\" data-id=\"531915\" src=\"https:\/\/diariodominicano.com\/wp-content\/uploads\/2024\/05\/Delio-Zorrilla-y-Arisleyda-Contreras-682x1024.jpg\" alt=\"\" class=\"wp-image-531915\" srcset=\"https:\/\/diariodominicano.com\/wp-content\/uploads\/2024\/05\/Delio-Zorrilla-y-Arisleyda-Contreras-682x1024.jpg 682w, https:\/\/diariodominicano.com\/wp-content\/uploads\/2024\/05\/Delio-Zorrilla-y-Arisleyda-Contreras-200x300.jpg 200w, https:\/\/diariodominicano.com\/wp-content\/uploads\/2024\/05\/Delio-Zorrilla-y-Arisleyda-Contreras-768x1152.jpg 768w, https:\/\/diariodominicano.com\/wp-content\/uploads\/2024\/05\/Delio-Zorrilla-y-Arisleyda-Contreras-1024x1536.jpg 1024w, https:\/\/diariodominicano.com\/wp-content\/uploads\/2024\/05\/Delio-Zorrilla-y-Arisleyda-Contreras-816x1224.jpg 816w, https:\/\/diariodominicano.com\/wp-content\/uploads\/2024\/05\/Delio-Zorrilla-y-Arisleyda-Contreras.jpg 1333w\" sizes=\"auto, (max-width: 682px) 100vw, 682px\" \/><\/figure>\n<\/figure>\n\n\n\n<p><strong>\u201cEsto me llena de mucha felicidad, porque es un logro so\u00f1ado, traer Salutte Felicidad a ciudad de Santo Domingo, que todos los que viven en la zona este del pa\u00eds y parte de las provincias cercanas, no tengan que llegar hasta Santiago para recibir atenciones m\u00e9dicas de parte de nuestro equipo, con la apertura de esta nueva sucursal, sumado a las recientes operaciones de Acro Lab, consolidamos un grupo completo de servicio m\u00e9dico de primera\u201d&nbsp;<\/strong>expres\u00f3&nbsp;la Dra. Acosta Then.<\/p>\n\n\n\n<p>Ubicado en el edificio corporativo 2015, piso 7, calle Filomena G\u00f3mez de Cova, del Ensanche Piantini la nueva sucursal de Salutte Clinic ofrece varios consultorios de servicios m\u00e9dicos que van desde consulta\u00a0cirug\u00eda pl\u00e1stica hasta ginecolog\u00eda, cardiolog\u00eda, dermatolog\u00eda,\u00a0nutrici\u00f3n, gastroenterolog\u00eda, otorrinolaringolog\u00edas, psiquiatr\u00eda, neumolog\u00eda, medicina interna y sala de recuperaci\u00f3n ambulatoria.<\/p>\n\n\n\n<figure class=\"wp-block-gallery has-nested-images columns-default is-cropped wp-block-gallery-2 is-layout-flex wp-block-gallery-is-layout-flex\">\n<figure class=\"wp-block-image size-large\"><img loading=\"lazy\" decoding=\"async\" width=\"682\" height=\"1024\" data-id=\"531912\" src=\"https:\/\/diariodominicano.com\/wp-content\/uploads\/2024\/05\/Doctoras-Celine-Ventura-y-Jeanette-Taveras-682x1024.jpg\" alt=\"\" class=\"wp-image-531912\" srcset=\"https:\/\/diariodominicano.com\/wp-content\/uploads\/2024\/05\/Doctoras-Celine-Ventura-y-Jeanette-Taveras-682x1024.jpg 682w, https:\/\/diariodominicano.com\/wp-content\/uploads\/2024\/05\/Doctoras-Celine-Ventura-y-Jeanette-Taveras-200x300.jpg 200w, https:\/\/diariodominicano.com\/wp-content\/uploads\/2024\/05\/Doctoras-Celine-Ventura-y-Jeanette-Taveras-768x1152.jpg 768w, https:\/\/diariodominicano.com\/wp-content\/uploads\/2024\/05\/Doctoras-Celine-Ventura-y-Jeanette-Taveras-1024x1536.jpg 1024w, https:\/\/diariodominicano.com\/wp-content\/uploads\/2024\/05\/Doctoras-Celine-Ventura-y-Jeanette-Taveras-816x1224.jpg 816w, https:\/\/diariodominicano.com\/wp-content\/uploads\/2024\/05\/Doctoras-Celine-Ventura-y-Jeanette-Taveras.jpg 1333w\" sizes=\"auto, (max-width: 682px) 100vw, 682px\" \/><\/figure>\n\n\n\n<figure class=\"wp-block-image size-large\"><img loading=\"lazy\" decoding=\"async\" width=\"682\" height=\"1024\" data-id=\"531916\" src=\"https:\/\/diariodominicano.com\/wp-content\/uploads\/2024\/05\/Amny-Acosta-Then-682x1024.jpg\" alt=\"\" class=\"wp-image-531916\" srcset=\"https:\/\/diariodominicano.com\/wp-content\/uploads\/2024\/05\/Amny-Acosta-Then-682x1024.jpg 682w, https:\/\/diariodominicano.com\/wp-content\/uploads\/2024\/05\/Amny-Acosta-Then-200x300.jpg 200w, https:\/\/diariodominicano.com\/wp-content\/uploads\/2024\/05\/Amny-Acosta-Then-768x1152.jpg 768w, https:\/\/diariodominicano.com\/wp-content\/uploads\/2024\/05\/Amny-Acosta-Then-1024x1536.jpg 1024w, https:\/\/diariodominicano.com\/wp-content\/uploads\/2024\/05\/Amny-Acosta-Then-816x1224.jpg 816w, https:\/\/diariodominicano.com\/wp-content\/uploads\/2024\/05\/Amny-Acosta-Then.jpg 1333w\" sizes=\"auto, (max-width: 682px) 100vw, 682px\" \/><\/figure>\n<\/figure>\n\n\n\n<p>De igual forma&nbsp;una moderna unidad de endoscopias digestivas altas y bajas con tecnolog\u00eda de \u00faltimo nivel incluyendo el primer estudio Fitness 3D en un centro de salud para evaluaci\u00f3n de composici\u00f3n corporal tridimensional.<\/p>\n\n\n\n<p>La doctora Acosta Then agradeci\u00f3 el apoyo y la colaboraci\u00f3n de los m\u00e1s de 5 mil casos Salutte felices, de pacientes que han logrado llegar a tener el peso feliz y saludable gracias a los diferentes servicios que desde hace m\u00e1s de 7 a\u00f1os la doctora est\u00e1\u00a0implementando.<\/p>\n\n\n\n<figure class=\"wp-block-gallery has-nested-images columns-default is-cropped wp-block-gallery-3 is-layout-flex wp-block-gallery-is-layout-flex\">\n<figure class=\"wp-block-image size-large\"><img loading=\"lazy\" decoding=\"async\" width=\"1024\" height=\"682\" data-id=\"531917\" src=\"https:\/\/diariodominicano.com\/wp-content\/uploads\/2024\/05\/Dra.-Amny-Acosta-Then-apertura-centro-de-obesidad-y-especialidades-en-Santo-Domingo-1024x682.jpg\" alt=\"\" class=\"wp-image-531917\" srcset=\"https:\/\/diariodominicano.com\/wp-content\/uploads\/2024\/05\/Dra.-Amny-Acosta-Then-apertura-centro-de-obesidad-y-especialidades-en-Santo-Domingo-1024x682.jpg 1024w, https:\/\/diariodominicano.com\/wp-content\/uploads\/2024\/05\/Dra.-Amny-Acosta-Then-apertura-centro-de-obesidad-y-especialidades-en-Santo-Domingo-300x200.jpg 300w, https:\/\/diariodominicano.com\/wp-content\/uploads\/2024\/05\/Dra.-Amny-Acosta-Then-apertura-centro-de-obesidad-y-especialidades-en-Santo-Domingo-768x512.jpg 768w, https:\/\/diariodominicano.com\/wp-content\/uploads\/2024\/05\/Dra.-Amny-Acosta-Then-apertura-centro-de-obesidad-y-especialidades-en-Santo-Domingo-1536x1024.jpg 1536w, https:\/\/diariodominicano.com\/wp-content\/uploads\/2024\/05\/Dra.-Amny-Acosta-Then-apertura-centro-de-obesidad-y-especialidades-en-Santo-Domingo-816x544.jpg 816w, https:\/\/diariodominicano.com\/wp-content\/uploads\/2024\/05\/Dra.-Amny-Acosta-Then-apertura-centro-de-obesidad-y-especialidades-en-Santo-Domingo.jpg 2000w\" sizes=\"auto, (max-width: 1024px) 100vw, 1024px\" \/><\/figure>\n<\/figure>\n\n\n\n<p><strong>\u201cEsta historia comenz\u00f3 con el sue\u00f1o de una ni\u00f1a en sobrepeso que deseaba ser m\u00e1s feliz, m\u00e1s esbelta, de una ni\u00f1a que trabaj\u00f3 para perder peso en la adolescencia y se volvi\u00f3&nbsp;<\/strong><strong>m<\/strong><strong>\u00e9dico para ayudar a los dem\u00e1s a cumplir ese sue\u00f1o, y una m\u00e9dica que comenz\u00f3 hace m\u00e1<\/strong><strong>s de 7 a<\/strong><strong>\u00f1<\/strong><strong>os a&nbsp;<\/strong><strong>pionera en el programa&nbsp;<\/strong><strong>bal<\/strong><strong>\u00f3<\/strong><strong>n g<\/strong><strong>\u00e1<\/strong><strong>strico<\/strong><strong>&nbsp;con seguimiento multidisciplinario , pero que hoy innovamos hasta llegar a la manga g\u00e1strica por endoscopia, m\u00e1<\/strong><strong>s un amplio cat<\/strong><strong>\u00e1<\/strong><strong>logo de&nbsp;<\/strong><strong>22 formas que ayudan a todos los que pisan Salutte Clinic a irse felices\u201d<\/strong>&nbsp;destaco Amny.<\/p>\n\n\n\n<figure class=\"wp-block-gallery has-nested-images columns-default is-cropped wp-block-gallery-4 is-layout-flex wp-block-gallery-is-layout-flex\">\n<figure class=\"wp-block-image size-large\"><img loading=\"lazy\" decoding=\"async\" width=\"682\" height=\"1024\" data-id=\"531918\" src=\"https:\/\/diariodominicano.com\/wp-content\/uploads\/2024\/05\/Carolina-Morales-682x1024.jpg\" alt=\"\" class=\"wp-image-531918\" srcset=\"https:\/\/diariodominicano.com\/wp-content\/uploads\/2024\/05\/Carolina-Morales-682x1024.jpg 682w, https:\/\/diariodominicano.com\/wp-content\/uploads\/2024\/05\/Carolina-Morales-200x300.jpg 200w, https:\/\/diariodominicano.com\/wp-content\/uploads\/2024\/05\/Carolina-Morales-768x1152.jpg 768w, https:\/\/diariodominicano.com\/wp-content\/uploads\/2024\/05\/Carolina-Morales-1024x1536.jpg 1024w, https:\/\/diariodominicano.com\/wp-content\/uploads\/2024\/05\/Carolina-Morales-816x1224.jpg 816w, https:\/\/diariodominicano.com\/wp-content\/uploads\/2024\/05\/Carolina-Morales.jpg 1333w\" sizes=\"auto, (max-width: 682px) 100vw, 682px\" \/><\/figure>\n\n\n\n<figure class=\"wp-block-image size-large\"><img loading=\"lazy\" decoding=\"async\" width=\"1024\" height=\"682\" data-id=\"531914\" src=\"https:\/\/diariodominicano.com\/wp-content\/uploads\/2024\/05\/Doctores-Erika-Garcia-y-Carlin-Lopez-1024x682.jpg\" alt=\"\" class=\"wp-image-531914\" srcset=\"https:\/\/diariodominicano.com\/wp-content\/uploads\/2024\/05\/Doctores-Erika-Garcia-y-Carlin-Lopez-1024x682.jpg 1024w, https:\/\/diariodominicano.com\/wp-content\/uploads\/2024\/05\/Doctores-Erika-Garcia-y-Carlin-Lopez-300x200.jpg 300w, https:\/\/diariodominicano.com\/wp-content\/uploads\/2024\/05\/Doctores-Erika-Garcia-y-Carlin-Lopez-768x512.jpg 768w, https:\/\/diariodominicano.com\/wp-content\/uploads\/2024\/05\/Doctores-Erika-Garcia-y-Carlin-Lopez-1536x1024.jpg 1536w, https:\/\/diariodominicano.com\/wp-content\/uploads\/2024\/05\/Doctores-Erika-Garcia-y-Carlin-Lopez-816x544.jpg 816w, https:\/\/diariodominicano.com\/wp-content\/uploads\/2024\/05\/Doctores-Erika-Garcia-y-Carlin-Lopez.jpg 2000w\" sizes=\"auto, (max-width: 1024px) 100vw, 1024px\" \/><\/figure>\n<\/figure>\n\n\n\n<p>El evento cont\u00f3 con la presencia de los especialistas que dan servicio en el centro Salutte Clinic tanto de Santiago como de Santo Domingo, pacientes de la doctora, amigos y colaboradores, quienes acompa\u00f1aron a Acosta Then al corte de cinta oficial que da por sentado la apertura de Salutte, luego de ser bendecido por un di\u00e1cono de la iglesia.\u00a0<\/p>\n\n\n\n<figure class=\"wp-block-gallery has-nested-images columns-default is-cropped wp-block-gallery-5 is-layout-flex wp-block-gallery-is-layout-flex\">\n<figure class=\"wp-block-image size-large\"><img loading=\"lazy\" decoding=\"async\" width=\"682\" height=\"1024\" data-id=\"531913\" src=\"https:\/\/diariodominicano.com\/wp-content\/uploads\/2024\/05\/Ana-Then-Charlotte-Rodriguez-Paulette-Rodriguez-Amny-Acosta-Then-y-Rafael-Acosta-1-682x1024.jpg\" alt=\"\" class=\"wp-image-531913\" srcset=\"https:\/\/diariodominicano.com\/wp-content\/uploads\/2024\/05\/Ana-Then-Charlotte-Rodriguez-Paulette-Rodriguez-Amny-Acosta-Then-y-Rafael-Acosta-1-682x1024.jpg 682w, https:\/\/diariodominicano.com\/wp-content\/uploads\/2024\/05\/Ana-Then-Charlotte-Rodriguez-Paulette-Rodriguez-Amny-Acosta-Then-y-Rafael-Acosta-1-200x300.jpg 200w, https:\/\/diariodominicano.com\/wp-content\/uploads\/2024\/05\/Ana-Then-Charlotte-Rodriguez-Paulette-Rodriguez-Amny-Acosta-Then-y-Rafael-Acosta-1-768x1152.jpg 768w, https:\/\/diariodominicano.com\/wp-content\/uploads\/2024\/05\/Ana-Then-Charlotte-Rodriguez-Paulette-Rodriguez-Amny-Acosta-Then-y-Rafael-Acosta-1-1024x1536.jpg 1024w, https:\/\/diariodominicano.com\/wp-content\/uploads\/2024\/05\/Ana-Then-Charlotte-Rodriguez-Paulette-Rodriguez-Amny-Acosta-Then-y-Rafael-Acosta-1-816x1224.jpg 816w, https:\/\/diariodominicano.com\/wp-content\/uploads\/2024\/05\/Ana-Then-Charlotte-Rodriguez-Paulette-Rodriguez-Amny-Acosta-Then-y-Rafael-Acosta-1.jpg 1333w\" sizes=\"auto, (max-width: 682px) 100vw, 682px\" \/><\/figure>\n<\/figure>\n\n\n\n<p>Los procesos endosc\u00f3picos bariatricos seguir\u00e1\u00a0llevado a cabo en Salutte Clinic Santiago de los Caballeros, sin embargo los seguimientos\u00a0m\u00e9dicos y consultas con el equipo Acosta Then , las consultas de salud mental y todo lo que conlleva un cambio de vida Super Salutte Feliz puede ser realizado tanto en Santo Domingo, como en Santiago.<\/p>\n\n\n\n<figure class=\"wp-block-gallery has-nested-images columns-default is-cropped wp-block-gallery-6 is-layout-flex wp-block-gallery-is-layout-flex\">\n<figure class=\"wp-block-image size-large\"><img loading=\"lazy\" decoding=\"async\" width=\"682\" height=\"1024\" data-id=\"531911\" src=\"https:\/\/diariodominicano.com\/wp-content\/uploads\/2024\/05\/Dra.-Angela-Marmolejos-y-Francina-Socias-682x1024.jpg\" alt=\"\" class=\"wp-image-531911\" srcset=\"https:\/\/diariodominicano.com\/wp-content\/uploads\/2024\/05\/Dra.-Angela-Marmolejos-y-Francina-Socias-682x1024.jpg 682w, https:\/\/diariodominicano.com\/wp-content\/uploads\/2024\/05\/Dra.-Angela-Marmolejos-y-Francina-Socias-200x300.jpg 200w, https:\/\/diariodominicano.com\/wp-content\/uploads\/2024\/05\/Dra.-Angela-Marmolejos-y-Francina-Socias-768x1152.jpg 768w, https:\/\/diariodominicano.com\/wp-content\/uploads\/2024\/05\/Dra.-Angela-Marmolejos-y-Francina-Socias-1024x1536.jpg 1024w, https:\/\/diariodominicano.com\/wp-content\/uploads\/2024\/05\/Dra.-Angela-Marmolejos-y-Francina-Socias-816x1224.jpg 816w, https:\/\/diariodominicano.com\/wp-content\/uploads\/2024\/05\/Dra.-Angela-Marmolejos-y-Francina-Socias.jpg 1333w\" sizes=\"auto, (max-width: 682px) 100vw, 682px\" \/><\/figure>\n<\/figure>\n\n\n\n<p>Para mayor informaci\u00f3n las personas pueden acceder al portal&nbsp;<a href=\"http:\/\/www.saluteclinic.do\/\" target=\"_blank\" rel=\"noreferrer noopener\">www.saluteclinic.do<\/a>&nbsp;o igualmente visitar las redes sociales oficiales de la doctora y la cl\u00ednica en Instagram mediante en enlace @dra.acostathen y @salutteclinicrd<\/p>\n","protected":false},"excerpt":{"rendered":"<p>\u201cEsta historia comenz\u00f3 con el sue\u00f1o de una ni\u00f1a con sobrepeso que deseaba ser m\u00e1s feliz, m\u00e1s esbelta, de una ni\u00f1a que trabaj\u00f3 para perder peso en la adolescencia y se volvi\u00f3&nbsp;m\u00e9dico para ayudar a los dem\u00e1s a cumplir ese sue\u00f1o\u201d&nbsp;Dra. Amny Acosta Then. Santo Domingo&nbsp;\u2013 La endoscopista bariatrica Dra. Amny Acosta Then apertur\u00f3 las [&hellip;]<\/p>\n","protected":false},"author":7,"featured_media":531909,"comment_status":"closed","ping_status":"closed","sticky":false,"template":"","format":"standard","meta":{"footnotes":""},"categories":[25],"tags":[],"class_list":["post-531903","post","type-post","status-publish","format-standard","has-post-thumbnail","hentry","category-gente"],"_links":{"self":[{"href":"https:\/\/diariodominicano.com\/index.php?rest_route=\/wp\/v2\/posts\/531903","targetHints":{"allow":["GET"]}}],"collection":[{"href":"https:\/\/diariodominicano.com\/index.php?rest_route=\/wp\/v2\/posts"}],"about":[{"href":"https:\/\/diariodominicano.com\/index.php?rest_route=\/wp\/v2\/types\/post"}],"author":[{"embeddable":true,"href":"https:\/\/diariodominicano.com\/index.php?rest_route=\/wp\/v2\/users\/7"}],"replies":[{"embeddable":true,"href":"https:\/\/diariodominicano.com\/index.php?rest_route=%2Fwp%2Fv2%2Fcomments&post=531903"}],"version-history":[{"count":1,"href":"https:\/\/diariodominicano.com\/index.php?rest_route=\/wp\/v2\/posts\/531903\/revisions"}],"predecessor-version":[{"id":531919,"href":"https:\/\/diariodominicano.com\/index.php?rest_route=\/wp\/v2\/posts\/531903\/revisions\/531919"}],"wp:featuredmedia":[{"embeddable":true,"href":"https:\/\/diariodominicano.com\/index.php?rest_route=\/wp\/v2\/media\/531909"}],"wp:attachment":[{"href":"https:\/\/diariodominicano.com\/index.php?rest_route=%2Fwp%2Fv2%2Fmedia&parent=531903"}],"wp:term":[{"taxonomy":"category","embeddable":true,"href":"https:\/\/diariodominicano.com\/index.php?rest_route=%2Fwp%2Fv2%2Fcategories&post=531903"},{"taxonomy":"post_tag","embeddable":true,"href":"https:\/\/diariodominicano.com\/index.php?rest_route=%2Fwp%2Fv2%2Ftags&post=531903"}],"curies":[{"name":"wp","href":"https:\/\/api.w.org\/{rel}","templated":true}]}}