{"id":53184,"date":"2020-06-04T09:19:08","date_gmt":"2020-06-04T09:19:08","guid":{"rendered":"http:\/\/diariodominicano.ddns.net\/?p=53184"},"modified":"2020-06-04T09:19:08","modified_gmt":"2020-06-04T09:19:08","slug":"juran-la-constitucion-de-cadiz-y-no-la-aplican","status":"publish","type":"post","link":"https:\/\/diariodominicano.com\/?p=53184","title":{"rendered":"Juran la Constituci\u00f3n de C\u00e1diz y no la aplican"},"content":{"rendered":"<p><body><\/p>\n<p><strong>Diariodominicano.com<\/strong><\/p>\n<p><strong>Juran la Constituci\u00f3n de C\u00e1diz y no la aplican <\/strong><\/p>\n<p><strong>Cuando fue jurada la Constituci\u00f3n en Santo Domingo, el gobernador de la Colonia era Sebasti\u00e1n Kindel\u00e1n, quien fue sustituido el 14 de Mayo de 1821, por Pascual Real.<\/strong><\/p>\n<p><strong>Por H\u00e9ctor Tineo Nolasco<\/strong><\/p>\n<p><strong>Diariodominicano.com<\/strong><\/p>\n<\/p>\n<p><strong>SANTO DOMINGO,  el  4 de Junio de 1820<\/strong>, el Gobierno de la Colonia del Santo Domingo Espa\u00f1ol prest\u00f3 juramento a la Constituci\u00f3n de C\u00e1diz de 1812, la cual hab\u00eda sido puesta en pr\u00e1ctica de nuevo en Espa\u00f1a. Pero a pesar del acto, las autoridades coloniales no la aplicaron en favor de los ciudadanos de Santo Domingo, lo que provoc\u00f3 una situaci\u00f3n de disgusto en la poblaci\u00f3n.<\/p>\n<\/p>\n<p>    \tLa  Constituci\u00f3n de C\u00e1diz les conced\u00eda a los criollos los mismos derechos  ante la ley,  que disfrutaban los ciudadanos espa\u00f1oles y sus hijos.<\/p>\n<\/p>\n<p>  \tCuando fue jurada la Constituci\u00f3n en Santo Domingo, el gobernador de la Colonia era Sebasti\u00e1n Kindel\u00e1n, quien fue sustituido el 14 de Mayo de 1821, por Pascual Real.<\/p>\n<\/p>\n<p>   \tPascual Real fue el \u00faltimo gobernador espa\u00f1ol  en la colonia de Santo Domingo, antes de que Jos\u00e9 N\u00fa\u00f1ez de C\u00e1ceres  proclamara, el 1 de Diciembre de 1821, la Independencia Ef\u00edmera o la proclamaci\u00f3n del Estado Independiente del Hait\u00ed Espa\u00f1ol.<\/p>\n<\/p>\n<p>    \tEl movimiento de  N\u00fa\u00f1ez de C\u00e1ceres, estaba en desarrollo cuando Pascual Real sustituy\u00f3 al Gobernador de la Colonia espa\u00f1ola de Santo Domingo, Sebasti\u00e1n Kindel\u00e1n, quien no le confer\u00eda cr\u00e9dito a las versiones sobre la conspiraci\u00f3n.<\/p>\n<\/p>\n<p>   \tNo  obstante, el nuevo Gobernador Pascual Real, quien lleg\u00f3 a Santo Domingo en mayo de 1821, le dio importancia a las informaciones y de inmediato vio como sospechosos a los principales funcionarios de la colonia, incluido el Auditor de Guerra,  N\u00fa\u00f1ez de C\u00e1ceres.<\/p>\n<\/p>\n<p>    \tUn  informe de la \u00e9poca da cuenta de que Pascual Real por falta  de tropas, decidi\u00f3 no atacar de frente a los sospechosos  y se dedic\u00f3 a consolidar la posici\u00f3n del Gobierno  tratando de atraer a su favor las simpat\u00edas de los principales hombres de armas, pero no pudo lograr su objetivo, porque  los comandantes militares se sumaron al movimiento que lideraba  N\u00fa\u00f1ez de C\u00e1ceres.<\/p>\n<\/p>\n<p>   \tCon el decurso de los d\u00edas el Gobierno espa\u00f1ol perd\u00eda fuerza y el movimiento de  N\u00fa\u00f1ez de C\u00e1ceres se fortalec\u00eda.<\/p>\n<h6> 2020-06-04 09:19:08 <\/h6>\n<p><!--\n<link rel=\"stylesheet\" href=\"css\/bootstrap.min.css\">\n\n\n<ul class=\"pagination\">\n\t    \n\t\n\n<li >\n\t<a href='?page_no=544'>Previous<\/a>\n\t<\/li>\n\n\n       \n    \n\n<li><a href='?page_no=1'>1<\/a><\/li>\n\n\n\n<li><a href='?page_no=2'>2<\/a><\/li>\n\n\n\n<li><a>...<\/a><\/li>\n\n\n\n<li><a href='?page_no=543'>543<\/a><\/li>\n\n\n\n<li><a href='?page_no=544'>544<\/a><\/li>\n\n\n\n<li class='active'><a>545<\/a><\/li>\n\n\n\n<li><a href='?page_no=546'>546<\/a><\/li>\n\n\n\n<li><a href='?page_no=547'>547<\/a><\/li>\n\n\n\n<li><a>...<\/a><\/li>\n\n\n\n<li><a href='?page_no=22911'>22911<\/a><\/li>\n\n\n\n<li><a href='?page_no=22912'>22912<\/a><\/li>\n\n    \n\t\n\n<li >\n\t<a href='?page_no=546'>Next<\/a>\n\t<\/li>\n\n\n    \n\n<li><a href='?page_no=22912'>Last &rsaquo;&rsaquo;<\/a><\/li>\n\n<\/ul>\n\n\n--><br \/>\n<\/body><\/p>\n","protected":false},"excerpt":{"rendered":"<p>Diariodominicano.com Juran la Constituci\u00f3n de C\u00e1diz y no la aplican Cuando fue jurada la Constituci\u00f3n en Santo Domingo, el gobernador de la Colonia era Sebasti\u00e1n Kindel\u00e1n, quien fue sustituido el 14 de Mayo de 1821, por Pascual Real. Por H\u00e9ctor Tineo Nolasco Diariodominicano.com SANTO DOMINGO, el 4 de Junio de 1820, el Gobierno de la [&hellip;]<\/p>\n","protected":false},"author":3,"featured_media":0,"comment_status":"open","ping_status":"open","sticky":false,"template":"","format":"standard","meta":{"footnotes":""},"categories":[21],"tags":[],"class_list":["post-53184","post","type-post","status-publish","format-standard","hentry","category-cultura"],"_links":{"self":[{"href":"https:\/\/diariodominicano.com\/index.php?rest_route=\/wp\/v2\/posts\/53184","targetHints":{"allow":["GET"]}}],"collection":[{"href":"https:\/\/diariodominicano.com\/index.php?rest_route=\/wp\/v2\/posts"}],"about":[{"href":"https:\/\/diariodominicano.com\/index.php?rest_route=\/wp\/v2\/types\/post"}],"author":[{"embeddable":true,"href":"https:\/\/diariodominicano.com\/index.php?rest_route=\/wp\/v2\/users\/3"}],"replies":[{"embeddable":true,"href":"https:\/\/diariodominicano.com\/index.php?rest_route=%2Fwp%2Fv2%2Fcomments&post=53184"}],"version-history":[{"count":0,"href":"https:\/\/diariodominicano.com\/index.php?rest_route=\/wp\/v2\/posts\/53184\/revisions"}],"wp:attachment":[{"href":"https:\/\/diariodominicano.com\/index.php?rest_route=%2Fwp%2Fv2%2Fmedia&parent=53184"}],"wp:term":[{"taxonomy":"category","embeddable":true,"href":"https:\/\/diariodominicano.com\/index.php?rest_route=%2Fwp%2Fv2%2Fcategories&post=53184"},{"taxonomy":"post_tag","embeddable":true,"href":"https:\/\/diariodominicano.com\/index.php?rest_route=%2Fwp%2Fv2%2Ftags&post=53184"}],"curies":[{"name":"wp","href":"https:\/\/api.w.org\/{rel}","templated":true}]}}