{"id":531752,"date":"2024-05-19T21:01:04","date_gmt":"2024-05-20T01:01:04","guid":{"rendered":"https:\/\/diariodominicano.com\/?p=531752"},"modified":"2024-05-19T21:01:10","modified_gmt":"2024-05-20T01:01:10","slug":"centro-de-relevo-una-novedad-creada-por-la-jce-para-apoyar-a-votantes-con-discapacidad-auditiva","status":"publish","type":"post","link":"https:\/\/diariodominicano.com\/?p=531752","title":{"rendered":"Centro de Relevo, una novedad creada por la JCE para apoyar a votantes con discapacidad auditiva"},"content":{"rendered":"\n<p>diariodominicano.com<\/p>\n\n\n\n<p>Santo Domingo, R. D.,\u200219 de mayo, 2024.\u2013 La Junta Central Electoral (JCE) implement\u00f3 para estas elecciones presidenciales y congresuales el Centro de Relevo, espacio creado con la finalidad de ofrecer asistencia a las personas con discapacidad auditiva, para que puedan ejercer el voto por medio de un gestor inclusivo sin dificultad.<\/p>\n\n\n\n<p>El Centro de Relevo es una iniciativa que coordina la miembro titular del Pleno de la Junta Central Electoral (JCE) y coordinadora de la comisi\u00f3n de Pol\u00edticas de Igualdad de G\u00e9nero e Inclusi\u00f3n, Patricia Lorenzo Paniagua, que conecta al votante sordo con int\u00e9rpretes de lengua de se\u00f1as, el cual estar\u00e1 ofreciendo apoyo desde un espacio ubicado en la sede central del \u00f3rgano electoral.<\/p>\n\n\n\n<p>Lorenzo Paniagua indic\u00f3 que el objetivo de esta herramienta es facilitar a las personas con discapacidad auditiva ejercer el derecho al sufragio a trav\u00e9s de un auxiliar o gestor inclusivo, hay 8 personas dando asistencia v\u00eda telef\u00f3nica a personas con discapacidad auditiva en nuestro Centro de Relevo.<\/p>\n\n\n\n<p>\u201cEs una innovaci\u00f3n que se ha hecho en estas elecciones y hay que resaltar que es el primer centro de relevo para un proceso electoral en la regi\u00f3n completa, en toda Latinoam\u00e9rica, pocos centros de relevo se han implementado a nivel mundial\u201d, resalt\u00f3.<\/p>\n\n\n\n<p>Inform\u00f3 que, para acceder a los servicios del Centro de Relevo de la JCE solo hay que ponerse en contacto con el Gestor Inclusivo presente en cada recinto electoral, \u201cel cual estar\u00e1 debidamente identificado con un gafete que tiene los s\u00edmbolos de personas con discapacidad y un chaleco de color mamey\u201d.<\/p>\n\n\n\n<p>&nbsp;Direcci\u00f3n de Comunicaciones<\/p>\n\n\n\n<p>19 de mayo de 2024<\/p>\n","protected":false},"excerpt":{"rendered":"<p>diariodominicano.com Santo Domingo, R. D.,\u200219 de mayo, 2024.\u2013 La Junta Central Electoral (JCE) implement\u00f3 para estas elecciones presidenciales y congresuales el Centro de Relevo, espacio creado con la finalidad de ofrecer asistencia a las personas con discapacidad auditiva, para que puedan ejercer el voto por medio de un gestor inclusivo sin dificultad. El Centro de [&hellip;]<\/p>\n","protected":false},"author":5,"featured_media":531753,"comment_status":"closed","ping_status":"closed","sticky":true,"template":"","format":"standard","meta":{"footnotes":""},"categories":[20,27],"tags":[],"class_list":["post-531752","post","type-post","status-publish","format-standard","has-post-thumbnail","hentry","category-dominicana-hoy","category-portada"],"_links":{"self":[{"href":"https:\/\/diariodominicano.com\/index.php?rest_route=\/wp\/v2\/posts\/531752","targetHints":{"allow":["GET"]}}],"collection":[{"href":"https:\/\/diariodominicano.com\/index.php?rest_route=\/wp\/v2\/posts"}],"about":[{"href":"https:\/\/diariodominicano.com\/index.php?rest_route=\/wp\/v2\/types\/post"}],"author":[{"embeddable":true,"href":"https:\/\/diariodominicano.com\/index.php?rest_route=\/wp\/v2\/users\/5"}],"replies":[{"embeddable":true,"href":"https:\/\/diariodominicano.com\/index.php?rest_route=%2Fwp%2Fv2%2Fcomments&post=531752"}],"version-history":[{"count":1,"href":"https:\/\/diariodominicano.com\/index.php?rest_route=\/wp\/v2\/posts\/531752\/revisions"}],"predecessor-version":[{"id":531754,"href":"https:\/\/diariodominicano.com\/index.php?rest_route=\/wp\/v2\/posts\/531752\/revisions\/531754"}],"wp:featuredmedia":[{"embeddable":true,"href":"https:\/\/diariodominicano.com\/index.php?rest_route=\/wp\/v2\/media\/531753"}],"wp:attachment":[{"href":"https:\/\/diariodominicano.com\/index.php?rest_route=%2Fwp%2Fv2%2Fmedia&parent=531752"}],"wp:term":[{"taxonomy":"category","embeddable":true,"href":"https:\/\/diariodominicano.com\/index.php?rest_route=%2Fwp%2Fv2%2Fcategories&post=531752"},{"taxonomy":"post_tag","embeddable":true,"href":"https:\/\/diariodominicano.com\/index.php?rest_route=%2Fwp%2Fv2%2Ftags&post=531752"}],"curies":[{"name":"wp","href":"https:\/\/api.w.org\/{rel}","templated":true}]}}