{"id":53173,"date":"2020-06-04T16:14:38","date_gmt":"2020-06-04T16:14:38","guid":{"rendered":"http:\/\/diariodominicano.ddns.net\/?p=53173"},"modified":"2020-06-04T16:14:38","modified_gmt":"2020-06-04T16:14:38","slug":"minerd-continua-programa-de-induccion-de-forma-virtual-dirigido-a-docentes-directores-y-coordinadores-pedagogicos","status":"publish","type":"post","link":"https:\/\/diariodominicano.com\/?p=53173","title":{"rendered":"MINERD continua Programa de Inducci\u00f3n de forma virtual dirigido a docentes, directores y coordinadores pedag\u00f3gicos"},"content":{"rendered":"<p><body><\/p>\n<p><img decoding=\"async\" src=\"img3\/educa4-6-20.jpg\" \/>  <\/p>\n<p><span class=\"text1noticias\">diariodominicano.com<\/span><\/p>\n<p><span class=\"text1noticias\"> <\/span><\/p>\n<p><span class=\"text1noticias\"> Santo Domingo, R. D., 4 de junio, 2020.-  El Ministerio de Educaci\u00f3n (MINERD), a trav\u00e9s del Viceministerio de Acreditaci\u00f3n y Certificaci\u00f3n Docente  y el Instituto Nacional de Formaci\u00f3n y Capacitaci\u00f3n del Magisterio (INAFOCAM), contin\u00faa desarrollando de manera virtual la tercera jornada preparatoria para docentes de nuevo ingreso a trav\u00e9s del Programa Nacional de Inducci\u00f3n.<\/span><\/p>\n<p><span class=\"text1noticias\"> <\/span><\/p>\n<p><span class=\"text1noticias\">En esta nueva etapa participan aproximadamente 5,635 maestros del sistema educativo, 1,092 acompa\u00f1antes, 55 tutores, 1,811 directores y 156 coordinadores regionales y distritales.<\/span><\/p>\n<p><span class=\"text1noticias\"> <\/span><\/p>\n<p><span class=\"text1noticias\">El director del programa de inducci\u00f3n, Juan Montero, expres\u00f3 que el objetivo de estos talleres es elevar la calidad de la formaci\u00f3n docente enfocado a las realidades de los centros educativos y las necesidades formativas de los diferentes actores que operan el sistema.<\/span><\/p>\n<p><span class=\"text1noticias\"> <\/span><\/p>\n<p><span class=\"text1noticias\">Dijo que, con estos talleres, alrededor de 9 mil nuevos maestros, directores y t\u00e9cnicos han sido impactados con programas de formaci\u00f3n que buscan capacitarlos para impartir docencia a distancia, lo que garantiza una mejor productividad de los estudiantes en medio de la pandemia de COVID-19.<\/span><\/p>\n<p><span class=\"text1noticias\"> <\/span><\/p>\n<p><span class=\"text1noticias\">Montero indic\u00f3 que estas capacitaciones se realizan bajo la coordinaci\u00f3n del Instituto Tecnol\u00f3gico de Santo Domingo (INTEC) y la Universidad de Sevilla (Espa\u00f1a), por lo que cada direcci\u00f3n regional se encargar\u00e1 de supervisar los participantes de sus instancias.<\/span><\/p>\n<p><span class=\"text1noticias\"> <\/span><\/p>\n<p><span class=\"text1noticias\">Tambi\u00e9n inform\u00f3 que los cursos pedag\u00f3gicos est\u00e1n colgados en la plataforma https:\/\/induccionedu.com\/html\/ y que pueden descargarse en cualquier momento.<\/span><\/p>\n<p><span class=\"text1noticias\"> <\/span><\/p>\n<p><span class=\"text1noticias\">Los participantes de esta tercera etapa son los maestros que aprobaron el Concurso de Oposici\u00f3n Docente del MINERD, realizado a mediados del pasado a\u00f1o 2019.<\/span><\/p>\n<p><span class=\"text1noticias\"> <\/span><\/p>\n<p><span class=\"text1noticias\">Los talleres cuentan con 12 m\u00f3dulos contextualizados que les permiten a los profesores poner en pr\u00e1ctica los conocimientos adquiridos en su formaci\u00f3n inicial, adem\u00e1s de desarrollar destrezas de manera exitosa en su entorno escolar y comunitario.<\/span><\/p>\n<p><span class=\"text1noticias\"> <\/span><\/p>\n<p><span class=\"text1noticias\">El programa es uno de los tramos estrat\u00e9gicos de la pol\u00edtica dirigida al pleno establecimiento de la carrera pedag\u00f3gica en la Rep\u00fablica Dominicana, seg\u00fan lo contemplado por el correspondiente sistema.<\/span><\/p>\n<p><span class=\"text1noticias\"> <\/span><\/p>\n<p><span class=\"text1noticias\"> <\/span><\/p>\n<p><span class=\"text1noticias\"> <\/span><\/p>\n<p><span class=\"text1noticias\">Direcci\u00f3n de Comunicaci\u00f3n y Relaciones P\u00fablicas<\/span><\/p>\n<p><span class=\"text1noticias\"> <\/span><\/p>\n<p><span class=\"text1noticias\">4 de junio 2020<\/span><\/p>\n<p><span class=\"text1noticias\"> <\/span><\/p>\n<p><span class=\"text1noticias\"> <\/span><\/p>\n<p><span class=\"text1noticias\">Licda. Magdalena Nu\u00f1ez<\/span><\/p>\n<p><span class=\"text1noticias\">Enc. Relaciones Publicas<\/span><\/p>\n<p><span class=\"text1noticias\">Cel.(829) 421-2264<\/span><\/p>\n<p><span class=\"text1noticias\">Tel.(809) 688-9700 Ext.3569<\/span><\/p>\n<p><span class=\"text1noticias\">Prensa MINERD<\/span><\/p>\n<p><span class=\"text1noticias\"> <\/span><\/p>\n<\/p>\n<p>Ministerio Educaci\u00f3n Rep\u00fablica Dominicana <\/p>\n<\/p>\n<h6> 2020-06-04 16:14:38 <\/h6>\n<p><!--\n<link rel=\"stylesheet\" href=\"css\/bootstrap.min.css\">\n\n\n<ul class=\"pagination\">\n\t    \n\t\n\n<li >\n\t<a href='?page_no=543'>Previous<\/a>\n\t<\/li>\n\n\n       \n    \n\n<li><a href='?page_no=1'>1<\/a><\/li>\n\n\n\n<li><a href='?page_no=2'>2<\/a><\/li>\n\n\n\n<li><a>...<\/a><\/li>\n\n\n\n<li><a href='?page_no=542'>542<\/a><\/li>\n\n\n\n<li><a href='?page_no=543'>543<\/a><\/li>\n\n\n\n<li class='active'><a>544<\/a><\/li>\n\n\n\n<li><a href='?page_no=545'>545<\/a><\/li>\n\n\n\n<li><a href='?page_no=546'>546<\/a><\/li>\n\n\n\n<li><a>...<\/a><\/li>\n\n\n\n<li><a href='?page_no=22911'>22911<\/a><\/li>\n\n\n\n<li><a href='?page_no=22912'>22912<\/a><\/li>\n\n    \n\t\n\n<li >\n\t<a href='?page_no=545'>Next<\/a>\n\t<\/li>\n\n\n    \n\n<li><a href='?page_no=22912'>Last &rsaquo;&rsaquo;<\/a><\/li>\n\n<\/ul>\n\n\n--><br \/>\n<\/body><\/p>\n","protected":false},"excerpt":{"rendered":"<p>diariodominicano.com Santo Domingo, R. D., 4 de junio, 2020.- El Ministerio de Educaci\u00f3n (MINERD), a trav\u00e9s del Viceministerio de Acreditaci\u00f3n y Certificaci\u00f3n Docente y el Instituto Nacional de Formaci\u00f3n y Capacitaci\u00f3n del Magisterio (INAFOCAM), contin\u00faa desarrollando de manera virtual la tercera jornada preparatoria para docentes de nuevo ingreso a trav\u00e9s del Programa Nacional de Inducci\u00f3n. [&hellip;]<\/p>\n","protected":false},"author":3,"featured_media":0,"comment_status":"open","ping_status":"open","sticky":false,"template":"","format":"standard","meta":{"footnotes":""},"categories":[21],"tags":[],"class_list":["post-53173","post","type-post","status-publish","format-standard","hentry","category-cultura"],"_links":{"self":[{"href":"https:\/\/diariodominicano.com\/index.php?rest_route=\/wp\/v2\/posts\/53173","targetHints":{"allow":["GET"]}}],"collection":[{"href":"https:\/\/diariodominicano.com\/index.php?rest_route=\/wp\/v2\/posts"}],"about":[{"href":"https:\/\/diariodominicano.com\/index.php?rest_route=\/wp\/v2\/types\/post"}],"author":[{"embeddable":true,"href":"https:\/\/diariodominicano.com\/index.php?rest_route=\/wp\/v2\/users\/3"}],"replies":[{"embeddable":true,"href":"https:\/\/diariodominicano.com\/index.php?rest_route=%2Fwp%2Fv2%2Fcomments&post=53173"}],"version-history":[{"count":0,"href":"https:\/\/diariodominicano.com\/index.php?rest_route=\/wp\/v2\/posts\/53173\/revisions"}],"wp:attachment":[{"href":"https:\/\/diariodominicano.com\/index.php?rest_route=%2Fwp%2Fv2%2Fmedia&parent=53173"}],"wp:term":[{"taxonomy":"category","embeddable":true,"href":"https:\/\/diariodominicano.com\/index.php?rest_route=%2Fwp%2Fv2%2Fcategories&post=53173"},{"taxonomy":"post_tag","embeddable":true,"href":"https:\/\/diariodominicano.com\/index.php?rest_route=%2Fwp%2Fv2%2Ftags&post=53173"}],"curies":[{"name":"wp","href":"https:\/\/api.w.org\/{rel}","templated":true}]}}