{"id":531684,"date":"2024-05-19T11:47:32","date_gmt":"2024-05-19T15:47:32","guid":{"rendered":"https:\/\/diariodominicano.com\/?p=531684"},"modified":"2024-05-19T11:47:39","modified_gmt":"2024-05-19T15:47:39","slug":"presidente-dominicano-voto-en-elecciones-generales","status":"publish","type":"post","link":"https:\/\/diariodominicano.com\/?p=531684","title":{"rendered":"Presidente dominicano vot\u00f3 en elecciones generales"},"content":{"rendered":"\n<p>diariodominicano.com<\/p>\n\n\n\n<p>Santo Domingo, 19 may (Prensa Latina) El mandatario dominicano, Luis Abinader, ejerci\u00f3 hoy su derecho al voto en las elecciones generales, jornada en la que se eligen los cargos correspondientes a los niveles presidencial, senatorial y de diputaciones para el per\u00edodo 2024-2028.<\/p>\n\n\n\n<p>Abinader, quien aspira a la reelecci\u00f3n por el Partido Revolucionario Moderno (PRM) hasta 2028, vot\u00f3 a las 10:30, hora local, en el colegio electoral Babeque, en el Distrito Nacional.<\/p>\n\n\n\n<p>En breves declaraciones a la prensa instantes despu\u00e9s, el gobernante pidi\u00f3 a los dominicanos, de todos los partidos, que acudan a votar a favor del candidato que deseen, con paz y hermandad \u00abporque todos somos dominicanos\u00bb.<\/p>\n\n\n\n<p>Estamos seguros de la transparencia de este proceso; la democracia dominicana est\u00e1 fortalecida, puntualiz\u00f3 el gobernante.<\/p>\n\n\n\n<p>El dignatario, de 56 a\u00f1os, es el favorito de los nueve candidatos con 60 por ciento de intenci\u00f3n de voto, seg\u00fan el \u00faltimo sondeo de la encuestadora Gallup, considerada por analistas del pa\u00eds como una de las m\u00e1s confiables.<\/p>\n\n\n\n<p>Le siguen el candidato de la Fuerza del Pueblo, el expresidente Leonel Fern\u00e1ndez (1996-2000; 2004-2008 y 2008-2012), con 25 por ciento, y Abel Mart\u00ednez, del Partido de la Liberaci\u00f3n Dominicana, con 13 por ciento.<\/p>\n\n\n\n<p>En 2020, el dignatario gan\u00f3 con el 52,52 por ciento de los votos v\u00e1lidos, pero la abstenci\u00f3n se situ\u00f3 en 45 puntos porcentuales, la m\u00e1s alta en los \u00faltimos 25 a\u00f1os, hasta cierto punto comprensible debido a la pandemia de la Covid-19. La pregunta hoy es si en situaciones normales pudiese ocurrir otro tanto.<\/p>\n\n\n\n<p>En su \u00faltimo discurso a la naci\u00f3n el pasado jueves \u2013 horas antes del inicio de la veda electoral-, el candidato rese\u00f1\u00f3 los esfuerzos realizados por su gesti\u00f3n de Gobierno en la lucha contra la corrupci\u00f3n administrativa.<\/p>\n\n\n\n<p>Abinader destac\u00f3 que fue parte de la marcha \u201cen contra de la impunidad y la corrupci\u00f3n\u201d, que luego se convirti\u00f3 en una \u201cola de cambio\u201d.<\/p>\n\n\n\n<p>En un discurso en el que interactu\u00f3 con ciudadanos beneficiados con los programas del Ejecutivo y que fue transmitido por la televisi\u00f3n y redes sociales, el dignatario cit\u00f3 algunas de las obras de su gesti\u00f3n de cuatro a\u00f1os, como los avances en el combate a la corrupci\u00f3n y la reactivaci\u00f3n de la econom\u00eda luego de la pandemia de la Covid-19.<\/p>\n\n\n\n<p>\u201cLa unidad para el cambio es mi compromiso; sabemos que un modelo impulsado por la ambici\u00f3n y el ego\u00edsmo, sin compromisos con los dem\u00e1s, sin deber o patriotismo, ser\u00eda un proyecto in\u00fatil para construir el ideal de nuestros Padres fundadores\u201d, puntualiz\u00f3.<\/p>\n\n\n\n<p>En Rep\u00fablica Dominicana est\u00e1n convocados siete millones 281 mil 763 ciudadanos con derecho al voto, quienes podr\u00e1n votar en 16 mil 851 colegios electorales, distribuidos en cuatro mil 295 recintos electorales a nivel nacional.<\/p>\n\n\n\n<p>En el exterior, 863 mil 784 nacionales votar\u00e1n en mil 566 colegios electorales, distribuidos en 372 recintos electorales, ubicados en 46 ciudades y 35 pa\u00edses, con dos mil 015 equipos de digitalizaci\u00f3n, escaneo y transmisi\u00f3n de los resultados.<\/p>\n\n\n\n<p>Mientras el dignatario Abinader votaba en el Distrito Nacional, el aspirante a la presidencia por el Partido de la Liberaci\u00f3n Dominicana (PLD), Abel Mart\u00ednez, quien se coloca tercero en las preferencias (seg\u00fan encuestas), lo hac\u00eda en la provincia Santiago de los Caballeros, la segunda m\u00e1s grande del pa\u00eds.<\/p>\n\n\n\n<p>Antes lo hicieron Raquel Pe\u00f1a, vicepresidenta de la Rep\u00fablica y candidata a la misma posici\u00f3n por el partido oficialista, en la Alcald\u00eda de Santiago; y el aspirante presidencial Fulgencio Severino, de Patria para Todos, entre otras figuras pol\u00edticas.<\/p>\n\n\n\n<p>rgh\/mpv<\/p>\n","protected":false},"excerpt":{"rendered":"<p>diariodominicano.com Santo Domingo, 19 may (Prensa Latina) El mandatario dominicano, Luis Abinader, ejerci\u00f3 hoy su derecho al voto en las elecciones generales, jornada en la que se eligen los cargos correspondientes a los niveles presidencial, senatorial y de diputaciones para el per\u00edodo 2024-2028. Abinader, quien aspira a la reelecci\u00f3n por el Partido Revolucionario Moderno (PRM) [&hellip;]<\/p>\n","protected":false},"author":5,"featured_media":531685,"comment_status":"closed","ping_status":"closed","sticky":true,"template":"","format":"standard","meta":{"footnotes":""},"categories":[20,27],"tags":[],"class_list":["post-531684","post","type-post","status-publish","format-standard","has-post-thumbnail","hentry","category-dominicana-hoy","category-portada"],"_links":{"self":[{"href":"https:\/\/diariodominicano.com\/index.php?rest_route=\/wp\/v2\/posts\/531684","targetHints":{"allow":["GET"]}}],"collection":[{"href":"https:\/\/diariodominicano.com\/index.php?rest_route=\/wp\/v2\/posts"}],"about":[{"href":"https:\/\/diariodominicano.com\/index.php?rest_route=\/wp\/v2\/types\/post"}],"author":[{"embeddable":true,"href":"https:\/\/diariodominicano.com\/index.php?rest_route=\/wp\/v2\/users\/5"}],"replies":[{"embeddable":true,"href":"https:\/\/diariodominicano.com\/index.php?rest_route=%2Fwp%2Fv2%2Fcomments&post=531684"}],"version-history":[{"count":1,"href":"https:\/\/diariodominicano.com\/index.php?rest_route=\/wp\/v2\/posts\/531684\/revisions"}],"predecessor-version":[{"id":531686,"href":"https:\/\/diariodominicano.com\/index.php?rest_route=\/wp\/v2\/posts\/531684\/revisions\/531686"}],"wp:featuredmedia":[{"embeddable":true,"href":"https:\/\/diariodominicano.com\/index.php?rest_route=\/wp\/v2\/media\/531685"}],"wp:attachment":[{"href":"https:\/\/diariodominicano.com\/index.php?rest_route=%2Fwp%2Fv2%2Fmedia&parent=531684"}],"wp:term":[{"taxonomy":"category","embeddable":true,"href":"https:\/\/diariodominicano.com\/index.php?rest_route=%2Fwp%2Fv2%2Fcategories&post=531684"},{"taxonomy":"post_tag","embeddable":true,"href":"https:\/\/diariodominicano.com\/index.php?rest_route=%2Fwp%2Fv2%2Ftags&post=531684"}],"curies":[{"name":"wp","href":"https:\/\/api.w.org\/{rel}","templated":true}]}}