{"id":531656,"date":"2024-05-19T02:34:21","date_gmt":"2024-05-19T06:34:21","guid":{"rendered":"https:\/\/diariodominicano.com\/?p=531656"},"modified":"2024-05-19T02:34:25","modified_gmt":"2024-05-19T06:34:25","slug":"vietnam-conmemora-aniversario-134-del-natalicio-de-ho-chi-minh","status":"publish","type":"post","link":"https:\/\/diariodominicano.com\/?p=531656","title":{"rendered":"Vietnam conmemora aniversario 134 del natalicio de Ho Chi Minh"},"content":{"rendered":"\n<p>Hanoi, 19 may (Prensa Latina) Vietnam conmemora hoy el 134 aniversario del natalicio del pr\u00f3cer independentista, incansable luchador revolucionario y fundador del Partido Comunista (PCV), el presidente Ho Chi Minh.<\/p>\n\n\n\n<ul class=\"wp-block-list\">\n<li><a href=\"https:\/\/www.prensa-latina.cu\/2024\/05\/19\/\"><time>mayo 19, 2024 | 02:06<\/time><\/a><\/li>\n<\/ul>\n\n\n\n<ul class=\"wp-block-list\">\n<li><a href=\"https:\/\/www.prensa-latina.cu\/2024\/05\/19\/vietnam-conmemora-aniversario-134-del-natalicio-de-ho-chi-minh\/#\"><\/a><\/li>\n\n\n\n<li><a href=\"https:\/\/www.prensa-latina.cu\/2024\/05\/19\/vietnam-conmemora-aniversario-134-del-natalicio-de-ho-chi-minh\/#\"><\/a><\/li>\n\n\n\n<li><a href=\"https:\/\/www.prensa-latina.cu\/2024\/05\/19\/vietnam-conmemora-aniversario-134-del-natalicio-de-ho-chi-minh\/#\"><\/a><\/li>\n\n\n\n<li><a href=\"https:\/\/www.prensa-latina.cu\/2024\/05\/19\/vietnam-conmemora-aniversario-134-del-natalicio-de-ho-chi-minh\/#\"><\/a><\/li>\n<\/ul>\n\n\n\n<p>Las enormes contribuciones del Padre de la Independencia, quien dedic\u00f3 toda su vida al pueblo y al pa\u00eds, a los cuales condujo a lograr gloriosas victorias, fueron exaltadas aqu\u00ed la v\u00edspera por dirigentes partidistas, estatales, parlamentarios y del Frente de la Patria, quienes le rindieron homenaje en el mausoleo que perpet\u00faa su memoria.<\/p>\n\n\n\n<p>El propio s\u00e1bado delegaciones de la Comisi\u00f3n Militar Central y el Ministerio de Defensa, la Comisi\u00f3n Central de Seguridad P\u00fablica y el Ministerio de Seguridad P\u00fablica, as\u00ed como de los Comit\u00e9s Popular y del Partido Comunista en esta capital se sumaron al tributo.<\/p>\n\n\n\n<p>En el contexto de la conmemoraci\u00f3n en en la zona de vestigio de Duc Thanh, en la provincia de Binh Thuan, fue inaugurada una exposici\u00f3n fotogr\u00e1fica bajo el t\u00edtulo \u201cT\u00edo Ho y su vida diaria\u201d, que recuerda adem\u00e1s los 113 a\u00f1os de su salida al exterior en b\u00fasqueda del camino para salvar el pa\u00eds.<\/p>\n\n\n\n<p>M\u00e1s 40 fotos documentales reflejan diversas facetas de la vida de un gran hombre, caracterizado por su modestia, sencillez y amor hacia las personas, el trabajo y la naturaleza.<\/p>\n\n\n\n<p>Tambi\u00e9n en la comuna de Kim Lien, en la provincia central de Nghe An, se desarrolla hasta hoy el Festival de la aldea Sen, cuyo espect\u00e1culo inaugural destac\u00f3 la vida y la trayectoria revolucionaria del presidente Ho Chi Minh, sus enormes contribuciones al pa\u00eds y su amor por la Patria.<\/p>\n\n\n\n<p>La emisora radial Voz de Vietnam (VOV), en tanto, signific\u00f3 que las canciones escritas sobre el pr\u00f3cer independentista han ocupado siempre una posici\u00f3n muy especial en la m\u00fasica vietnamita, puesto que el t\u00edo Ho, como lo llama cari\u00f1osamente el pueblo, representa algo muy cercano para cada persona.<\/p>\n\n\n\n<p>VOV mencion\u00f3 algunas de las composiciones cl\u00e1sicas sobre el l\u00edder de la revoluci\u00f3n vietnamita, entre \u00e9stas \u201cBac Ho Mot Tinh Yeu Bao La\u201d (T\u00edo Ho: Un inmenso amor), considerada una de las mejores canciones del m\u00fasico Thuan Yen.<\/p>\n\n\n\n<p>La pieza musical, explic\u00f3, retrata de la manera m\u00e1s profunda la gentileza, la bondad y el amor ilimitado del t\u00edo Ho por toda clase de persona en la sociedad. Fue compuesta en 1979 con motivo del 90 cumplea\u00f1os del t\u00edo Ho y aporta un sentimiento c\u00e1lido y cercano que conmueve a muchas personas.<\/p>\n\n\n\n<p>Mas, si la canci\u00f3n mencionada antes ofrece un retrato c\u00e1lido y armonioso del inolvidable l\u00edder, \u201cCa Ngoi Ho Chu Tich\u201d (Alabanza al presidente Ho Chi Minh) muestra aspectos de una persona humilde, que vivi\u00f3 una vida sencilla, pero que leg\u00f3 una voluntad y una obra extremadamente significativas.<\/p>\n\n\n\n<p>La emisora destac\u00f3 tambi\u00e9n La balada de Ho Chi Minh, escrita poco despu\u00e9s del trascendental triunfo de la campa\u00f1a de Dien Bien Phu, en 1954, que fue escrita por el compositor brit\u00e1nico Edward MacColl, quien sinti\u00f3 una profunda admiraci\u00f3n por el f\u00e9rreo luchador vietnamita.<\/p>\n\n\n\n<p>mem\/mpm<\/p>\n","protected":false},"excerpt":{"rendered":"<p>Hanoi, 19 may (Prensa Latina) Vietnam conmemora hoy el 134 aniversario del natalicio del pr\u00f3cer independentista, incansable luchador revolucionario y fundador del Partido Comunista (PCV), el presidente Ho Chi Minh. Las enormes contribuciones del Padre de la Independencia, quien dedic\u00f3 toda su vida al pueblo y al pa\u00eds, a los cuales condujo a lograr gloriosas [&hellip;]<\/p>\n","protected":false},"author":28,"featured_media":531657,"comment_status":"closed","ping_status":"closed","sticky":false,"template":"","format":"standard","meta":{"footnotes":""},"categories":[26,23],"tags":[],"class_list":["post-531656","post","type-post","status-publish","format-standard","has-post-thumbnail","hentry","category-efemerides","category-internacional"],"_links":{"self":[{"href":"https:\/\/diariodominicano.com\/index.php?rest_route=\/wp\/v2\/posts\/531656","targetHints":{"allow":["GET"]}}],"collection":[{"href":"https:\/\/diariodominicano.com\/index.php?rest_route=\/wp\/v2\/posts"}],"about":[{"href":"https:\/\/diariodominicano.com\/index.php?rest_route=\/wp\/v2\/types\/post"}],"author":[{"embeddable":true,"href":"https:\/\/diariodominicano.com\/index.php?rest_route=\/wp\/v2\/users\/28"}],"replies":[{"embeddable":true,"href":"https:\/\/diariodominicano.com\/index.php?rest_route=%2Fwp%2Fv2%2Fcomments&post=531656"}],"version-history":[{"count":1,"href":"https:\/\/diariodominicano.com\/index.php?rest_route=\/wp\/v2\/posts\/531656\/revisions"}],"predecessor-version":[{"id":531658,"href":"https:\/\/diariodominicano.com\/index.php?rest_route=\/wp\/v2\/posts\/531656\/revisions\/531658"}],"wp:featuredmedia":[{"embeddable":true,"href":"https:\/\/diariodominicano.com\/index.php?rest_route=\/wp\/v2\/media\/531657"}],"wp:attachment":[{"href":"https:\/\/diariodominicano.com\/index.php?rest_route=%2Fwp%2Fv2%2Fmedia&parent=531656"}],"wp:term":[{"taxonomy":"category","embeddable":true,"href":"https:\/\/diariodominicano.com\/index.php?rest_route=%2Fwp%2Fv2%2Fcategories&post=531656"},{"taxonomy":"post_tag","embeddable":true,"href":"https:\/\/diariodominicano.com\/index.php?rest_route=%2Fwp%2Fv2%2Ftags&post=531656"}],"curies":[{"name":"wp","href":"https:\/\/api.w.org\/{rel}","templated":true}]}}