{"id":531651,"date":"2024-05-19T02:29:47","date_gmt":"2024-05-19T06:29:47","guid":{"rendered":"https:\/\/diariodominicano.com\/?p=531651"},"modified":"2024-05-19T03:16:54","modified_gmt":"2024-05-19T07:16:54","slug":"cuba-evoca-a-heroe-nacional-jose-marti-a-129-anos-de-su-muerte","status":"publish","type":"post","link":"https:\/\/diariodominicano.com\/?p=531651","title":{"rendered":"Cuba evoca a H\u00e9roe Nacional Jos\u00e9 Mart\u00ed a 129 a\u00f1os de su muerte"},"content":{"rendered":"\n<p>La Habana, 19 may (Prensa Latina) Cuba evoca hoy la vida, obra y pensamiento del H\u00e9roe Nacional Jos\u00e9 Mart\u00ed, en ocasi\u00f3n del aniversario 129 de su ca\u00edda en combate por la libertad de la isla.<\/p>\n\n\n\n<figure class=\"wp-block-image size-full\"><img loading=\"lazy\" decoding=\"async\" width=\"1024\" height=\"768\" src=\"https:\/\/diariodominicano.com\/wp-content\/uploads\/2023\/02\/Jose-Marti.jpg\" alt=\"\" class=\"wp-image-419433\" srcset=\"https:\/\/diariodominicano.com\/wp-content\/uploads\/2023\/02\/Jose-Marti.jpg 1024w, https:\/\/diariodominicano.com\/wp-content\/uploads\/2023\/02\/Jose-Marti-300x225.jpg 300w, https:\/\/diariodominicano.com\/wp-content\/uploads\/2023\/02\/Jose-Marti-768x576.jpg 768w, https:\/\/diariodominicano.com\/wp-content\/uploads\/2023\/02\/Jose-Marti-816x612.jpg 816w\" sizes=\"auto, (max-width: 1024px) 100vw, 1024px\" \/><\/figure>\n\n\n\n<p>Al tradicional tributo ante el Mausoleo que guarda sus restos en el cementerio de Santa Ifigenia, en la oriental provincia de Santiago de Cuba, se suman otros en esta naci\u00f3n y el extranjero para reverenciar la vida entregada a la libertad, y el legado antiimperialista y latinoamericanista del calificado Ap\u00f3stol de la independencia de la naci\u00f3n.<\/p>\n\n\n\n<p>Jos\u00e9 Mart\u00ed (1853-1895), fue el art\u00edfice de lo que denomin\u00f3 la guerra necesaria, dirigida a romper la sujeci\u00f3n de la isla al yugo colonial espa\u00f1ol, para lo cual fund\u00f3 el Partido Revolucionario Cubano y el peri\u00f3dico Patria, y uni\u00f3 a los patriotas cubanos en torno a la idea de la independencia.<\/p>\n\n\n\n<p>El poeta, ensayista y periodista revolucionario encontr\u00f3 la muerte con solamente 42 a\u00f1os en los llanos de Dos R\u00edos, impactado por una descarga de fusiler\u00eda enemiga mientras cabalgaba al frente acompa\u00f1ado de su ayudante, pese a la recomendaci\u00f3n del General en Jefe del Ej\u00e9rcito Libertador, M\u00e1ximo G\u00f3mez, de que permaneciera en la retaguardia.<\/p>\n\n\n\n<p>Un d\u00eda antes, en carta inconclusa a su amigo Manuel Mercado, escribi\u00f3: \u201cya estoy todos los d\u00edas en peligro de dar mi vida por mi pa\u00eds y por mi deber (\u2026) de impedir a tiempo con la independencia de Cuba que se extiendan por las Antillas los Estados Unidos y caigan, con esa fuerza m\u00e1s, sobre nuestras tierras de Am\u00e9rica\u201d.<\/p>\n\n\n\n<p>Sus valores \u00e9ticos no le permitieron permanecer a la zaga de los hombres que hab\u00eda convocado al combate. \u201cYo evoqu\u00e9 la guerra: mi responsabilidad comienza con ella, en vez de acabar. Para m\u00ed la patria no ser\u00e1 nunca triunfo, sino agon\u00eda y deber, hab\u00eda afirmado.<\/p>\n\n\n\n<p>La prematura desaparici\u00f3n f\u00edsica de Mart\u00ed signific\u00f3 un duro golpe para la revoluci\u00f3n iniciada el 24 de febrero de 1895, pero sus virtudes personales y legado emancipatorio trascendieron en las luchas de Cuba por su definitiva independencia.<\/p>\n\n\n\n<p>El m\u00e1s universal de los cubanos, como tambi\u00e9n se le conoce, rebas\u00f3 las fronteras de su \u00e9poca y se convirti\u00f3 en el m\u00e1s grande pensador pol\u00edtico hispanoamericano del siglo XIX.<\/p>\n\n\n\n<p>Su elevada cultura y especial sensibilidad le permitieron dejar una vasta obra escrita, de singular estilo y belleza, que constituye referente imprescindible para todas las generaciones de cubanos.<\/p>\n\n\n\n<p>lam\/evm<\/p>\n","protected":false},"excerpt":{"rendered":"<p>La Habana, 19 may (Prensa Latina) Cuba evoca hoy la vida, obra y pensamiento del H\u00e9roe Nacional Jos\u00e9 Mart\u00ed, en ocasi\u00f3n del aniversario 129 de su ca\u00edda en combate por la libertad de la isla. Al tradicional tributo ante el Mausoleo que guarda sus restos en el cementerio de Santa Ifigenia, en la oriental provincia [&hellip;]<\/p>\n","protected":false},"author":28,"featured_media":531652,"comment_status":"closed","ping_status":"closed","sticky":false,"template":"","format":"standard","meta":{"footnotes":""},"categories":[21,26,27],"tags":[],"class_list":["post-531651","post","type-post","status-publish","format-standard","has-post-thumbnail","hentry","category-cultura","category-efemerides","category-portada"],"_links":{"self":[{"href":"https:\/\/diariodominicano.com\/index.php?rest_route=\/wp\/v2\/posts\/531651","targetHints":{"allow":["GET"]}}],"collection":[{"href":"https:\/\/diariodominicano.com\/index.php?rest_route=\/wp\/v2\/posts"}],"about":[{"href":"https:\/\/diariodominicano.com\/index.php?rest_route=\/wp\/v2\/types\/post"}],"author":[{"embeddable":true,"href":"https:\/\/diariodominicano.com\/index.php?rest_route=\/wp\/v2\/users\/28"}],"replies":[{"embeddable":true,"href":"https:\/\/diariodominicano.com\/index.php?rest_route=%2Fwp%2Fv2%2Fcomments&post=531651"}],"version-history":[{"count":4,"href":"https:\/\/diariodominicano.com\/index.php?rest_route=\/wp\/v2\/posts\/531651\/revisions"}],"predecessor-version":[{"id":531671,"href":"https:\/\/diariodominicano.com\/index.php?rest_route=\/wp\/v2\/posts\/531651\/revisions\/531671"}],"wp:featuredmedia":[{"embeddable":true,"href":"https:\/\/diariodominicano.com\/index.php?rest_route=\/wp\/v2\/media\/531652"}],"wp:attachment":[{"href":"https:\/\/diariodominicano.com\/index.php?rest_route=%2Fwp%2Fv2%2Fmedia&parent=531651"}],"wp:term":[{"taxonomy":"category","embeddable":true,"href":"https:\/\/diariodominicano.com\/index.php?rest_route=%2Fwp%2Fv2%2Fcategories&post=531651"},{"taxonomy":"post_tag","embeddable":true,"href":"https:\/\/diariodominicano.com\/index.php?rest_route=%2Fwp%2Fv2%2Ftags&post=531651"}],"curies":[{"name":"wp","href":"https:\/\/api.w.org\/{rel}","templated":true}]}}