{"id":531548,"date":"2024-05-18T22:52:32","date_gmt":"2024-05-19T02:52:32","guid":{"rendered":"https:\/\/diariodominicano.com\/?p=531548"},"modified":"2024-05-18T23:36:06","modified_gmt":"2024-05-19T03:36:06","slug":"haiti-uno-de-los-temas-principales-de-las-elecciones-presidenciales-de-republica-dominicana-voa","status":"publish","type":"post","link":"https:\/\/diariodominicano.com\/?p=531548","title":{"rendered":"Hait\u00ed, uno de los temas principales de las elecciones presidenciales de Rep\u00fablica Dominicana: VOA"},"content":{"rendered":"\n<p>Rep\u00fablica Dominicana se prepara para celebrar los comicios generales, con el foco puesto en la crisis haitiana.<\/p>\n\n\n\n<p>mayo 18, 2024<\/p>\n\n\n\n<ul class=\"wp-block-list\">\n<li><a href=\"https:\/\/www.vozdeamerica.com\/author\/sandrine-exil\/qyit_\">Sandrine Exil<\/a><\/li>\n\n\n\n<li><a href=\"https:\/\/www.vozdeamerica.com\/author\/lisandro-concatti\/kgit_\">Lisandro Concatti<\/a><\/li>\n\n\n\n<li><a href=\"https:\/\/www.vozdeamerica.com\/author\/martin-grippo\/ogit_\">Mart\u00edn Grippo<\/a><\/li>\n<\/ul>\n\n\n\n<hr class=\"wp-block-separator has-alpha-channel-opacity\"\/>\n\n\n\n<p>Compartir<\/p>\n\n\n\n<ul class=\"wp-block-list\">\n<li><a href=\"https:\/\/facebook.com\/sharer.php?u=https%3a%2f%2fwww.vozdeamerica.com%2fa%2fhaiti-temas-principales-elecciones-presidenciales-republica-dominicana%2f7617646.html\" target=\"_blank\" rel=\"noreferrer noopener\"><\/a><\/li>\n\n\n\n<li><a href=\"https:\/\/twitter.com\/share?url=https%3a%2f%2fwww.vozdeamerica.com%2fa%2fhaiti-temas-principales-elecciones-presidenciales-republica-dominicana%2f7617646.html&amp;text=Hait%c3%ad%2c+uno+de+los+temas+principales+de+las+elecciones+presidenciales+de+Rep%c3%bablica+Dominicana\" target=\"_blank\" rel=\"noreferrer noopener\"><\/a><\/li>\n\n\n\n<li><\/li>\n\n\n\n<li><a href=\"mailto:?body=https%3a%2f%2fwww.vozdeamerica.com%2fa%2fhaiti-temas-principales-elecciones-presidenciales-republica-dominicana%2f7617646.html&amp;subject=Hait%C3%AD,%20uno%20de%20los%20temas%20principales%20de%20las%20elecciones%20presidenciales%20de%20Rep%C3%BAblica%20Dominicana\"><\/a><\/li>\n<\/ul>\n\n\n\n<p><a href=\"https:\/\/www.vozdeamerica.com\/a\/haiti-temas-principales-elecciones-presidenciales-republica-dominicana\/7617646.html#comments\">&nbsp;Vea comentarios<\/a><\/p>\n\n\n\n<p>&nbsp;Print<\/p>\n\n\n\n<p>Este domingo los dominicanos est\u00e1n llamados a las urnas para elegir un nuevo presidente en unos comicios que tendr\u00e1 la situaci\u00f3n de la seguridad del vecino Hait\u00ed como principal protagonista.<\/p>\n\n\n\n<p>SANTO DOMINGO \u2014&nbsp;<\/p>\n\n\n\n<p>Los dominicanos est\u00e1n llamados a las urnas este domingo 19 de mayo para elegir un nuevo presidente y el tema de las relaciones con la convulsa Hait\u00ed ha generado preocupaci\u00f3n y controversia entre las autoridades y la poblaci\u00f3n dominicana en general.<\/p>\n\n\n\n<p>Salvo sorpresa, el actual presidente Luis Abinader, ser\u00e1 quien resulte victorioso en la primera vuelta, seg\u00fan las m\u00e1s recientes encuestas nacionales. Los dominicanos tambi\u00e9n elegir\u00e1n a los miembros del Congreso.<\/p>\n\n\n\n<p>El presidente Luis Abinader lleg\u00f3 al poder en julio de 2020, en plena pandemia de COVID-19. Fue el primer jefe de Estado latinoamericano elegido durante la crisis sanitaria. Su gesti\u00f3n enfrent\u00f3 varios desaf\u00edos, y la pandemia qued\u00f3 atr\u00e1s con el tiempo. Sin embargo, las preocupaciones de los dominicanos cambiaron.<\/p>\n\n\n\n<figure class=\"wp-block-image\"><img decoding=\"async\" src=\"https:\/\/gdb.voanews.com\/01000000-0aff-0242-863b-08dc7776d62d_tv_w650_r1.jpg\" alt=\"Situaci\u00f3n en Rep\u00fablica Dominicana\" title=\"Situaci\u00f3n en Rep\u00fablica Dominicana\"\/><\/figure>\n\n\n\n<p><video poster=\"https:\/\/gdb.voanews.com\/01000000-0aff-0242-863b-08dc7776d62d_tv_w650_r1.jpg\" src=\"blob:https:\/\/www.vozdeamerica.com\/b1da77fe-11ba-4c6c-9990-ee29175f0456\"><\/video><\/p>\n\n\n\n<h5 class=\"wp-block-heading\"><a href=\"https:\/\/www.vozdeamerica.com\/a\/7617714.html\" target=\"_blank\" rel=\"noreferrer noopener\">Situaci\u00f3n en Rep\u00fablica Dominicana<\/a><\/h5>\n\n\n\n<p>El c\u00f3digo se ha copiado en su portapapeles.<\/p>\n\n\n\n<hr class=\"wp-block-separator has-alpha-channel-opacity\"\/>\n\n\n\n<p>Ancho&nbsp;&nbsp;pxAltura&nbsp;&nbsp;px<\/p>\n\n\n\n<ul class=\"wp-block-list\">\n<li><a href=\"https:\/\/facebook.com\/sharer.php?u=https%3a%2f%2fwww.vozdeamerica.com%2fa%2f7617714.html\" target=\"_blank\" rel=\"noreferrer noopener\">Comparta en Facebook<\/a><\/li>\n\n\n\n<li><a href=\"https:\/\/twitter.com\/share?url=https%3a%2f%2fwww.vozdeamerica.com%2fa%2f7617714.html&amp;text=Situaci%c3%b3n+en+Rep%c3%bablica+Dominicana\" target=\"_blank\" rel=\"noreferrer noopener\">Comparta en Twitter<\/a><\/li>\n<\/ul>\n\n\n\n<p>The URL has been copied to your clipboard<\/p>\n\n\n\n<ul class=\"wp-block-list\">\n<li>Auto<\/li>\n\n\n\n<li>240p<\/li>\n\n\n\n<li>360p<\/li>\n\n\n\n<li>480p<\/li>\n\n\n\n<li>720p<\/li>\n\n\n\n<li>1080p<\/li>\n<\/ul>\n\n\n\n<p>No media source currently available<\/p>\n\n\n\n<p>0:005:070:00<\/p>\n\n\n\n<ul class=\"wp-block-list\">\n<li><\/li>\n\n\n\n<li><\/li>\n\n\n\n<li><\/li>\n\n\n\n<li><\/li>\n\n\n\n<li><\/li>\n\n\n\n<li><\/li>\n<\/ul>\n\n\n\n<p><a href=\"https:\/\/www.vozdeamerica.com\/embed\/player\/Article\/7617714.html?type=video&amp;FullScreenMode=True\" target=\"_blank\" rel=\"noreferrer noopener\"><\/a><\/p>\n\n\n\n<p>&nbsp;Descargar&nbsp;<\/p>\n\n\n\n<p>La crisis humanitaria en Hait\u00ed, el pa\u00eds vecino, se ha exacerbado por el amplio control de territorio de las pandillas convirtiendo este tema en el principal motivo de inquietud. Los dominicanos temen un traspaso de los problemas haitianos, como la inseguridad y la migraci\u00f3n masiva. Estas preocupaciones han jugado un papel importante en las campa\u00f1as para elegir un l\u00edder de Estado este 19 de mayo de 2024.<\/p>\n\n\n\n<p>Abinader ha adoptado una postura firme sobre el control fronterizo y la migraci\u00f3n por eso muchos dominicanos lo han visto como el l\u00edder m\u00e1s adecuado para manejar la crisis en Hait\u00ed. Una encuesta de Greenberg indic\u00f3 que el 65% de los votantes han pensado en la situaci\u00f3n de Hait\u00ed al momento de decidir sobre su voto.<\/p>\n\n\n\n<p>Adem\u00e1s, el actual gobierno ha comenzado a construir un muro fronterizo a lo largo de la frontera con Hait\u00ed y llev\u00f3 a cabo deportaciones masivas de 175.000 haitianos el a\u00f1o pasado.<\/p>\n\n\n\n<p>M\u00e1s de la mitad de los encuestados consideraron que Abinader era el mejor candidato para abordar este problema. Esta percepci\u00f3n influy\u00f3 en el apoyo hacia su reelecci\u00f3n.<\/p>\n\n\n\n<h3 class=\"wp-block-heading\">Los tres candidatos destacados adoptan discursos similares<\/h3>\n\n\n\n<figure class=\"wp-block-image\"><img decoding=\"async\" src=\"https:\/\/gdb.voanews.com\/01000000-0aff-0242-d695-08dc77669305_w650_r1_s.png\" alt=\"Luis Abinader, actual presidente de Rep\u00fablica Dominicana, es uno de los favoritos en las elecciones.\"\/><figcaption class=\"wp-element-caption\">Luis Abinader, actual presidente de Rep\u00fablica Dominicana, es uno de los favoritos en las elecciones.<\/figcaption><\/figure>\n\n\n\n<p>Las pol\u00edticas migratorias restrictivas de Rep\u00fablica Dominicana han tenido implicaciones regionales, ya que muchos haitianos intentan huir de la violencia. Los tres principales candidatos a la presidencia coincidieron en restringir el flujo de haitianos a trav\u00e9s del territorio dominicano.<\/p>\n\n\n\n<p>El gobierno de Abinader construy\u00f3 un verja en la frontera con Hait\u00ed, aument\u00f3 las deportaciones y suspendi\u00f3 la emisi\u00f3n de visas a los haitianos en septiembre de 2023. Estas medidas resultaron populares entre los dominicanos, aunque las organizaciones internacionales las criticaron como posibles violaciones de derechos humanos.<\/p>\n\n\n\n<p>\u00abTenemos la verja perimetral que hemos hecho, que si ustedes investigan, all\u00e1 en la frontera ha disminuido radicalmente el robo de ganado, el robo de veh\u00edculo, y seguiremos construyendo en el pr\u00f3ximo per\u00edodo ya, la verja total m\u00e1s inteligente en las \u00e1reas monta\u00f1osas (&#8230;) Hoy las Fuerzas Armadas est\u00e1n preparadas, est\u00e1n bien equipadas, hemos comprado equipo como nunca antes, y ganan hoy 29 mil pesos un raso, un poco m\u00e1s los que est\u00e1n frontera, versus 10 mil o un poco m\u00e1s que ganaban en 2012\u00bb, puntualiz\u00f3 el candidato del PRM.<\/p>\n\n\n\n<figure class=\"wp-block-image\"><img decoding=\"async\" src=\"https:\/\/gdb.voanews.com\/01000000-0aff-0242-1a61-08dc767bec4e_tv_w650_r1.jpg\" alt=\"OEA observar\u00e1 elecciones de Rep\u00fablica Dominicana \" title=\"OEA observar\u00e1 elecciones de Rep\u00fablica Dominicana \"\/><\/figure>\n\n\n\n<p><video poster=\"https:\/\/gdb.voanews.com\/01000000-0aff-0242-1a61-08dc767bec4e_tv_w650_r1.jpg\" src=\"blob:https:\/\/www.vozdeamerica.com\/a44b4c0b-01b9-406f-b731-4b344f7ae2bf\"><\/video><\/p>\n\n\n\n<h5 class=\"wp-block-heading\"><a href=\"https:\/\/www.vozdeamerica.com\/a\/7615763.html\" target=\"_blank\" rel=\"noreferrer noopener\">OEA observar\u00e1 elecciones de Rep\u00fablica Dominicana<\/a><\/h5>\n\n\n\n<p>El c\u00f3digo se ha copiado en su portapapeles.<\/p>\n\n\n\n<hr class=\"wp-block-separator has-alpha-channel-opacity\"\/>\n\n\n\n<p>Ancho&nbsp;&nbsp;pxAltura&nbsp;&nbsp;px<\/p>\n\n\n\n<ul class=\"wp-block-list\">\n<li><a href=\"https:\/\/facebook.com\/sharer.php?u=https%3a%2f%2fwww.vozdeamerica.com%2fa%2f7615763.html\" target=\"_blank\" rel=\"noreferrer noopener\">Comparta en Facebook<\/a><\/li>\n\n\n\n<li><a href=\"https:\/\/twitter.com\/share?url=https%3a%2f%2fwww.vozdeamerica.com%2fa%2f7615763.html&amp;text=OEA+observar%c3%a1+elecciones+de+Rep%c3%bablica+Dominicana+\" target=\"_blank\" rel=\"noreferrer noopener\">Comparta en Twitter<\/a><\/li>\n<\/ul>\n\n\n\n<p>The URL has been copied to your clipboard<\/p>\n\n\n\n<ul class=\"wp-block-list\">\n<li>Auto<\/li>\n\n\n\n<li>240p<\/li>\n\n\n\n<li>360p<\/li>\n\n\n\n<li>480p<\/li>\n\n\n\n<li>720p<\/li>\n\n\n\n<li>1080p<\/li>\n<\/ul>\n\n\n\n<p>No media source currently available<\/p>\n\n\n\n<p>0:001:480:00<\/p>\n\n\n\n<ul class=\"wp-block-list\">\n<li><\/li>\n\n\n\n<li><\/li>\n\n\n\n<li><\/li>\n\n\n\n<li><\/li>\n\n\n\n<li><\/li>\n\n\n\n<li><\/li>\n<\/ul>\n\n\n\n<p><a href=\"https:\/\/www.vozdeamerica.com\/embed\/player\/Article\/7615763.html?type=video&amp;FullScreenMode=True\" target=\"_blank\" rel=\"noreferrer noopener\"><\/a><\/p>\n\n\n\n<p>&nbsp;Descargar&nbsp;<\/p>\n\n\n\n<p>Por su parte, Abel Mart\u00ednez, candidato por el Partido de Liberaci\u00f3n Dominicana (PLD), afirm\u00f3 que se deben detener \u00ablas ventas de visas y la mafia con haitianos\u00bb, y resalt\u00f3 que la corrupci\u00f3n ha estado presente durante casi cuatro a\u00f1os de gobierno de Abinader.<\/p>\n\n\n\n<p>Mart\u00ednez tambi\u00e9n enfatiz\u00f3 la necesidad de reforzar las relaciones diplom\u00e1ticas y que el consulado dominicano en Hait\u00ed defienda m\u00e1s los intereses del pa\u00eds.<\/p>\n\n\n\n<p>Leonel Fern\u00e1ndez, candidato por el partido Fuerza del Pueblo, reclam\u00f3 las quejas de Abinader sobre los gobiernos pasados. \u201cEl candidato Abinader se queja de que nosotros no hicimos nada previamente, pero debo decirle que tampoco lo hizo Pedro Santana, ni Buenaventura B\u00e1ez, ni Lilis, ni Trujillo, ni Balaguer ni nadie, y no se hab\u00eda hecho porque en realidad Hait\u00ed es una democracia fallida pero no hab\u00eda llegado hasta este punto\u00bb, argument\u00f3 Fern\u00e1ndez.<\/p>\n\n\n\n<p>Los tres candidatos coinciden en continuar estas pol\u00edticas. \u201cEl tema es que hoy, en el primer debate, que fue hist\u00f3rico porque nunca se ha tenido debate aqu\u00ed en el pa\u00eds entre los candidatos m\u00e1s importantes presidenciales, se destaca que cada uno ten\u00eda la misma conexi\u00f3n con el tema haitiano\u201d expres\u00f3 a la&nbsp;<strong><em>Voz de Am\u00e9rica<\/em><\/strong>, Bridget Wooding, directora del Observatorio de Migrantes del Caribe (OBMICA).<\/p>\n\n\n\n<figure class=\"wp-block-image\"><img decoding=\"async\" src=\"https:\/\/gdb.voanews.com\/01000000-0aff-0242-7cb0-08dc7766930b_w650_r1_s.jpg\" alt=\"Bridget Wooding, Directora del Observatorio de Migraciones del Caribe con sede en Santo Domingo (OBMICA).\"\/><figcaption class=\"wp-element-caption\">Bridget Wooding, Directora del Observatorio de Migraciones del Caribe con sede en Santo Domingo (OBMICA).<\/figcaption><\/figure>\n\n\n\n<h3 class=\"wp-block-heading\">Un socio esencial para la econom\u00eda de la Rep\u00fablica Dominicana<\/h3>\n\n\n\n<p>Hait\u00ed es el segundo mercado de exportaci\u00f3n para la Rep\u00fablica Dominicana, despu\u00e9s de Estados Unidos. Los productos agr\u00edcolas dominicanos y otros bienes han invadido los mercados haitianos. El comercio binacional es impresionante, especialmente en Dajab\u00f3n. Este comercio es en parte informal y el contrabando es significativo en la zona fronteriza.<\/p>\n\n\n\n<p>Empresas dominicanas, especialmente en el sector de la construcci\u00f3n, han obtenido contratos en Hait\u00ed. Por ejemplo, el Grupo Estrella, de Santiago.<\/p>\n\n\n\n<p>Adem\u00e1s, las remesas de trabajadores haitianos en la Rep\u00fablica Dominicana son una importante contribuci\u00f3n a la econom\u00eda haitiana. Estas remesas, que totalizan m\u00e1s de 500 millones de d\u00f3lares al a\u00f1o, ayudan a mitigar la pobreza extrema en Hait\u00ed.<\/p>\n\n\n\n<p>VOA<\/p>\n","protected":false},"excerpt":{"rendered":"<p>Rep\u00fablica Dominicana se prepara para celebrar los comicios generales, con el foco puesto en la crisis haitiana. mayo 18, 2024 Compartir &nbsp;Vea comentarios &nbsp;Print Este domingo los dominicanos est\u00e1n llamados a las urnas para elegir un nuevo presidente en unos comicios que tendr\u00e1 la situaci\u00f3n de la seguridad del vecino Hait\u00ed como principal protagonista. SANTO [&hellip;]<\/p>\n","protected":false},"author":28,"featured_media":531549,"comment_status":"closed","ping_status":"closed","sticky":true,"template":"","format":"standard","meta":{"footnotes":""},"categories":[112,22],"tags":[],"class_list":["post-531548","post","type-post","status-publish","format-standard","has-post-thumbnail","hentry","category-haiti","category-politica"],"_links":{"self":[{"href":"https:\/\/diariodominicano.com\/index.php?rest_route=\/wp\/v2\/posts\/531548","targetHints":{"allow":["GET"]}}],"collection":[{"href":"https:\/\/diariodominicano.com\/index.php?rest_route=\/wp\/v2\/posts"}],"about":[{"href":"https:\/\/diariodominicano.com\/index.php?rest_route=\/wp\/v2\/types\/post"}],"author":[{"embeddable":true,"href":"https:\/\/diariodominicano.com\/index.php?rest_route=\/wp\/v2\/users\/28"}],"replies":[{"embeddable":true,"href":"https:\/\/diariodominicano.com\/index.php?rest_route=%2Fwp%2Fv2%2Fcomments&post=531548"}],"version-history":[{"count":3,"href":"https:\/\/diariodominicano.com\/index.php?rest_route=\/wp\/v2\/posts\/531548\/revisions"}],"predecessor-version":[{"id":531552,"href":"https:\/\/diariodominicano.com\/index.php?rest_route=\/wp\/v2\/posts\/531548\/revisions\/531552"}],"wp:featuredmedia":[{"embeddable":true,"href":"https:\/\/diariodominicano.com\/index.php?rest_route=\/wp\/v2\/media\/531549"}],"wp:attachment":[{"href":"https:\/\/diariodominicano.com\/index.php?rest_route=%2Fwp%2Fv2%2Fmedia&parent=531548"}],"wp:term":[{"taxonomy":"category","embeddable":true,"href":"https:\/\/diariodominicano.com\/index.php?rest_route=%2Fwp%2Fv2%2Fcategories&post=531548"},{"taxonomy":"post_tag","embeddable":true,"href":"https:\/\/diariodominicano.com\/index.php?rest_route=%2Fwp%2Fv2%2Ftags&post=531548"}],"curies":[{"name":"wp","href":"https:\/\/api.w.org\/{rel}","templated":true}]}}