{"id":531530,"date":"2024-05-18T19:52:35","date_gmt":"2024-05-18T23:52:35","guid":{"rendered":"https:\/\/diariodominicano.com\/?p=531530"},"modified":"2024-05-18T19:52:41","modified_gmt":"2024-05-18T23:52:41","slug":"ministerio-publico-obtiene-medida-de-coercion-contra-policia-que-maltrato-a-un-perro-en-municipio-las-yayas-de-azua","status":"publish","type":"post","link":"https:\/\/diariodominicano.com\/?p=531530","title":{"rendered":"Ministerio P\u00fablico obtiene medida de coerci\u00f3n contra polic\u00eda que maltrat\u00f3 a un perro en municipio Las Yayas, de Azua"},"content":{"rendered":"\n<p>LAS YAYAS DE VIAJAMA, AZUA (Rep\u00fablica Dominicana).- El Ministerio P\u00fablico de esta jurisdicci\u00f3n obtuvo medida de coerci\u00f3n consistente en presentaci\u00f3n peri\u00f3dica en contra de un raso de la Polic\u00eda Nacional que fue sometido a la justicia por maltratar a un perro, en un hecho ocurrido en el municipio Las Yayas de Viajama, de la provincia Azua.<\/p>\n\n\n\n<p>El juez suplente del Juzgado de Paz del municipio Las Yayas de Viajama, Jos\u00e9 Miguel de la Rosa, le impuso al imputado Felison Manuel Silvestre Patricio (Nico) la medida de coerci\u00f3n consistente en presentaci\u00f3n peri\u00f3dica por seis meses ante el Ministerio P\u00fablico.<\/p>\n\n\n\n<p>El fiscalizador Juan Diego Ram\u00edrez Galv\u00e1n, adscrito a la Fiscal\u00eda de Azua, actualmente en funciones en el Juzgado de Paz de Las Yayas de Viajama, dijo que contra el imputado se solicit\u00f3 la imposici\u00f3n de medida de coerci\u00f3n por violaci\u00f3n a la Ley No. 248-12 sobre Protecci\u00f3n Animal y Tenencia Responsable.&nbsp;<\/p>\n\n\n\n<p>Ram\u00edrez Galv\u00e1n est\u00e1 a cargo de la investigaci\u00f3n del hecho, ocurrido en la carretera S\u00e1nchez, pr\u00f3ximo al cruce del paraje El Corozo, del distrito municipal Villarpando de dicho municipio.<\/p>\n\n\n\n<p>Sobre el proceso, el Ministerio P\u00fablico inform\u00f3 que el pasado 13 de marzo de 2024 procedi\u00f3 con las investigaciones del caso luego de que se hiciera viral un v\u00eddeo en las redes sociales donde se observa al imputado maltratar al canino.<\/p>\n\n\n\n<p>En un comunicado de prensa, el \u00f3rgano persecutor de los delitos destaca que contin\u00faa ampliando las investigaciones del condenable hecho para procurar que se imponga la sanci\u00f3n correspondiente.<\/p>\n\n\n\n<p><strong>Direcci\u00f3n General de Comunicaci\u00f3n, Prensa, y RRPP<\/strong><strong><\/strong><\/p>\n\n\n\n<p>Ministerio P\u00fablico. R.D.<\/p>\n","protected":false},"excerpt":{"rendered":"<p>LAS YAYAS DE VIAJAMA, AZUA (Rep\u00fablica Dominicana).- El Ministerio P\u00fablico de esta jurisdicci\u00f3n obtuvo medida de coerci\u00f3n consistente en presentaci\u00f3n peri\u00f3dica en contra de un raso de la Polic\u00eda Nacional que fue sometido a la justicia por maltratar a un perro, en un hecho ocurrido en el municipio Las Yayas de Viajama, de la provincia [&hellip;]<\/p>\n","protected":false},"author":7,"featured_media":456880,"comment_status":"closed","ping_status":"closed","sticky":true,"template":"","format":"standard","meta":{"footnotes":""},"categories":[24,27],"tags":[],"class_list":["post-531530","post","type-post","status-publish","format-standard","has-post-thumbnail","hentry","category-justicia-y-derecho","category-portada"],"_links":{"self":[{"href":"https:\/\/diariodominicano.com\/index.php?rest_route=\/wp\/v2\/posts\/531530","targetHints":{"allow":["GET"]}}],"collection":[{"href":"https:\/\/diariodominicano.com\/index.php?rest_route=\/wp\/v2\/posts"}],"about":[{"href":"https:\/\/diariodominicano.com\/index.php?rest_route=\/wp\/v2\/types\/post"}],"author":[{"embeddable":true,"href":"https:\/\/diariodominicano.com\/index.php?rest_route=\/wp\/v2\/users\/7"}],"replies":[{"embeddable":true,"href":"https:\/\/diariodominicano.com\/index.php?rest_route=%2Fwp%2Fv2%2Fcomments&post=531530"}],"version-history":[{"count":1,"href":"https:\/\/diariodominicano.com\/index.php?rest_route=\/wp\/v2\/posts\/531530\/revisions"}],"predecessor-version":[{"id":531538,"href":"https:\/\/diariodominicano.com\/index.php?rest_route=\/wp\/v2\/posts\/531530\/revisions\/531538"}],"wp:featuredmedia":[{"embeddable":true,"href":"https:\/\/diariodominicano.com\/index.php?rest_route=\/wp\/v2\/media\/456880"}],"wp:attachment":[{"href":"https:\/\/diariodominicano.com\/index.php?rest_route=%2Fwp%2Fv2%2Fmedia&parent=531530"}],"wp:term":[{"taxonomy":"category","embeddable":true,"href":"https:\/\/diariodominicano.com\/index.php?rest_route=%2Fwp%2Fv2%2Fcategories&post=531530"},{"taxonomy":"post_tag","embeddable":true,"href":"https:\/\/diariodominicano.com\/index.php?rest_route=%2Fwp%2Fv2%2Ftags&post=531530"}],"curies":[{"name":"wp","href":"https:\/\/api.w.org\/{rel}","templated":true}]}}