{"id":531408,"date":"2024-05-18T01:11:51","date_gmt":"2024-05-18T05:11:51","guid":{"rendered":"https:\/\/diariodominicano.com\/?p=531408"},"modified":"2024-05-18T01:11:55","modified_gmt":"2024-05-18T05:11:55","slug":"se-cumplen-29-anos-de-la-desaparicion-del-panchen-lama","status":"publish","type":"post","link":"https:\/\/diariodominicano.com\/?p=531408","title":{"rendered":"Se cumplen 29 a\u00f1os de la desaparici\u00f3n del Panchen Lama"},"content":{"rendered":"\n<p>17 de mayo de 2024<\/p>\n\n\n\n<p>Hoy se cumplen 29 a\u00f1os desde que la Rep\u00fablica Popular China (RPC) secuestr\u00f3 al und\u00e9cimo Panchen Lama, una de las figuras m\u00e1s importantes del budismo tibetano, cuando ten\u00eda seis a\u00f1os. <\/p>\n\n\n\n<p>Gedhun Choekyi Nyima sigue desaparecido y no ha aparecido en p\u00fablico desde ese d\u00eda. <\/p>\n\n\n\n<p>El gobierno de la Rep\u00fablica Popular China niega a los miembros de la comunidad tibetana el acceso a esta importante figura religiosa y, en cambio, contin\u00faa promoviendo un representante seleccionado por el Estado.<\/p>\n\n\n\n<p>Estados Unidos apoya los derechos humanos de los tibetanos y su ejercicio de esos derechos en relaci\u00f3n con su identidad religiosa, cultural y ling\u00fc\u00edstica distintiva. Los tibetanos, como los miembros de todas las comunidades religiosas, deber\u00edan tener la capacidad de seleccionar, educar y venerar a sus propios l\u00edderes, como el Dalai Lama y el Panchen Lama, seg\u00fan sus propias creencias y sin interferencia del gobierno.<\/p>\n\n\n\n<p>Instamos a las autoridades de la Rep\u00fablica Popular China a dar cuenta de inmediato del paradero y el bienestar de Gedhun Choekyi Nyima y a permitirle ejercer plenamente sus derechos humanos de acuerdo con los compromisos internacionales de la Rep\u00fablica Popular China.<\/p>\n\n\n\n<p>U.S. Department of State<\/p>\n\n\n\n<p><a target=\"_blank\" href=\"mailto:usstatebpa@public.govdelivery.com\" rel=\"noreferrer noopener\">usstatebpa@public.govdelivery.com<\/a><\/p>\n","protected":false},"excerpt":{"rendered":"<p>17 de mayo de 2024 Hoy se cumplen 29 a\u00f1os desde que la Rep\u00fablica Popular China (RPC) secuestr\u00f3 al und\u00e9cimo Panchen Lama, una de las figuras m\u00e1s importantes del budismo tibetano, cuando ten\u00eda seis a\u00f1os. Gedhun Choekyi Nyima sigue desaparecido y no ha aparecido en p\u00fablico desde ese d\u00eda. El gobierno de la Rep\u00fablica Popular [&hellip;]<\/p>\n","protected":false},"author":28,"featured_media":482266,"comment_status":"closed","ping_status":"closed","sticky":false,"template":"","format":"standard","meta":{"footnotes":""},"categories":[26,23],"tags":[],"class_list":["post-531408","post","type-post","status-publish","format-standard","has-post-thumbnail","hentry","category-efemerides","category-internacional"],"_links":{"self":[{"href":"https:\/\/diariodominicano.com\/index.php?rest_route=\/wp\/v2\/posts\/531408","targetHints":{"allow":["GET"]}}],"collection":[{"href":"https:\/\/diariodominicano.com\/index.php?rest_route=\/wp\/v2\/posts"}],"about":[{"href":"https:\/\/diariodominicano.com\/index.php?rest_route=\/wp\/v2\/types\/post"}],"author":[{"embeddable":true,"href":"https:\/\/diariodominicano.com\/index.php?rest_route=\/wp\/v2\/users\/28"}],"replies":[{"embeddable":true,"href":"https:\/\/diariodominicano.com\/index.php?rest_route=%2Fwp%2Fv2%2Fcomments&post=531408"}],"version-history":[{"count":1,"href":"https:\/\/diariodominicano.com\/index.php?rest_route=\/wp\/v2\/posts\/531408\/revisions"}],"predecessor-version":[{"id":531409,"href":"https:\/\/diariodominicano.com\/index.php?rest_route=\/wp\/v2\/posts\/531408\/revisions\/531409"}],"wp:featuredmedia":[{"embeddable":true,"href":"https:\/\/diariodominicano.com\/index.php?rest_route=\/wp\/v2\/media\/482266"}],"wp:attachment":[{"href":"https:\/\/diariodominicano.com\/index.php?rest_route=%2Fwp%2Fv2%2Fmedia&parent=531408"}],"wp:term":[{"taxonomy":"category","embeddable":true,"href":"https:\/\/diariodominicano.com\/index.php?rest_route=%2Fwp%2Fv2%2Fcategories&post=531408"},{"taxonomy":"post_tag","embeddable":true,"href":"https:\/\/diariodominicano.com\/index.php?rest_route=%2Fwp%2Fv2%2Ftags&post=531408"}],"curies":[{"name":"wp","href":"https:\/\/api.w.org\/{rel}","templated":true}]}}