{"id":53140,"date":"2020-06-05T20:00:48","date_gmt":"2020-06-05T20:00:48","guid":{"rendered":"http:\/\/diariodominicano.ddns.net\/?p=53140"},"modified":"2020-06-05T20:00:48","modified_gmt":"2020-06-05T20:00:48","slug":"reinician-en-dominicana-entrega-de-premios-anuales-de-literatura","status":"publish","type":"post","link":"https:\/\/diariodominicano.com\/?p=53140","title":{"rendered":"Reinician en Dominicana entrega de Premios Anuales de Literatura"},"content":{"rendered":"<p><body><\/p>\n<p><img decoding=\"async\" src=\"img3\/cultura-dom5-6.jpg\" \/>  <\/p>\n<p><span class=\"text1noticias\">diariodominicano.com<\/span><\/p>\n<\/p>\n<p><span class=\"text1noticias\">Santo Domingo, 5 jun (Prensa Latina) El Ministerio de Cultura dominicano anunci\u00f3 el reinicio de la entrega de los Premios Anuales de Literatura en el marco de la normalizaci\u00f3n de las actividades culturales en el pa\u00eds, se divulg\u00f3 hoy aqu\u00ed.<\/span><\/p>\n<p><span class=\"text1noticias\"> <\/span><\/p>\n<p><span class=\"text1noticias\">Seg\u00fan sus organizadores, en el concurso literario de este a\u00f1o compiten unas 88 obras las cuales fueron presentadas por autores nacionales al cierre del plazo de entrega previsto en la convocatoria.<\/span><\/p>\n<p><span class=\"text1noticias\"> <\/span><\/p>\n<p><span class=\"text1noticias\">El Premio que se entrega anualmente, es el incentivo m\u00e1s importante de las letras en Rep\u00fablica Dominicana y se otorgan en los g\u00e9neros de Cuento, Poes\u00eda, Novela, Ensayo, Teatro y Literatura Infantil y Juvenil.<\/span><\/p>\n<p><span class=\"text1noticias\"> <\/span><\/p>\n<p><span class=\"text1noticias\">Las autoridades de cultura se\u00f1alaron que en aras de preservar los valores de la cultura y el est\u00edmulo a los escritores de esta naci\u00f3n, cerrada la convocatoria, las obras depositadas ser\u00e1n puestas en manos de los jurados.<\/span><\/p>\n<p><span class=\"text1noticias\"> <\/span><\/p>\n<p><span class=\"text1noticias\">Asimismo, se inform\u00f3 que los veredictos de los jurados por cada rengl\u00f3n ser\u00e1n anunciados el 6 de agosto mediante acto notarial y apertura p\u00fablica de los sobres.<\/span><\/p>\n<p><span class=\"text1noticias\"> <\/span><\/p>\n<p><span class=\"text1noticias\">La dotaci\u00f3n en met\u00e1lico del premio para el ganador en cada categor\u00eda ser\u00e1 de 200 mil pesos (tres mil 500 d\u00f3lares).<\/span><\/p>\n<p><span class=\"text1noticias\"> <\/span><\/p>\n<p><span class=\"text1noticias\">tgj\/ema<\/span><\/p>\n<h6> 2020-06-05 20:00:48 <\/h6>\n<p><!--\n<link rel=\"stylesheet\" href=\"css\/bootstrap.min.css\">\n\n\n<ul class=\"pagination\">\n\t    \n\t\n\n<li >\n\t<a href='?page_no=540'>Previous<\/a>\n\t<\/li>\n\n\n       \n    \n\n<li><a href='?page_no=1'>1<\/a><\/li>\n\n\n\n<li><a href='?page_no=2'>2<\/a><\/li>\n\n\n\n<li><a>...<\/a><\/li>\n\n\n\n<li><a href='?page_no=539'>539<\/a><\/li>\n\n\n\n<li><a href='?page_no=540'>540<\/a><\/li>\n\n\n\n<li class='active'><a>541<\/a><\/li>\n\n\n\n<li><a href='?page_no=542'>542<\/a><\/li>\n\n\n\n<li><a href='?page_no=543'>543<\/a><\/li>\n\n\n\n<li><a>...<\/a><\/li>\n\n\n\n<li><a href='?page_no=22911'>22911<\/a><\/li>\n\n\n\n<li><a href='?page_no=22912'>22912<\/a><\/li>\n\n    \n\t\n\n<li >\n\t<a href='?page_no=542'>Next<\/a>\n\t<\/li>\n\n\n    \n\n<li><a href='?page_no=22912'>Last &rsaquo;&rsaquo;<\/a><\/li>\n\n<\/ul>\n\n\n--><br \/>\n<\/body><\/p>\n","protected":false},"excerpt":{"rendered":"<p>diariodominicano.com Santo Domingo, 5 jun (Prensa Latina) El Ministerio de Cultura dominicano anunci\u00f3 el reinicio de la entrega de los Premios Anuales de Literatura en el marco de la normalizaci\u00f3n de las actividades culturales en el pa\u00eds, se divulg\u00f3 hoy aqu\u00ed. Seg\u00fan sus organizadores, en el concurso literario de este a\u00f1o compiten unas 88 obras [&hellip;]<\/p>\n","protected":false},"author":3,"featured_media":0,"comment_status":"open","ping_status":"open","sticky":false,"template":"","format":"standard","meta":{"footnotes":""},"categories":[21],"tags":[],"class_list":["post-53140","post","type-post","status-publish","format-standard","hentry","category-cultura"],"_links":{"self":[{"href":"https:\/\/diariodominicano.com\/index.php?rest_route=\/wp\/v2\/posts\/53140","targetHints":{"allow":["GET"]}}],"collection":[{"href":"https:\/\/diariodominicano.com\/index.php?rest_route=\/wp\/v2\/posts"}],"about":[{"href":"https:\/\/diariodominicano.com\/index.php?rest_route=\/wp\/v2\/types\/post"}],"author":[{"embeddable":true,"href":"https:\/\/diariodominicano.com\/index.php?rest_route=\/wp\/v2\/users\/3"}],"replies":[{"embeddable":true,"href":"https:\/\/diariodominicano.com\/index.php?rest_route=%2Fwp%2Fv2%2Fcomments&post=53140"}],"version-history":[{"count":0,"href":"https:\/\/diariodominicano.com\/index.php?rest_route=\/wp\/v2\/posts\/53140\/revisions"}],"wp:attachment":[{"href":"https:\/\/diariodominicano.com\/index.php?rest_route=%2Fwp%2Fv2%2Fmedia&parent=53140"}],"wp:term":[{"taxonomy":"category","embeddable":true,"href":"https:\/\/diariodominicano.com\/index.php?rest_route=%2Fwp%2Fv2%2Fcategories&post=53140"},{"taxonomy":"post_tag","embeddable":true,"href":"https:\/\/diariodominicano.com\/index.php?rest_route=%2Fwp%2Fv2%2Ftags&post=53140"}],"curies":[{"name":"wp","href":"https:\/\/api.w.org\/{rel}","templated":true}]}}