{"id":531289,"date":"2024-05-17T09:05:06","date_gmt":"2024-05-17T13:05:06","guid":{"rendered":"https:\/\/diariodominicano.com\/?p=531289"},"modified":"2024-05-17T09:05:08","modified_gmt":"2024-05-17T13:05:08","slug":"lanzaran-album-queria-saber-del-cantautor-cubano-silvio-rodriguez","status":"publish","type":"post","link":"https:\/\/diariodominicano.com\/?p=531289","title":{"rendered":"Lanzar\u00e1n \u00e1lbum Quer\u00eda saber, del cantautor cubano Silvio Rodr\u00edguez"},"content":{"rendered":"\n<p>La Habana, 17 may (Prensa Latina) De pl\u00e1cemes se encuentran hoy los admiradores del destacado cantautor cubano Silvio Rodr\u00edguez, pues el 7 de junio pr\u00f3ximo se lanzar\u00e1 en las principales plataformas digitales su \u00e1lbum Quer\u00eda saber.<\/p>\n\n\n\n<ul class=\"wp-block-list\">\n<li><a href=\"https:\/\/www.prensa-latina.cu\/2024\/05\/17\/\"><time>mayo 17, 2024 | 08:11<\/time><\/a><\/li>\n<\/ul>\n\n\n\n<p>De acuerdo con un comunicado de los Estudios Ojal\u00e1, donde se grab\u00f3 el fonograma entre 2019 y 2024, estar\u00e1n disponibles los d\u00edas 24 y 31 de mayo los sencillos Quer\u00eda saber y Am\u00e9rica, respectivamente.<\/p>\n\n\n\n<p>Es dif\u00edcil ponerle nombre a un disco, primero iba a ser Canciones del siglo XXI (menos una), luego pens\u00e9 en Despu\u00e9s y por \u00faltimo me decid\u00ed por Quer\u00eda saber, aunque quiz\u00e1 deber\u00eda llamarse Quiero saber, pues eso es lo que me mueve, opin\u00f3 el virtuoso.<\/p>\n\n\n\n<p>La \u00fanica canci\u00f3n que no es de este siglo es la \u00faltima, o sea, Tonada para dos poemas, de Rub\u00e9n Mart\u00ednez Villena, destac\u00f3.<\/p>\n\n\n\n<p>Al decir del artista, compuso esta m\u00fasica a principios de los a\u00f1os 70, cuando Roberto Fern\u00e1ndez Retamar le pidi\u00f3 que hiciera un disco con poemas de Jos\u00e9 Mart\u00ed, \u201cy le dije que no me atrev\u00eda, por la calidad de los que hab\u00edan salido con la autor\u00eda de Pablo Milan\u00e9s, Sara Gonz\u00e1lez y Amaury P\u00e9rez\u201d.<\/p>\n\n\n\n<p>En aquella \u00e9poca Fern\u00e1ndez Retamar le sugiri\u00f3 que lo hiciera con poemas de Mart\u00ednez Villena, poeta y revolucionario de los a\u00f1os 30, que ambos admiraban.<\/p>\n\n\n\n<p>Logr\u00e9 musicar algunos de sus versos, pero lo \u00fanico que decid\u00ed mostrar fue mi acercamiento a estas dos intensas cuartetas alejandrinas, \u00a1tan vigentes!, rememor\u00f3.<\/p>\n\n\n\n<p>Entonces grab\u00e9 una versi\u00f3n con Emiliano Salvador, Eduardo Ramos y Leoginaldo Pimentel, integrantes, como yo, de aquel remoto Grupo de Experimentaci\u00f3n Sonora del Icaic (GES), a\u00f1adi\u00f3.<\/p>\n\n\n\n<p>Creo que esta nueva versi\u00f3n tambi\u00e9n vale la pena, por los excelentes m\u00fasicos que<\/p>\n\n\n\n<p>me acompa\u00f1an, asegur\u00f3.<\/p>\n\n\n\n<p>Mencion\u00f3 adem\u00e1s que las otras canciones, las actuales, las interpret\u00f3 en muchos conciertos de barrio, \u201cy creo que son como este joven y maltrecho siglo, al que espero<\/p>\n\n\n\n<p>que un buen d\u00eda le crezcan las alas\u201d.<\/p>\n\n\n\n<p>Bajo la direcci\u00f3n musical y producci\u00f3n de Rodr\u00edguez, Quer\u00eda saber lo componen otros grandes m\u00fasicos de nuestro pa\u00eds como Jorge Arag\u00f3n y Frank Fern\u00e1ndez al piano en el tema \u00c1ngel ciego, Niurka Gonz\u00e1lez en flautas, clarinetes y coros, Oliver Vald\u00e9s (bater\u00eda y percusi\u00f3n), Emilio Vega (vibr\u00e1fono y congas), entre otros.<\/p>\n\n\n\n<p>mem\/amr<\/p>\n","protected":false},"excerpt":{"rendered":"<p>La Habana, 17 may (Prensa Latina) De pl\u00e1cemes se encuentran hoy los admiradores del destacado cantautor cubano Silvio Rodr\u00edguez, pues el 7 de junio pr\u00f3ximo se lanzar\u00e1 en las principales plataformas digitales su \u00e1lbum Quer\u00eda saber. De acuerdo con un comunicado de los Estudios Ojal\u00e1, donde se grab\u00f3 el fonograma entre 2019 y 2024, estar\u00e1n [&hellip;]<\/p>\n","protected":false},"author":28,"featured_media":0,"comment_status":"closed","ping_status":"closed","sticky":false,"template":"","format":"standard","meta":{"footnotes":""},"categories":[36,25],"tags":[],"class_list":["post-531289","post","type-post","status-publish","format-standard","hentry","category-hombresmujeresycosas","category-gente"],"_links":{"self":[{"href":"https:\/\/diariodominicano.com\/index.php?rest_route=\/wp\/v2\/posts\/531289","targetHints":{"allow":["GET"]}}],"collection":[{"href":"https:\/\/diariodominicano.com\/index.php?rest_route=\/wp\/v2\/posts"}],"about":[{"href":"https:\/\/diariodominicano.com\/index.php?rest_route=\/wp\/v2\/types\/post"}],"author":[{"embeddable":true,"href":"https:\/\/diariodominicano.com\/index.php?rest_route=\/wp\/v2\/users\/28"}],"replies":[{"embeddable":true,"href":"https:\/\/diariodominicano.com\/index.php?rest_route=%2Fwp%2Fv2%2Fcomments&post=531289"}],"version-history":[{"count":1,"href":"https:\/\/diariodominicano.com\/index.php?rest_route=\/wp\/v2\/posts\/531289\/revisions"}],"predecessor-version":[{"id":531290,"href":"https:\/\/diariodominicano.com\/index.php?rest_route=\/wp\/v2\/posts\/531289\/revisions\/531290"}],"wp:attachment":[{"href":"https:\/\/diariodominicano.com\/index.php?rest_route=%2Fwp%2Fv2%2Fmedia&parent=531289"}],"wp:term":[{"taxonomy":"category","embeddable":true,"href":"https:\/\/diariodominicano.com\/index.php?rest_route=%2Fwp%2Fv2%2Fcategories&post=531289"},{"taxonomy":"post_tag","embeddable":true,"href":"https:\/\/diariodominicano.com\/index.php?rest_route=%2Fwp%2Fv2%2Ftags&post=531289"}],"curies":[{"name":"wp","href":"https:\/\/api.w.org\/{rel}","templated":true}]}}