{"id":53128,"date":"2020-11-13T23:33:38","date_gmt":"2020-11-13T23:33:38","guid":{"rendered":"http:\/\/diariodominicano.ddns.net\/?p=53128"},"modified":"2020-11-13T23:33:38","modified_gmt":"2020-11-13T23:33:38","slug":"santana-reparte-cargos","status":"publish","type":"post","link":"https:\/\/diariodominicano.com\/?p=53128","title":{"rendered":"Santana reparte cargos"},"content":{"rendered":"<p><body><\/p>\n<p><img decoding=\"async\" src=\"img3\/General Pedro Santana.jpg\" \/>  <\/p>\n<p><strong>Diariodominicano.com<\/strong><\/p>\n<p><strong>Santana reparte cargos <\/strong><\/p>\n<p>Santana hab\u00eda sido juramentado el d\u00eda 13 de noviembre de 1844, primer Presidente dominicano con lo que termin\u00f3 la administraci\u00f3n de la Junta Central Gubernativa, el primer \u00f3rgano  de Gobierno que tuvo la Rep\u00fablica Dominicana.<\/p>\n<p><strong>Por H\u00e9ctor Tineo Nolasco<\/strong><\/p>\n<p><strong>Diariodominicano.com<\/strong><\/p>\n<p><strong>SANTO DOMINGO, el 14 de noviembre de 1844<\/strong>, el Presidente Pedro Santana,  entre sus primeras disposiciones  design\u00f3 en los principales cargos de la Rep\u00fablica  a antiguos colaboradores suyos.<\/p>\n<\/p>\n<p>Santana hab\u00eda sido juramentado el d\u00eda 13 de noviembre de 1844, primer Presidente dominicano con lo que termin\u00f3 la administraci\u00f3n de la Junta Central Gubernativa, el primer \u00f3rgano  de Gobierno que tuvo la Rep\u00fablica Dominicana.<\/p>\n<\/p>\n<p>Santana hab\u00eda sido un comandante militar  que se distingui\u00f3 por sus cualidades de estratega y por su valor,  en la lucha contra los haitianos por la consolidaci\u00f3n  de la Independencia Nacional, proclamada el 27 de febrero de 1844.<\/p>\n<\/p>\n<p>    Hab\u00eda nacido en la comunidad fronteriza de Hincha, el 29 de junio de 1801, hijo de Pedro Santana y Petronila Familia.<\/p>\n<\/p>\n<p>   Su padre fue un militar del Ej\u00e9rcito Espa\u00f1ol de la Reconquista y cuando la Batalla de Palo Hincado era Capit\u00e1n. En todas las batallas que comand\u00f3 Pedro Santana  contra los haitianos que invadieron el territorio nacional, sali\u00f3 victorioso.<\/p>\n<\/p>\n<p>    Fue  un hombre autoritario que no cre\u00eda en las  ideas liberales que enarbolaron los trinitarios que segu\u00edan el pensamiento de Juan Pablo Duarte. A petici\u00f3n suya la  primera Constituci\u00f3n  de la Rep\u00fablica, consagraba poderes extraordinarios al Presidente de la Rep\u00fablica.<\/p>\n<\/p>\n<p>   Ocurri\u00f3 que cuando estudi\u00f3 con sus asesores el primer proyecto de la Constituci\u00f3n de la Rep\u00fablica, se  neg\u00f3 a aceptar ser elegido  Presidente con una  Carta Magna, como la presentada.<\/p>\n<\/p>\n<p>   Santana consideraba que el poder pol\u00edtico de la Rep\u00fablica Dominicana tiene que ser militar y no civil, porque el estado de guerra con Hait\u00ed, as\u00ed lo demandaba.<\/p>\n<\/p>\n<p>   Versiones de la \u00e9poca dan cuenta de que al recibir la reacci\u00f3n de rechazo de Santana,  el Congreso Constituyente de San Crist\u00f3bal se mostr\u00f3 reticente a aceptar las exigencias del l\u00edder militar y pol\u00edtico.<\/p>\n<\/p>\n<p>    La situaci\u00f3n origin\u00f3 un ambiente  de tensi\u00f3n  entre la Asamblea Constituyente y la Junta Central Gubernativa,  el  cual qued\u00f3 solucionado cuando por iniciativa de Tom\u00e1s Bobadilla y Briones, se agreg\u00f3  a la Constituci\u00f3n de San Crist\u00f3bal, del 6 de noviembre de 1844, el art\u00edculo 210, que  dispone:  <\/p>\n<\/p>\n<p>   \u00abDurante la guerra  actual y mientras no est\u00e9 firmada la paz, el Presidente de la Rep\u00fablica puede libremente organizar el ej\u00e9rcito y armada, movilizar las  guardias de la naci\u00f3n; pudiendo, en consecuencia, dar todas las \u00f3rdenes, providencias y decretos que convengan, sin estar sujeto a responsabilidad alguna\u00bb.  <\/p>\n<\/p>\n<p>   De esa manera, Rep\u00fablica Dominicana  qued\u00f3 con una  Constituci\u00f3n que consagraba la dictadura pol\u00edtica e invalidaba las disposiciones democr\u00e1ticas en la primera Carta  Magna, votada el 6 de noviembre de 1844.<\/p>\n<\/p>\n<p>   Al lograr la Constituci\u00f3n que deseaba,  Santana acept\u00f3 ser escogido Presidente de  la Rep\u00fablica, para  dos per\u00edodos consecutivos de  cuatro  a\u00f1os. Fue juramentado el 13 de noviembre de 1844.  De inmediato cre\u00f3 su Consejo de Ministros y como gobernadores design\u00f3 a militares que se distinguieron en la lucha contra las invasiones de los haitianos.<\/p>\n<\/p>\n<p>   La primera administraci\u00f3n del Presidente Santana fue muy dif\u00edcil y se vio agravada por la invasi\u00f3n haitiana de 1845. Su  r\u00e9gimen dictatorial fue incapaz de dar soluci\u00f3n a los problemas econ\u00f3micos del pa\u00eds y por ello fue perdiendo apoyo en la poblaci\u00f3n.<\/p>\n<\/p>\n<p>    En su primer Gobierno,  Santana enfrent\u00f3 a los trinitarios y el 27 de Febrero de 1845, en el primer aniversario de la fundaci\u00f3n de la Rep\u00fablica, fusil\u00f3 a Mar\u00eda Trinidad S\u00e1nchez  y a un grupo de trinitarios acusados de conspirar para derrocar su Gobierno.<\/p>\n<\/p>\n<p>    En  el a\u00f1o 1847, orden\u00f3 el fusilamiento de los hermanos Gabino y Jos\u00e9  Joaqu\u00edn Puello.<\/p>\n<\/p>\n<p>   Enfrent\u00f3 a la Iglesia Cat\u00f3lica, que se opuso a la ley que promulg\u00f3 el 7 de junio de 1845, en virtud de la cual  ratific\u00f3 la pol\u00edtica haitiana iniciada en 1824, durante el Gobierno de la Ocupaci\u00f3n,  para dejar  sin efecto para siempre los censos,  capellan\u00edas, capitales y rentas eclesi\u00e1sticas que afectaban los bienes rurales  situados en la antigua parte espa\u00f1ola, desde 1844,  Rep\u00fablica Dominicana, dejando los bienes y propiedades exentos de todo gravamen o hipoteca.<\/p>\n<\/p>\n<p>   El primer Gobierno del General Pedro Santana  termin\u00f3 el 4 de agosto de 1848;  luego fue presidente de  la Rep\u00fablica durante los per\u00edodos del 30 de mayo de 1849 al 23 de septiembre de 1849, del 15 de febrero de 1853 al 26 de mayo de 1856; del 13 de junio de 1858  al 18 de marzo de 1861, cuando anex\u00f3 el pa\u00eds a Espa\u00f1a.<\/p>\n<h6> 2020-11-13 23:33:38 <\/h6>\n<p><!--\n<link rel=\"stylesheet\" href=\"css\/bootstrap.min.css\">\n\n\n<ul class=\"pagination\">\n\t    \n\t\n\n<li >\n\t<a href='?page_no=53'>Previous<\/a>\n\t<\/li>\n\n\n       \n    \n\n<li><a href='?page_no=1'>1<\/a><\/li>\n\n\n\n<li><a href='?page_no=2'>2<\/a><\/li>\n\n\n\n<li><a>...<\/a><\/li>\n\n\n\n<li><a href='?page_no=52'>52<\/a><\/li>\n\n\n\n<li><a href='?page_no=53'>53<\/a><\/li>\n\n\n\n<li class='active'><a>54<\/a><\/li>\n\n\n\n<li><a href='?page_no=55'>55<\/a><\/li>\n\n\n\n<li><a href='?page_no=56'>56<\/a><\/li>\n\n\n\n<li><a>...<\/a><\/li>\n\n\n\n<li><a href='?page_no=22911'>22911<\/a><\/li>\n\n\n\n<li><a href='?page_no=22912'>22912<\/a><\/li>\n\n    \n\t\n\n<li >\n\t<a href='?page_no=55'>Next<\/a>\n\t<\/li>\n\n\n    \n\n<li><a href='?page_no=22912'>Last &rsaquo;&rsaquo;<\/a><\/li>\n\n<\/ul>\n\n\n--><br \/>\n<\/body><\/p>\n","protected":false},"excerpt":{"rendered":"<p>Diariodominicano.com Santana reparte cargos Santana hab\u00eda sido juramentado el d\u00eda 13 de noviembre de 1844, primer Presidente dominicano con lo que termin\u00f3 la administraci\u00f3n de la Junta Central Gubernativa, el primer \u00f3rgano de Gobierno que tuvo la Rep\u00fablica Dominicana. Por H\u00e9ctor Tineo Nolasco Diariodominicano.com SANTO DOMINGO, el 14 de noviembre de 1844, el Presidente Pedro [&hellip;]<\/p>\n","protected":false},"author":3,"featured_media":0,"comment_status":"open","ping_status":"open","sticky":false,"template":"","format":"standard","meta":{"footnotes":""},"categories":[21],"tags":[],"class_list":["post-53128","post","type-post","status-publish","format-standard","hentry","category-cultura"],"_links":{"self":[{"href":"https:\/\/diariodominicano.com\/index.php?rest_route=\/wp\/v2\/posts\/53128","targetHints":{"allow":["GET"]}}],"collection":[{"href":"https:\/\/diariodominicano.com\/index.php?rest_route=\/wp\/v2\/posts"}],"about":[{"href":"https:\/\/diariodominicano.com\/index.php?rest_route=\/wp\/v2\/types\/post"}],"author":[{"embeddable":true,"href":"https:\/\/diariodominicano.com\/index.php?rest_route=\/wp\/v2\/users\/3"}],"replies":[{"embeddable":true,"href":"https:\/\/diariodominicano.com\/index.php?rest_route=%2Fwp%2Fv2%2Fcomments&post=53128"}],"version-history":[{"count":0,"href":"https:\/\/diariodominicano.com\/index.php?rest_route=\/wp\/v2\/posts\/53128\/revisions"}],"wp:attachment":[{"href":"https:\/\/diariodominicano.com\/index.php?rest_route=%2Fwp%2Fv2%2Fmedia&parent=53128"}],"wp:term":[{"taxonomy":"category","embeddable":true,"href":"https:\/\/diariodominicano.com\/index.php?rest_route=%2Fwp%2Fv2%2Fcategories&post=53128"},{"taxonomy":"post_tag","embeddable":true,"href":"https:\/\/diariodominicano.com\/index.php?rest_route=%2Fwp%2Fv2%2Ftags&post=53128"}],"curies":[{"name":"wp","href":"https:\/\/api.w.org\/{rel}","templated":true}]}}