{"id":531243,"date":"2024-05-17T01:32:18","date_gmt":"2024-05-17T05:32:18","guid":{"rendered":"https:\/\/diariodominicano.com\/?p=531243"},"modified":"2024-05-17T01:36:14","modified_gmt":"2024-05-17T05:36:14","slug":"oyentes-celebran-28-aniversario-del-programa-comunicacion-y-democracia","status":"publish","type":"post","link":"https:\/\/diariodominicano.com\/?p=531243","title":{"rendered":"Oyentes celebran 28 aniversario del programa Comunicaci\u00f3n y Democracia"},"content":{"rendered":"\n<p>Miembros del Club de Oyentes del programa Comunicaci\u00f3n y Democracia que participaron en el encuentro con motivo del 28 aniversario.<\/p>\n\n\n\n<figure class=\"wp-block-image size-large\"><img loading=\"lazy\" decoding=\"async\" width=\"953\" height=\"1024\" src=\"https:\/\/diariodominicano.com\/wp-content\/uploads\/2024\/05\/Carolina-Dijol-madre-de-la-oyente-fallecida-Cecilia-Dijol-recibe-una-foto-de-su-hija-junto-a-Rafael-Rodriguez-y-Francisca-Ramirez-953x1024.jpg\" alt=\"\" class=\"wp-image-531245\" srcset=\"https:\/\/diariodominicano.com\/wp-content\/uploads\/2024\/05\/Carolina-Dijol-madre-de-la-oyente-fallecida-Cecilia-Dijol-recibe-una-foto-de-su-hija-junto-a-Rafael-Rodriguez-y-Francisca-Ramirez-953x1024.jpg 953w, https:\/\/diariodominicano.com\/wp-content\/uploads\/2024\/05\/Carolina-Dijol-madre-de-la-oyente-fallecida-Cecilia-Dijol-recibe-una-foto-de-su-hija-junto-a-Rafael-Rodriguez-y-Francisca-Ramirez-279x300.jpg 279w, https:\/\/diariodominicano.com\/wp-content\/uploads\/2024\/05\/Carolina-Dijol-madre-de-la-oyente-fallecida-Cecilia-Dijol-recibe-una-foto-de-su-hija-junto-a-Rafael-Rodriguez-y-Francisca-Ramirez-768x825.jpg 768w, https:\/\/diariodominicano.com\/wp-content\/uploads\/2024\/05\/Carolina-Dijol-madre-de-la-oyente-fallecida-Cecilia-Dijol-recibe-una-foto-de-su-hija-junto-a-Rafael-Rodriguez-y-Francisca-Ramirez-1430x1536.jpg 1430w, https:\/\/diariodominicano.com\/wp-content\/uploads\/2024\/05\/Carolina-Dijol-madre-de-la-oyente-fallecida-Cecilia-Dijol-recibe-una-foto-de-su-hija-junto-a-Rafael-Rodriguez-y-Francisca-Ramirez-816x877.jpg 816w, https:\/\/diariodominicano.com\/wp-content\/uploads\/2024\/05\/Carolina-Dijol-madre-de-la-oyente-fallecida-Cecilia-Dijol-recibe-una-foto-de-su-hija-junto-a-Rafael-Rodriguez-y-Francisca-Ramirez.jpg 1698w\" sizes=\"auto, (max-width: 953px) 100vw, 953px\" \/><\/figure>\n\n\n\n<p><strong>Carolina Dijol, madre de la oyente fallecida Cecilia Dijol, recibe una foto de su hija junto a Rafael Rodr\u00edguez y Francisca Ram\u00edrez.<\/strong><\/p>\n\n\n\n<p>Santo Domingo, Rep\u00fablica Dominicana.- Con un emotivo encuentro con sus oyentes, el programa Comunicaci\u00f3n y Democracia celebr\u00f3 su 28 aniversario de transmisi\u00f3n ininterrumpida a trav\u00e9s de los 830 AM de HIJB, divisi\u00f3n de radio de Teleantillas, de 2:00 a 3:00 de la tarde.<\/p>\n\n\n\n<figure class=\"wp-block-image size-large\"><img loading=\"lazy\" decoding=\"async\" width=\"1024\" height=\"607\" src=\"https:\/\/diariodominicano.com\/wp-content\/uploads\/2024\/05\/Olivo-de-Leon-Francisca-Ramirez-Jose-Popa-y-Yosarah-Fernandez-durante-la-entrega-de-constituciones-y-libros-para-iniciar-la-biblioteca-1024x607.jpg\" alt=\"\" class=\"wp-image-531246\" srcset=\"https:\/\/diariodominicano.com\/wp-content\/uploads\/2024\/05\/Olivo-de-Leon-Francisca-Ramirez-Jose-Popa-y-Yosarah-Fernandez-durante-la-entrega-de-constituciones-y-libros-para-iniciar-la-biblioteca-1024x607.jpg 1024w, https:\/\/diariodominicano.com\/wp-content\/uploads\/2024\/05\/Olivo-de-Leon-Francisca-Ramirez-Jose-Popa-y-Yosarah-Fernandez-durante-la-entrega-de-constituciones-y-libros-para-iniciar-la-biblioteca-300x178.jpg 300w, https:\/\/diariodominicano.com\/wp-content\/uploads\/2024\/05\/Olivo-de-Leon-Francisca-Ramirez-Jose-Popa-y-Yosarah-Fernandez-durante-la-entrega-de-constituciones-y-libros-para-iniciar-la-biblioteca-768x456.jpg 768w, https:\/\/diariodominicano.com\/wp-content\/uploads\/2024\/05\/Olivo-de-Leon-Francisca-Ramirez-Jose-Popa-y-Yosarah-Fernandez-durante-la-entrega-de-constituciones-y-libros-para-iniciar-la-biblioteca-1536x911.jpg 1536w, https:\/\/diariodominicano.com\/wp-content\/uploads\/2024\/05\/Olivo-de-Leon-Francisca-Ramirez-Jose-Popa-y-Yosarah-Fernandez-durante-la-entrega-de-constituciones-y-libros-para-iniciar-la-biblioteca-816x484.jpg 816w, https:\/\/diariodominicano.com\/wp-content\/uploads\/2024\/05\/Olivo-de-Leon-Francisca-Ramirez-Jose-Popa-y-Yosarah-Fernandez-durante-la-entrega-de-constituciones-y-libros-para-iniciar-la-biblioteca.jpg 1829w\" sizes=\"auto, (max-width: 1024px) 100vw, 1024px\" \/><\/figure>\n\n\n\n<p><strong>Olivo de Le\u00f3n, Francisca Ram\u00edrez, Jos\u00e9 Popa y Yosarah Fern\u00e1ndez, durante la entrega de constituciones y libros para iniciar la biblioteca.<\/strong><\/p>\n\n\n\n<p>Esta actividad congreg\u00f3 a decenas de miembros del\u00a0<strong>Club de Oyentes<\/strong>\u00a0del espacio en la Logia V\u00e9ritas, donde compartieron en un ambiente de alegr\u00eda y confraternidad.<\/p>\n\n\n\n<p>Durante estos 28 a\u00f1os el espacio ha mantenido una l\u00ednea informativa imparcial, cr\u00edtica, objetiva, anal\u00edtica, al tiempo que ejecuta una amplia campa\u00f1a de orientaci\u00f3n ciudadana, manifest\u00f3 Francisca Ram\u00edrez, productora y conductora del programa.<\/p>\n\n\n\n<p>Ram\u00edrez record\u00f3 a los profesionales que durante tantos a\u00f1os han formado parte del programa Comunicaci\u00f3n y Democracia, entre ellos a Jos\u00e9 Bujosa Mieses, Ferm\u00edn Lorenzo, Juan Toribio, Jorge Matos, Mateo Zayas, Jos\u00e9 Luis Garc\u00eda, \u00c1ngelo Medina, Ren\u00e9 del Rosario, Dionis Garc\u00eda, Alex Jim\u00e9nez, Francisco P\u00e9rez Mart\u00ednez, Tony Vicente, Rom\u00e1n Jerez, Rafael Rodr\u00edguez y Yosarah Fern\u00e1ndez.<\/p>\n\n\n\n<p>Adem\u00e1s, pidi\u00f3 un minuto de aplausos en recordaci\u00f3n de amigos, colegas, oyentes y colaboradores fallecidos, como Luis Soto, pasado director de HIJB; Silvio Ortega, Jos\u00e9 Sarita, Domingo de Oca, Luis Emilio Rinc\u00f3n, Isidro Medrano, Josefa Beltr\u00e9, Pip\u00ed Pe\u00f1a, Ana Luisa Rinc\u00f3n, Celeste Acevedo, Mar\u00eda Serrata y Cecilia Dijol, entre otros.<\/p>\n\n\n\n<p>A Cecilia Dijol fue dedicado el 28 aniversario del programa Comunicaci\u00f3n y Democracia, y a cuya madre, Carolina Dijol, le fue entregada una fotograf\u00eda de Cecilia junto a Rafael Rodr\u00edguez y Francisca Ram\u00edrez.<\/p>\n\n\n\n<figure class=\"wp-block-image size-large\"><img loading=\"lazy\" decoding=\"async\" width=\"1024\" height=\"700\" src=\"https:\/\/diariodominicano.com\/wp-content\/uploads\/2024\/05\/Viviana-Limerick-Francisca-Ramirez-Patrick-Moreno-e-Iris-Limerick-1024x700.jpg\" alt=\"\" class=\"wp-image-531248\" srcset=\"https:\/\/diariodominicano.com\/wp-content\/uploads\/2024\/05\/Viviana-Limerick-Francisca-Ramirez-Patrick-Moreno-e-Iris-Limerick-1024x700.jpg 1024w, https:\/\/diariodominicano.com\/wp-content\/uploads\/2024\/05\/Viviana-Limerick-Francisca-Ramirez-Patrick-Moreno-e-Iris-Limerick-300x205.jpg 300w, https:\/\/diariodominicano.com\/wp-content\/uploads\/2024\/05\/Viviana-Limerick-Francisca-Ramirez-Patrick-Moreno-e-Iris-Limerick-768x525.jpg 768w, https:\/\/diariodominicano.com\/wp-content\/uploads\/2024\/05\/Viviana-Limerick-Francisca-Ramirez-Patrick-Moreno-e-Iris-Limerick-1536x1050.jpg 1536w, https:\/\/diariodominicano.com\/wp-content\/uploads\/2024\/05\/Viviana-Limerick-Francisca-Ramirez-Patrick-Moreno-e-Iris-Limerick-816x558.jpg 816w, https:\/\/diariodominicano.com\/wp-content\/uploads\/2024\/05\/Viviana-Limerick-Francisca-Ramirez-Patrick-Moreno-e-Iris-Limerick.jpg 1788w\" sizes=\"auto, (max-width: 1024px) 100vw, 1024px\" \/><\/figure>\n\n\n\n<p>Viviana Limerick, Francisca Ram\u00edrez, Patrick Moreno e Iris Limerick.<\/p>\n\n\n\n<p>Ram\u00edrez, al agradecer a patrocinadores y anunciantes, hizo menci\u00f3n especial del vicepresidente y director ejecutivo de la Seaboard, Armando Rodr\u00edguez, as\u00ed como al periodista Miguel Nova.<\/p>\n\n\n\n<p>Del mismo modo, a Jos\u00e9 y Socorro V\u00e1squez, de la florister\u00eda Amor en Flores y a Abel Ogando, de Abel Muebles.<\/p>\n\n\n\n<p>Reconoci\u00f3 a Gustavo Ag\u00fcero y a Jos\u00e9 Popa, presidente y presidente Ad-vitam, respectivamente, de la Logia V\u00e9ritas, por la apertura y solidaridad al ceder las instalaciones y facilidades de este lugar para la celebraci\u00f3n del 28 aniversario del programa.<\/p>\n\n\n\n<p>La conductora y productora de Comunicaci\u00f3n y Democracia agradeci\u00f3 adem\u00e1s al ex titular del Tribunal Constitucional, Milton Ray Guevara, por haber donado 100 ejemplares de la Constituci\u00f3n dominicana al programa, al igual que al director del Archivo General de la Naci\u00f3n, Roberto Cass\u00e1, quien obsequi\u00f3 70 libros de autores dominicanos.<\/p>\n\n\n\n<p>En ese sentido, y en el marco del compromiso asumido por el programa de impulsar la lectura y el conocimiento de la ley sustantiva, fue entregada a cada asistente una Constituci\u00f3n y un libro.<\/p>\n\n\n\n<p>Asimismo, los representantes de la Logia V\u00e9ritas recibieron un donativo de diez Constituciones y diez obras para contribuir con la creaci\u00f3n de una biblioteca en ese lugar.<\/p>\n\n\n\n<p>Durante el encuentro festivo fueron sorteados numerosos regalos entre los participantes, quienes adem\u00e1s de haber sido recibidos con un caf\u00e9 de Industrias Banilejas (Induban), disfrutaron de refrigerios, bocadillos, bizcocho, entre otros brindis, gracias al apoyo de empresas como Industrias San Miguel y Mej\u00eda Arcal\u00e1.<\/p>\n\n\n\n<p>Yosarah Fern\u00e1ndez<\/p>\n\n\n\n<p><a target=\"_blank\" href=\"mailto:yosarahfernandez@gmail.com\" rel=\"noreferrer noopener\">yosarahfernandez@gmail.com<\/a><\/p>\n\n\n\n<p><\/p>\n","protected":false},"excerpt":{"rendered":"<p>Miembros del Club de Oyentes del programa Comunicaci\u00f3n y Democracia que participaron en el encuentro con motivo del 28 aniversario. Carolina Dijol, madre de la oyente fallecida Cecilia Dijol, recibe una foto de su hija junto a Rafael Rodr\u00edguez y Francisca Ram\u00edrez. Santo Domingo, Rep\u00fablica Dominicana.- Con un emotivo encuentro con sus oyentes, el programa [&hellip;]<\/p>\n","protected":false},"author":28,"featured_media":531244,"comment_status":"closed","ping_status":"closed","sticky":false,"template":"","format":"standard","meta":{"footnotes":""},"categories":[36,25],"tags":[],"class_list":["post-531243","post","type-post","status-publish","format-standard","has-post-thumbnail","hentry","category-hombresmujeresycosas","category-gente"],"_links":{"self":[{"href":"https:\/\/diariodominicano.com\/index.php?rest_route=\/wp\/v2\/posts\/531243","targetHints":{"allow":["GET"]}}],"collection":[{"href":"https:\/\/diariodominicano.com\/index.php?rest_route=\/wp\/v2\/posts"}],"about":[{"href":"https:\/\/diariodominicano.com\/index.php?rest_route=\/wp\/v2\/types\/post"}],"author":[{"embeddable":true,"href":"https:\/\/diariodominicano.com\/index.php?rest_route=\/wp\/v2\/users\/28"}],"replies":[{"embeddable":true,"href":"https:\/\/diariodominicano.com\/index.php?rest_route=%2Fwp%2Fv2%2Fcomments&post=531243"}],"version-history":[{"count":3,"href":"https:\/\/diariodominicano.com\/index.php?rest_route=\/wp\/v2\/posts\/531243\/revisions"}],"predecessor-version":[{"id":531252,"href":"https:\/\/diariodominicano.com\/index.php?rest_route=\/wp\/v2\/posts\/531243\/revisions\/531252"}],"wp:featuredmedia":[{"embeddable":true,"href":"https:\/\/diariodominicano.com\/index.php?rest_route=\/wp\/v2\/media\/531244"}],"wp:attachment":[{"href":"https:\/\/diariodominicano.com\/index.php?rest_route=%2Fwp%2Fv2%2Fmedia&parent=531243"}],"wp:term":[{"taxonomy":"category","embeddable":true,"href":"https:\/\/diariodominicano.com\/index.php?rest_route=%2Fwp%2Fv2%2Fcategories&post=531243"},{"taxonomy":"post_tag","embeddable":true,"href":"https:\/\/diariodominicano.com\/index.php?rest_route=%2Fwp%2Fv2%2Ftags&post=531243"}],"curies":[{"name":"wp","href":"https:\/\/api.w.org\/{rel}","templated":true}]}}