{"id":53117,"date":"2020-06-06T01:55:43","date_gmt":"2020-06-06T01:55:43","guid":{"rendered":"http:\/\/diariodominicano.ddns.net\/?p=53117"},"modified":"2020-06-06T01:55:43","modified_gmt":"2020-06-06T01:55:43","slug":"miembros-del-sim-asesinan-a-tomasito-diaz-y-a-pirolo-de-la-maza-2","status":"publish","type":"post","link":"https:\/\/diariodominicano.com\/?p=53117","title":{"rendered":"Miembros del  SIM asesinan  a Tomasito D\u00edaz y a Pirolo De la Maza"},"content":{"rendered":"<p><body><\/p>\n<p><img decoding=\"async\" src=\"img3\/Ramfis31.jpg\" \/>  <\/p>\n<p><strong>Diariodominicano.com<\/strong><\/p>\n<p><strong>Miembros  del  SIM asesinan  a Tomasito D\u00edaz y a Pirolo De la Maza<\/strong><\/p>\n<p><strong>    SANTO DOMINGO, el  6 de junio de 1961<\/strong>, agentes  del  Servicio de Inteligencia Militar  (SIM), asesinaron en la c\u00e1rcel del kil\u00f3metro 9 de la carretera Mella, en la Zona Oriental de Santo Domingo, a Tomasito D\u00edaz y a Pirolo De la Maza, miembros de las familias de Juan Tom\u00e1z D\u00edaz y Antonio De la Maza, ejecutivos del plan que culmin\u00f3 con la eliminaci\u00f3n  f\u00edsica  del dictador Rafael Le\u00f3nidas Trujillo Molina.<\/p>\n<\/p>\n<p>    Tomasito D\u00edaz y Pirolo De la Maza, sufrieron m\u00faltiples torturas de los agentes de represi\u00f3n del SIM, que trataban de sacarles informaciones  del plan que termin\u00f3 con la vida del dictador Trujillo.  El 6 de junio de 1961 fueron muertos a balazos.<\/p>\n<\/p>\n<p>   Una versi\u00f3n publicada por el periodista brit\u00e1nico Bernard  Diederich indica que Pirolo De la Maza fue sacado de su celda a media noche del martes 6 de junio  y lo balearon.<\/p>\n<\/p>\n<p>    En el momento que lo ejecutaron las heridas causadas  por los golpes y latigazos que sufri\u00f3 estaban infectadas.<\/p>\n<\/p>\n<h6> 2020-06-06 01:55:43 <\/h6>\n<p><!--\n<link rel=\"stylesheet\" href=\"css\/bootstrap.min.css\">\n\n\n<ul class=\"pagination\">\n\t    \n\t\n\n<li >\n\t<a href='?page_no=538'>Previous<\/a>\n\t<\/li>\n\n\n       \n    \n\n<li><a href='?page_no=1'>1<\/a><\/li>\n\n\n\n<li><a href='?page_no=2'>2<\/a><\/li>\n\n\n\n<li><a>...<\/a><\/li>\n\n\n\n<li><a href='?page_no=537'>537<\/a><\/li>\n\n\n\n<li><a href='?page_no=538'>538<\/a><\/li>\n\n\n\n<li class='active'><a>539<\/a><\/li>\n\n\n\n<li><a href='?page_no=540'>540<\/a><\/li>\n\n\n\n<li><a href='?page_no=541'>541<\/a><\/li>\n\n\n\n<li><a>...<\/a><\/li>\n\n\n\n<li><a href='?page_no=22911'>22911<\/a><\/li>\n\n\n\n<li><a href='?page_no=22912'>22912<\/a><\/li>\n\n    \n\t\n\n<li >\n\t<a href='?page_no=540'>Next<\/a>\n\t<\/li>\n\n\n    \n\n<li><a href='?page_no=22912'>Last &rsaquo;&rsaquo;<\/a><\/li>\n\n<\/ul>\n\n\n--><br \/>\n<\/body><\/p>\n","protected":false},"excerpt":{"rendered":"<p>Diariodominicano.com Miembros del SIM asesinan a Tomasito D\u00edaz y a Pirolo De la Maza SANTO DOMINGO, el 6 de junio de 1961, agentes del Servicio de Inteligencia Militar (SIM), asesinaron en la c\u00e1rcel del kil\u00f3metro 9 de la carretera Mella, en la Zona Oriental de Santo Domingo, a Tomasito D\u00edaz y a Pirolo De la [&hellip;]<\/p>\n","protected":false},"author":3,"featured_media":0,"comment_status":"open","ping_status":"open","sticky":false,"template":"","format":"standard","meta":{"footnotes":""},"categories":[21],"tags":[],"class_list":["post-53117","post","type-post","status-publish","format-standard","hentry","category-cultura"],"_links":{"self":[{"href":"https:\/\/diariodominicano.com\/index.php?rest_route=\/wp\/v2\/posts\/53117","targetHints":{"allow":["GET"]}}],"collection":[{"href":"https:\/\/diariodominicano.com\/index.php?rest_route=\/wp\/v2\/posts"}],"about":[{"href":"https:\/\/diariodominicano.com\/index.php?rest_route=\/wp\/v2\/types\/post"}],"author":[{"embeddable":true,"href":"https:\/\/diariodominicano.com\/index.php?rest_route=\/wp\/v2\/users\/3"}],"replies":[{"embeddable":true,"href":"https:\/\/diariodominicano.com\/index.php?rest_route=%2Fwp%2Fv2%2Fcomments&post=53117"}],"version-history":[{"count":0,"href":"https:\/\/diariodominicano.com\/index.php?rest_route=\/wp\/v2\/posts\/53117\/revisions"}],"wp:attachment":[{"href":"https:\/\/diariodominicano.com\/index.php?rest_route=%2Fwp%2Fv2%2Fmedia&parent=53117"}],"wp:term":[{"taxonomy":"category","embeddable":true,"href":"https:\/\/diariodominicano.com\/index.php?rest_route=%2Fwp%2Fv2%2Fcategories&post=53117"},{"taxonomy":"post_tag","embeddable":true,"href":"https:\/\/diariodominicano.com\/index.php?rest_route=%2Fwp%2Fv2%2Ftags&post=53117"}],"curies":[{"name":"wp","href":"https:\/\/api.w.org\/{rel}","templated":true}]}}