{"id":531156,"date":"2024-05-16T17:11:17","date_gmt":"2024-05-16T21:11:17","guid":{"rendered":"https:\/\/diariodominicano.com\/?p=531156"},"modified":"2024-05-16T17:16:36","modified_gmt":"2024-05-16T21:16:36","slug":"en-un-ambiente-de-terror-trujillo-declarado-ganador-de-las-elecciones-del-16-de-mayo-de-1930","status":"publish","type":"post","link":"https:\/\/diariodominicano.com\/?p=531156","title":{"rendered":"En un ambiente de terror Trujillo declarado ganador de \u201clas elecciones\u201d del 16 de mayo de 1930"},"content":{"rendered":"\n<p>SANTO DOMINGO, RD,&nbsp; 16 de Mayo de 1930, en un proceso electoral viciado, el general retirado Rafael Le\u00f3nidas Trujillo Molina, \u201cfue electo Presidente de la Rep\u00fablica\u201d.&nbsp; Durante el mes de Abril y los primeros d\u00edas de Mayo de 1930, miembros del Ej\u00e9rcito Nacional&nbsp; participaron en actos de represi\u00f3n contra los adversarios de&nbsp; su ex Jefe.<\/p>\n\n\n\n<p>\u00a0\u00a0 <strong>Ante la situaci\u00f3n de represi\u00f3n, La Alianza Nacional Progresista, que llevaba como candidato a la Presidencia a Federico Vel\u00e1squez y a vicepresidente, al l\u00edder horacista \u00c1ngel Morales, se retir\u00f3 del proceso electoral, pues los militares no les permit\u00edan realizar actividades proselitistas.<\/strong><\/p>\n\n\n\n<p>&nbsp;&nbsp;&nbsp; Por la&nbsp; situaci\u00f3n de violencia desatada en las \u00faltimas semanas de la campa\u00f1a electoral de 1930, los miembros de la Junta Central Electoral renunciaron a sus funciones el 7 de Mayo de 1930 y fueron sustituidos por personas que simpatizaban con la candidatura de Trujillo.<\/p>\n\n\n\n<p>&nbsp;&nbsp; La Alianza Nacional Progresista hab\u00eda formalizado&nbsp; su retiro del proceso electoral el d\u00eda anterior,&nbsp; el 15 de Mayo de 1930, por considerar que en&nbsp; Rep\u00fablica Dominicana no hab\u00eda garant\u00edas para ejercer el voto libremente.<\/p>\n\n\n\n<p>&nbsp;&nbsp; El 16 de Mayo de 1930 se celebraron las elecciones con la sola participaci\u00f3n del binomio Rafael Le\u00f3nidas Trujillo Molina-Rafael Estrella Ure\u00f1a, candidatos&nbsp; de una coalici\u00f3n&nbsp; denominada&nbsp; Confederaci\u00f3n de Partidos, formada por&nbsp; los Partidos&nbsp; Republicano, Liberal, Coalici\u00f3n Patri\u00f3tica de Ciudadanos, Obrero Independiente,&nbsp; Nacionalista, y Uni\u00f3n Nacional.<\/p>\n\n\n\n<p>Trujillo hab\u00eda aceptado la candidatura presidencial en un \u201cManifiesto\u201d&nbsp; que dirigi\u00f3 al pa\u00eds el 24 de abril, en el cual expres\u00f3: \u201cNo hay peligro en seguirme, porque en ning\u00fan momento la investidura con que pueda favorecerme el resultado de los comicios&nbsp; de Mayo, servir\u00e1 para tiranizar la voluntad popular a la cual sirvo en este momento y a la que servir\u00e9&nbsp; lealmente en el porvenir\u201d.<\/p>\n\n\n\n<figure class=\"wp-block-image size-full\"><img loading=\"lazy\" decoding=\"async\" width=\"521\" height=\"960\" src=\"https:\/\/diariodominicano.com\/wp-content\/uploads\/2022\/06\/Julio-Genaro-campillo-perez2.jpg\" alt=\"\" class=\"wp-image-363877\" srcset=\"https:\/\/diariodominicano.com\/wp-content\/uploads\/2022\/06\/Julio-Genaro-campillo-perez2.jpg 521w, https:\/\/diariodominicano.com\/wp-content\/uploads\/2022\/06\/Julio-Genaro-campillo-perez2-163x300.jpg 163w\" sizes=\"auto, (max-width: 521px) 100vw, 521px\" \/><\/figure>\n\n\n\n<p>J<strong>ulio Genaro Campillo P\u00e9rez<\/strong><\/p>\n\n\n\n<p>Fueron declarados ganadores de los comicios el 24 de Mayo de 1930. El historiador Julio Genaro Campillo P\u00e9rez, en su obra\u00a0 \u201cEl Grillo Y El Ruise\u00f1or\u201d:\u00a0 Historia\u00a0 Electoral\u00a0 Dominicana 1848-1986, afirma que\u00a0 en los c\u00f3mputos \u201c<strong>ama\u00f1ados\u201d\u00a0 <\/strong>que se dieron a conocer finalmente, de 412 mil 931 sufragantes inscritos<strong> ,\u00a0 <\/strong>225 mil 796 \u201cvotaron<strong>\u201d\u00a0 <\/strong>y 187 mil 135 se abstuvieron; la candidatura Trujillo-Estrella\u00a0 logr\u00f3 223 mil 926 votos a su favor\u00a0 y mil 870 en contra.<\/p>\n\n\n\n<p>Campillo P\u00e9rez destaca&nbsp; que \u201cCon esta \u201cespl\u00e9ndida evoluci\u00f3n\u201d el pa\u00eds retornaba por la fuerza, a los&nbsp; viejos tiempos de las votaciones unilaterales, etapa que la mayor\u00eda del pueblo cre\u00eda haber superado con las elecciones libres efectuadas en 1914 y 1924\u201d.<\/p>\n\n\n\n<p><strong>&nbsp;&nbsp;&nbsp;&nbsp; La abstenci\u00f3n&nbsp; fue de un 45.32&nbsp; por ciento de los inscritos.<\/strong><\/p>\n\n\n\n<p>&nbsp;&nbsp;&nbsp; En el pa\u00eds se produjeron m\u00faltiples protestas y la Alianza Nacional Progresista calific\u00f3 de fraudulento el proceso, pero la Junta Central Electoral declar\u00f3 ganadores a Trujillo y a Rafael Estrella Ure\u00f1a, en virtud de una resoluci\u00f3n dada a conocer el&nbsp; 24 de Mayo de 1930.<\/p>\n\n\n\n<p>&nbsp;&nbsp;&nbsp; Trujillo y el licenciado Rafael Estrella Ure\u00f1a eran aliados desde que se unieron en una conspiraci\u00f3n que termin\u00f3 con el derrocamiento del Presidente Horacio V\u00e1squez, quien los consideraba como hombres de confianza.<\/p>\n\n\n\n<p>&nbsp; El 23 de Febrero de 1930, Rafael Estrella Ure\u00f1a y sus partidarios, secundados por Desiderio Arias&nbsp; y El\u00edas Brache, antiguos dirigentes del jimenismo, dieron inicio al plan para acabar con el Gobierno de Horacio V\u00e1squez.<\/p>\n\n\n\n<p>&nbsp;&nbsp; El general Jos\u00e9 Estrella, t\u00edo de Rafael Estrella Ure\u00f1a, atac\u00f3 la Fortaleza San Luis, en Santiago,&nbsp; y las tropas no hicieron resistencia y de inmediato cientos de hombres armados con rifles que suministr\u00f3 de manera subrepticia&nbsp; el general Trujillo, marcharon a la Capital.<\/p>\n\n\n\n<p>&nbsp;&nbsp; Entraron a la ciudad de Santo Domingo&nbsp; a los tres d\u00edas. En esa circunstancia&nbsp; el Presidente Horacio V\u00e1squez busc\u00f3 asilo en la Legaci\u00f3n&nbsp; de Estados Unidos.<\/p>\n\n\n\n<p>Cuando el golpe estaba consumado&nbsp; fue que V\u00e1squez&nbsp;&nbsp; se convenci\u00f3 de que hab\u00eda sido traicionado por Trujillo, a quien hab\u00eda ascendido a general de brigada&nbsp; y designado Jefe del Ej\u00e9rcito Nacional.<\/p>\n\n\n\n<p>\u00a0\u00a0\u00a0 Rafael Estrella Ure\u00f1a tambi\u00e9n hab\u00eda sido uno de los\u00a0 secretarios de Estado de mayor confianza del\u00a0 Presidente Horacio V\u00e1squez, pero se separ\u00f3 de su Gobierno cuando en 1929, el\u00a0 Presidente de la Rep\u00fablica apoy\u00f3 un movimiento que propugnaba\u00a0 por su reelecci\u00f3n.<\/p>\n\n\n\n<p>De Notas de la Historia Dominicana de H\u00e9ctor Tineo Nolasco <\/p>\n","protected":false},"excerpt":{"rendered":"<p>SANTO DOMINGO, RD,&nbsp; 16 de Mayo de 1930, en un proceso electoral viciado, el general retirado Rafael Le\u00f3nidas Trujillo Molina, \u201cfue electo Presidente de la Rep\u00fablica\u201d.&nbsp; Durante el mes de Abril y los primeros d\u00edas de Mayo de 1930, miembros del Ej\u00e9rcito Nacional&nbsp; participaron en actos de represi\u00f3n contra los adversarios de&nbsp; su ex Jefe. [&hellip;]<\/p>\n","protected":false},"author":28,"featured_media":386927,"comment_status":"closed","ping_status":"closed","sticky":true,"template":"","format":"standard","meta":{"footnotes":""},"categories":[21,36,26,27],"tags":[],"class_list":["post-531156","post","type-post","status-publish","format-standard","has-post-thumbnail","hentry","category-cultura","category-hombresmujeresycosas","category-efemerides","category-portada"],"_links":{"self":[{"href":"https:\/\/diariodominicano.com\/index.php?rest_route=\/wp\/v2\/posts\/531156","targetHints":{"allow":["GET"]}}],"collection":[{"href":"https:\/\/diariodominicano.com\/index.php?rest_route=\/wp\/v2\/posts"}],"about":[{"href":"https:\/\/diariodominicano.com\/index.php?rest_route=\/wp\/v2\/types\/post"}],"author":[{"embeddable":true,"href":"https:\/\/diariodominicano.com\/index.php?rest_route=\/wp\/v2\/users\/28"}],"replies":[{"embeddable":true,"href":"https:\/\/diariodominicano.com\/index.php?rest_route=%2Fwp%2Fv2%2Fcomments&post=531156"}],"version-history":[{"count":3,"href":"https:\/\/diariodominicano.com\/index.php?rest_route=\/wp\/v2\/posts\/531156\/revisions"}],"predecessor-version":[{"id":531160,"href":"https:\/\/diariodominicano.com\/index.php?rest_route=\/wp\/v2\/posts\/531156\/revisions\/531160"}],"wp:featuredmedia":[{"embeddable":true,"href":"https:\/\/diariodominicano.com\/index.php?rest_route=\/wp\/v2\/media\/386927"}],"wp:attachment":[{"href":"https:\/\/diariodominicano.com\/index.php?rest_route=%2Fwp%2Fv2%2Fmedia&parent=531156"}],"wp:term":[{"taxonomy":"category","embeddable":true,"href":"https:\/\/diariodominicano.com\/index.php?rest_route=%2Fwp%2Fv2%2Fcategories&post=531156"},{"taxonomy":"post_tag","embeddable":true,"href":"https:\/\/diariodominicano.com\/index.php?rest_route=%2Fwp%2Fv2%2Ftags&post=531156"}],"curies":[{"name":"wp","href":"https:\/\/api.w.org\/{rel}","templated":true}]}}