{"id":531025,"date":"2024-05-15T23:45:55","date_gmt":"2024-05-16T03:45:55","guid":{"rendered":"https:\/\/diariodominicano.com\/?p=531025"},"modified":"2024-05-15T23:45:56","modified_gmt":"2024-05-16T03:45:56","slug":"uasd-conmemora-el-129-aniversario-fallecimiento-jose-marti-con-una-ofrenda-floral","status":"publish","type":"post","link":"https:\/\/diariodominicano.com\/?p=531025","title":{"rendered":"UASD conmemora el 129 aniversario fallecimiento Jos\u00e9 Mart\u00ed con una ofrenda floral"},"content":{"rendered":"\n<p>El vicedecano de la Facultad de Humanidades (FH), maestro \u00c1lvaro Caama\u00f1o, encabez\u00f3 la actividad desarrollada en la plaza de la Unidad y Solidaridad Latinoamericana y Caribe\u00f1a<\/p>\n\n\n\n<p>La Universidad Aut\u00f3noma de Santo Domingo (UASD), en coordinaci\u00f3n con la Embajada de Cuba en el pa\u00eds, deposit\u00f3 una ofrenda floral para conmemorar el 129 aniversario del fallecimiento en combate del pr\u00f3cer cubano Jos\u00e9 Mart\u00ed.<\/p>\n\n\n\n<p>El vicedecano de la Facultad de Humanidades (FH), maestro \u00c1lvaro Caama\u00f1o, encabez\u00f3 la actividad desarrollada en la plaza de la Unidad y Solidaridad Latinoamericana y Caribe\u00f1a, de esa Academia, quien estuvo junto al coordinador de la c\u00e1tedra extracurricular \u201cJos\u00e9 Mart\u00ed\u201d, maestro Luis de Le\u00f3n y el embajador de Cuba, \u00c1ngel Arzuaga Reyes.<\/p>\n\n\n\n<p>Caama\u00f1o expres\u00f3 que la Universidad Primada de Am\u00e9rica siempre tiene pendiente a las grandes personalidades de la historia que han luchado en favor de hacer mejor la humanidad.<\/p>\n\n\n\n<p>\u00abJos\u00e9 Mart\u00ed es uno de esos grandes hombres: poeta, pol\u00edtico, abogado, escritor y un destacado patriota por la independencia&nbsp; de nuestra amada&nbsp; Rep\u00fablica Cubana, por eso la Academia tendr\u00e1 siempre un espacio para honrar a esas insignes figuras\u00bb, dijo el vicedecano.<\/p>\n\n\n\n<p>Por su lado, el maestro Luis de Le\u00f3n expres\u00f3 que cada a\u00f1o la instituci\u00f3n acad\u00e9mica rinde homenaje a personalidades destacadas y Jos\u00e9 Mart\u00ed es un referente de integridad que busc\u00f3 siempre la integraci\u00f3n y la libre determinaci\u00f3n de los pueblos de Am\u00e9rica.<\/p>\n\n\n\n<p>Mientras que, el embajador Arzuaga Reyes agradeci\u00f3 a la Universidad estatal por tener en cuenta los aportes de Cuba y realizar homenajes destacando sus personajes m\u00e1<a><\/a>s emblem\u00e1ticos.<\/p>\n\n\n\n<p>Relaciones P\u00fablicas<\/p>\n\n\n\n<p><a target=\"_blank\" href=\"mailto:relacionespublicas@uasd.edu.do\" rel=\"noreferrer noopener\">relacionespublicas@uasd.edu.do<\/a><\/p>\n","protected":false},"excerpt":{"rendered":"<p>El vicedecano de la Facultad de Humanidades (FH), maestro \u00c1lvaro Caama\u00f1o, encabez\u00f3 la actividad desarrollada en la plaza de la Unidad y Solidaridad Latinoamericana y Caribe\u00f1a La Universidad Aut\u00f3noma de Santo Domingo (UASD), en coordinaci\u00f3n con la Embajada de Cuba en el pa\u00eds, deposit\u00f3 una ofrenda floral para conmemorar el 129 aniversario del fallecimiento en [&hellip;]<\/p>\n","protected":false},"author":28,"featured_media":531026,"comment_status":"closed","ping_status":"closed","sticky":false,"template":"","format":"standard","meta":{"footnotes":""},"categories":[26],"tags":[],"class_list":["post-531025","post","type-post","status-publish","format-standard","has-post-thumbnail","hentry","category-efemerides"],"_links":{"self":[{"href":"https:\/\/diariodominicano.com\/index.php?rest_route=\/wp\/v2\/posts\/531025","targetHints":{"allow":["GET"]}}],"collection":[{"href":"https:\/\/diariodominicano.com\/index.php?rest_route=\/wp\/v2\/posts"}],"about":[{"href":"https:\/\/diariodominicano.com\/index.php?rest_route=\/wp\/v2\/types\/post"}],"author":[{"embeddable":true,"href":"https:\/\/diariodominicano.com\/index.php?rest_route=\/wp\/v2\/users\/28"}],"replies":[{"embeddable":true,"href":"https:\/\/diariodominicano.com\/index.php?rest_route=%2Fwp%2Fv2%2Fcomments&post=531025"}],"version-history":[{"count":1,"href":"https:\/\/diariodominicano.com\/index.php?rest_route=\/wp\/v2\/posts\/531025\/revisions"}],"predecessor-version":[{"id":531027,"href":"https:\/\/diariodominicano.com\/index.php?rest_route=\/wp\/v2\/posts\/531025\/revisions\/531027"}],"wp:featuredmedia":[{"embeddable":true,"href":"https:\/\/diariodominicano.com\/index.php?rest_route=\/wp\/v2\/media\/531026"}],"wp:attachment":[{"href":"https:\/\/diariodominicano.com\/index.php?rest_route=%2Fwp%2Fv2%2Fmedia&parent=531025"}],"wp:term":[{"taxonomy":"category","embeddable":true,"href":"https:\/\/diariodominicano.com\/index.php?rest_route=%2Fwp%2Fv2%2Fcategories&post=531025"},{"taxonomy":"post_tag","embeddable":true,"href":"https:\/\/diariodominicano.com\/index.php?rest_route=%2Fwp%2Fv2%2Ftags&post=531025"}],"curies":[{"name":"wp","href":"https:\/\/api.w.org\/{rel}","templated":true}]}}