{"id":53095,"date":"2020-06-06T02:10:08","date_gmt":"2020-06-06T02:10:08","guid":{"rendered":"http:\/\/diariodominicano.ddns.net\/?p=53095"},"modified":"2020-06-06T02:10:08","modified_gmt":"2020-06-06T02:10:08","slug":"espana-y-rd-firman-el-acuerdo-de-el-carmelo","status":"publish","type":"post","link":"https:\/\/diariodominicano.com\/?p=53095","title":{"rendered":"Espa\u00f1a y RD firman el acuerdo de El Carmelo"},"content":{"rendered":"<p><body><\/p>\n<p><img decoding=\"async\" src=\"img3\/La Gandara.jpg\" \/>  <\/p>\n<p><strong>Diariodominicano.com<\/strong><\/p>\n<p><strong> Espa\u00f1ay RD firman el acuerdo de El Carmelo<\/strong><\/p>\n<p><strong>Por H\u00e9ctor Tineo Nolasco<\/strong><\/p>\n<p><strong>Diariodominicano.com<\/strong><\/p>\n<\/p>\n<p>El  6 de junio de 1865, representantes de Espa\u00f1a y Rep\u00fablica Dominicana firmaron el acuerdo de El Carmelo, en virtud del cual las tropas espa\u00f1olas del Gobierno de la Anexi\u00f3n se retirar\u00edan del territorio nacional.<\/p>\n<\/p>\n<p>    En el acuerdo de El Carmelo, Espa\u00f1a fue representada por  el general Jos\u00e9 de la G\u00e1ndara  y  Rep\u00fablica Dominicana,  por el general Jos\u00e9 del Carmen Reynoso, Melit\u00f3n Valverde y el sacerdote Manuel Quezada.<\/p>\n<\/p>\n<p>    Entre los puntos se establec\u00eda que Espa\u00f1a se compromet\u00eda  a evacuar sus tropas que permanec\u00edan en el territorio nacional, pero condicionaba su iniciativa  a que el Gobierno dominicano se comprometiera  a no establecer  ning\u00fan convenio que pudiera perjudicar las Antillas  sin el consentimiento del Gobierno espa\u00f1ol.<\/p>\n<\/p>\n<p>    De esa manera, Espa\u00f1a trataba de evitar que el Gobierno dominicana se solidarizara con los  movimientos en procura de la Independencia de Cuba y Puerto Rico, que en ese momento eran colonias espa\u00f1olas.<\/p>\n<\/p>\n<p>     \tEl acuerdo fue rechazado por el Presidente del Gobierno  Provisional de la Restauraci\u00f3n, que ten\u00eda  su sede en Santiago de los Caballeros, el General Pedro Antonio Pimentel, por entender que afectaba la soberan\u00eda nacional.<\/p>\n<\/p>\n<p>     El general Jos\u00e9 de la G\u00e1ndara  trat\u00f3 de sacar  ventajas en las negociaciones, pero no  logr\u00f3 sus objetivos, ya que el Gobierno de la Restauraci\u00f3n se mantuvo  firme  en la defensa de sus derechos y se neg\u00f3 a pactar  nada como no fuera la salida de las tropas  espa\u00f1olas, la devoluci\u00f3n  de los prisioneros, y garant\u00eda y seguridad para los heridos y enfermos.<\/p>\n<\/p>\n<p>    La Guerra de la Restauraci\u00f3n termin\u00f3 el d\u00eda 10 de julio de 1865, cuando los espa\u00f1oles comenzaron a embarcarse  de regreso a las colonias espa\u00f1olas de Cuba y Puerto Rico,  as\u00ed como a Espa\u00f1a.  La evacuaci\u00f3n de los anexionistas termin\u00f3 el 25 de julio, es decir, 15 d\u00edas despu\u00e9s de la fecha del primer embarque de tropas.<\/p>\n<h6> 2020-06-06 02:10:08 <\/h6>\n<p><!--\n<link rel=\"stylesheet\" href=\"css\/bootstrap.min.css\">\n\n\n<ul class=\"pagination\">\n\t    \n\t\n\n<li >\n\t<a href='?page_no=536'>Previous<\/a>\n\t<\/li>\n\n\n       \n    \n\n<li><a href='?page_no=1'>1<\/a><\/li>\n\n\n\n<li><a href='?page_no=2'>2<\/a><\/li>\n\n\n\n<li><a>...<\/a><\/li>\n\n\n\n<li><a href='?page_no=535'>535<\/a><\/li>\n\n\n\n<li><a href='?page_no=536'>536<\/a><\/li>\n\n\n\n<li class='active'><a>537<\/a><\/li>\n\n\n\n<li><a href='?page_no=538'>538<\/a><\/li>\n\n\n\n<li><a href='?page_no=539'>539<\/a><\/li>\n\n\n\n<li><a>...<\/a><\/li>\n\n\n\n<li><a href='?page_no=22911'>22911<\/a><\/li>\n\n\n\n<li><a href='?page_no=22912'>22912<\/a><\/li>\n\n    \n\t\n\n<li >\n\t<a href='?page_no=538'>Next<\/a>\n\t<\/li>\n\n\n    \n\n<li><a href='?page_no=22912'>Last &rsaquo;&rsaquo;<\/a><\/li>\n\n<\/ul>\n\n\n--><br \/>\n<\/body><\/p>\n","protected":false},"excerpt":{"rendered":"<p>Diariodominicano.com Espa\u00f1ay RD firman el acuerdo de El Carmelo Por H\u00e9ctor Tineo Nolasco Diariodominicano.com El 6 de junio de 1865, representantes de Espa\u00f1a y Rep\u00fablica Dominicana firmaron el acuerdo de El Carmelo, en virtud del cual las tropas espa\u00f1olas del Gobierno de la Anexi\u00f3n se retirar\u00edan del territorio nacional. En el acuerdo de El Carmelo, [&hellip;]<\/p>\n","protected":false},"author":3,"featured_media":0,"comment_status":"open","ping_status":"open","sticky":false,"template":"","format":"standard","meta":{"footnotes":""},"categories":[21],"tags":[],"class_list":["post-53095","post","type-post","status-publish","format-standard","hentry","category-cultura"],"_links":{"self":[{"href":"https:\/\/diariodominicano.com\/index.php?rest_route=\/wp\/v2\/posts\/53095","targetHints":{"allow":["GET"]}}],"collection":[{"href":"https:\/\/diariodominicano.com\/index.php?rest_route=\/wp\/v2\/posts"}],"about":[{"href":"https:\/\/diariodominicano.com\/index.php?rest_route=\/wp\/v2\/types\/post"}],"author":[{"embeddable":true,"href":"https:\/\/diariodominicano.com\/index.php?rest_route=\/wp\/v2\/users\/3"}],"replies":[{"embeddable":true,"href":"https:\/\/diariodominicano.com\/index.php?rest_route=%2Fwp%2Fv2%2Fcomments&post=53095"}],"version-history":[{"count":0,"href":"https:\/\/diariodominicano.com\/index.php?rest_route=\/wp\/v2\/posts\/53095\/revisions"}],"wp:attachment":[{"href":"https:\/\/diariodominicano.com\/index.php?rest_route=%2Fwp%2Fv2%2Fmedia&parent=53095"}],"wp:term":[{"taxonomy":"category","embeddable":true,"href":"https:\/\/diariodominicano.com\/index.php?rest_route=%2Fwp%2Fv2%2Fcategories&post=53095"},{"taxonomy":"post_tag","embeddable":true,"href":"https:\/\/diariodominicano.com\/index.php?rest_route=%2Fwp%2Fv2%2Ftags&post=53095"}],"curies":[{"name":"wp","href":"https:\/\/api.w.org\/{rel}","templated":true}]}}