{"id":53084,"date":"2020-06-06T14:28:44","date_gmt":"2020-06-06T14:28:44","guid":{"rendered":"http:\/\/diariodominicano.ddns.net\/?p=53084"},"modified":"2020-06-06T14:28:44","modified_gmt":"2020-06-06T14:28:44","slug":"la-feria-23a-virtual-del-libro-y-la-cultura-2020-rinde-homenaje-al-escritor-rene-rodriguez-soriano","status":"publish","type":"post","link":"https:\/\/diariodominicano.com\/?p=53084","title":{"rendered":"&#13; La Feria 23\u00aa Virtual del Libro y la Cultura 2020 rinde homenaje al escritor Ren\u00e9 Rodr\u00edguez Soriano"},"content":{"rendered":"<p><body><\/p>\n<p><img decoding=\"async\" src=\"img3\/Cultura6-6-20.jpg\" \/>  <\/p>\n<p><span class=\"text1noticias\"> <\/span><\/p>\n<p><span class=\"text1noticias\">diariodominicano.com<\/span><\/p>\n<p><span class=\"text1noticias\"> <\/span><\/p>\n<p><span class=\"text1noticias\">Santo Domingo-. Varios intelectuales se unieron en un conversatorio para honrar el legado del fallecido escritor Ren\u00e9 Rodr\u00edguez Soriano, en el marco de la celebraci\u00f3n de la 23\u00aa Feria Internacional  Virtual del Libro y la Cultura 2020, organizada por el Ministerio de Cultura.    <\/span><\/p>\n<p><span class=\"text1noticias\"> <\/span><\/p>\n<p><span class=\"text1noticias\">En el conversatorio titulado \u00abUn escritor llamado Ren\u00e9 Rodr\u00edguez Soriano. In Memoriam\u00bb, participaron los intelectuales Plinio Chah\u00edn, Miguel \u00c1ngel Forner\u00edn y Marivell Contreras, bajo la conducci\u00f3n de Basilio Belliard, y anfitriona de la sesi\u00f3n virtual, Ruth Herrera, directora de la Feria del Libro.    <\/span><\/p>\n<p><span class=\"text1noticias\"> <\/span><\/p>\n<p><span class=\"text1noticias\">Plinio Chah\u00edn habl\u00f3 de una de la obra de Ren\u00e9 Rodr\u00edguez titulada \u00abRa\u00edces con dos comienzos y un final\u00bb, escrita en 1977. Dijo que en este libro Ren\u00e9 introduce la jerga publicitaria, as\u00ed como un tinte de humor que rara vez hemos conocido en la poes\u00eda dominicana. \u00abRene, en los a\u00f1os 70, hab\u00eda incursionado en la poes\u00eda tierna y un poco ir\u00f3nica\u00bb, destac\u00f3 Chah\u00edn.   <\/span><\/p>\n<p><span class=\"text1noticias\"> <\/span><\/p>\n<p><span class=\"text1noticias\">Resalt\u00f3 que el legado de Rene fue muestra gratis, un libro donde introduce la presentaci\u00f3n muy innovadora en su formato, y, empez\u00f3 a introducir  recursos publicitarios, tales como los anuncios. <\/span><\/p>\n<p><span class=\"text1noticias\"> <\/span><\/p>\n<p><span class=\"text1noticias\">Tambi\u00e9n ponder\u00f3 la narrativa de Rodr\u00edguez Soriano titulada \u00abTodos los juegos el juego\u00bb, un homenaje al escritor argentino  Julio Cort\u00e1zar. Relat\u00f3 que en el 1991  Ren\u00e9 dio un giro etimol\u00f3gico con la publicaci\u00f3n del libro de cuento \u00abSu nombre, Julia\u00bb.<\/span><\/p>\n<p><span class=\"text1noticias\"> <\/span><\/p>\n<p><span class=\"text1noticias\"> <\/span><\/p>\n<p><span class=\"text1noticias\">Y a seguida a\u00f1adi\u00f3 que esa obra de Rene Rodr\u00edguez Soriano es un gran aporte a la literatura dominicana, tanto en la narrativa como en la poes\u00eda, creo que merece m\u00e1s que un reconocimiento.   <\/span><\/p>\n<p><span class=\"text1noticias\"> <\/span><\/p>\n<p><span class=\"text1noticias\">En su turno, el escritor  Miquel \u00c1ngel Forner\u00edn record\u00f3 que conoci\u00f3 a Rene Rodr\u00edguez Soriano en 1983, cuando acababa de publicar su libro \u00abCanciones rosa para una ni\u00f1a gris metal\u00bb.<\/span><\/p>\n<p><span class=\"text1noticias\"> <\/span><\/p>\n<p><span class=\"text1noticias\">\u00abMe pareci\u00f3 que era un libro que ten\u00eda una ruptura, frente a la literatura que se estaba haciendo en el pa\u00eds. Tambi\u00e9n, trabajamos en la revista Media Isla; ten\u00edamos una hermandad\u00bb, agreg\u00f3 Forner\u00edn <\/span><\/p>\n<p><span class=\"text1noticias\"> <\/span><\/p>\n<p><span class=\"text1noticias\">Afirm\u00f3 que para Rodr\u00edguez Soriano su pueblo era muy importante en su vida y obra, por eso su primer libro \u00abRa\u00edces\u00bb tiene que ver con su natal Constanza, la realidad que se viv\u00eda all\u00ed. <\/span><\/p>\n<p><span class=\"text1noticias\"> <\/span><\/p>\n<p><span class=\"text1noticias\">Otras obras de Rodr\u00edguez Soriano que mencion\u00f3 Fornerin fue \u00abNo les guardo rencor, pap\u00e1\u00bb, \u00abEl diablo sabe por diablo\u00bb y \u00abEl nombre olvidado\u00bb. Expres\u00f3 que fue un escritor que trabaj\u00f3 24 horas.   <\/span><\/p>\n<p><span class=\"text1noticias\"> <\/span><\/p>\n<p><span class=\"text1noticias\">Al destacar el legado de Rene Rodr\u00edguez Soriano, quien falleci\u00f3 en Estados Unidos, a causa del Covid-19, la periodista y escritora Marivell Contreras, consider\u00f3 que \u00abRene fue el primer escritor con todas las de la ley\u00bb. \u00abTuve la oportunidad de compartir ideas sobre la literatura, a trav\u00e9s del conocimiento de lo que \u00e9l hac\u00eda\u00bb, expres\u00f3.<\/span><\/p>\n<p><span class=\"text1noticias\">  <\/span><\/p>\n<p><span class=\"text1noticias\">Record\u00f3 que conoci\u00f3 a Ren\u00e9 en su cambio de transici\u00f3n, del empresario publicista, a cumplir un sue\u00f1o que \u00e9l quer\u00eda, de solo ser escritor. <\/span><\/p>\n<p><span class=\"text1noticias\"> <\/span><\/p>\n<p><span class=\"text1noticias\">\u00abRen\u00e9 so\u00f1aba con vivir de su literatura, y al final as\u00ed fue. Trabaj\u00f3 para que su literatura fuera conocida\u00bb,  precis\u00f3 Contreras.   <\/span><\/p>\n<p><span class=\"text1noticias\"> <\/span><\/p>\n<p><span class=\"text1noticias\">Indic\u00f3 que Ren\u00e9 Rodr\u00edguez Soriano ten\u00eda la capacidad de convertir lo cotidiano en cosas sublimes, y que sab\u00eda pintar de ternura sus obras. \u00ab\u00c9l viv\u00eda trasformando su mundo, cre\u00f3 su propio mundo para \u00e9l\u00bb, culmin\u00f3 la poeta y periodista Marivell Contreras. <\/span><\/p>\n<p><span class=\"text1noticias\"> <\/span><\/p>\n<p><span class=\"text1noticias\">Fuente: Direcci\u00f3n de Comunicaciones<\/span><\/p>\n<p><span class=\"text1noticias\">Ministerio de Cultura de la Rep\u00fablica Dominicana<\/span><\/p>\n<p><span class=\"text1noticias\">Ministerio de Cultura Rep\u00fablica Dominicana<\/span><\/p>\n<h6> 2020-06-06 14:28:44 <\/h6>\n<p><!--\n<link rel=\"stylesheet\" href=\"css\/bootstrap.min.css\">\n\n\n<ul class=\"pagination\">\n\t    \n\t\n\n<li >\n\t<a href='?page_no=535'>Previous<\/a>\n\t<\/li>\n\n\n       \n    \n\n<li><a href='?page_no=1'>1<\/a><\/li>\n\n\n\n<li><a href='?page_no=2'>2<\/a><\/li>\n\n\n\n<li><a>...<\/a><\/li>\n\n\n\n<li><a href='?page_no=534'>534<\/a><\/li>\n\n\n\n<li><a href='?page_no=535'>535<\/a><\/li>\n\n\n\n<li class='active'><a>536<\/a><\/li>\n\n\n\n<li><a href='?page_no=537'>537<\/a><\/li>\n\n\n\n<li><a href='?page_no=538'>538<\/a><\/li>\n\n\n\n<li><a>...<\/a><\/li>\n\n\n\n<li><a href='?page_no=22911'>22911<\/a><\/li>\n\n\n\n<li><a href='?page_no=22912'>22912<\/a><\/li>\n\n    \n\t\n\n<li >\n\t<a href='?page_no=537'>Next<\/a>\n\t<\/li>\n\n\n    \n\n<li><a href='?page_no=22912'>Last &rsaquo;&rsaquo;<\/a><\/li>\n\n<\/ul>\n\n\n--><br \/>\n<\/body><\/p>\n","protected":false},"excerpt":{"rendered":"<p>diariodominicano.com Santo Domingo-. Varios intelectuales se unieron en un conversatorio para honrar el legado del fallecido escritor Ren\u00e9 Rodr\u00edguez Soriano, en el marco de la celebraci\u00f3n de la 23\u00aa Feria Internacional Virtual del Libro y la Cultura 2020, organizada por el Ministerio de Cultura. En el conversatorio titulado \u00abUn escritor llamado Ren\u00e9 Rodr\u00edguez Soriano. In [&hellip;]<\/p>\n","protected":false},"author":3,"featured_media":0,"comment_status":"open","ping_status":"open","sticky":false,"template":"","format":"standard","meta":{"footnotes":""},"categories":[21],"tags":[],"class_list":["post-53084","post","type-post","status-publish","format-standard","hentry","category-cultura"],"_links":{"self":[{"href":"https:\/\/diariodominicano.com\/index.php?rest_route=\/wp\/v2\/posts\/53084","targetHints":{"allow":["GET"]}}],"collection":[{"href":"https:\/\/diariodominicano.com\/index.php?rest_route=\/wp\/v2\/posts"}],"about":[{"href":"https:\/\/diariodominicano.com\/index.php?rest_route=\/wp\/v2\/types\/post"}],"author":[{"embeddable":true,"href":"https:\/\/diariodominicano.com\/index.php?rest_route=\/wp\/v2\/users\/3"}],"replies":[{"embeddable":true,"href":"https:\/\/diariodominicano.com\/index.php?rest_route=%2Fwp%2Fv2%2Fcomments&post=53084"}],"version-history":[{"count":0,"href":"https:\/\/diariodominicano.com\/index.php?rest_route=\/wp\/v2\/posts\/53084\/revisions"}],"wp:attachment":[{"href":"https:\/\/diariodominicano.com\/index.php?rest_route=%2Fwp%2Fv2%2Fmedia&parent=53084"}],"wp:term":[{"taxonomy":"category","embeddable":true,"href":"https:\/\/diariodominicano.com\/index.php?rest_route=%2Fwp%2Fv2%2Fcategories&post=53084"},{"taxonomy":"post_tag","embeddable":true,"href":"https:\/\/diariodominicano.com\/index.php?rest_route=%2Fwp%2Fv2%2Ftags&post=53084"}],"curies":[{"name":"wp","href":"https:\/\/api.w.org\/{rel}","templated":true}]}}