{"id":530821,"date":"2024-05-15T00:07:57","date_gmt":"2024-05-15T04:07:57","guid":{"rendered":"https:\/\/diariodominicano.com\/?p=530821"},"modified":"2024-05-15T00:11:39","modified_gmt":"2024-05-15T04:11:39","slug":"la-uasd-y-la-embajada-de-nicaragua-conmemoran-129-aniversario-de-sandino","status":"publish","type":"post","link":"https:\/\/diariodominicano.com\/?p=530821","title":{"rendered":"La  UASD y la embajada de Nicaragua conmemoran 129 aniversario de Sandino (+fotos)"},"content":{"rendered":"\n<p>La vicerrectora de extensi\u00f3n de la UASD, Rosal\u00eda Sosa se dirige a los presentes en la ofrenda floral en honor al combatiente general Augusto C\u00e9sar Sandino.<\/p>\n\n\n\n<figure class=\"wp-block-image size-full\"><img loading=\"lazy\" decoding=\"async\" width=\"640\" height=\"295\" src=\"https:\/\/diariodominicano.com\/wp-content\/uploads\/2024\/05\/20240514_094746.jpg\" alt=\"\" class=\"wp-image-530823\" srcset=\"https:\/\/diariodominicano.com\/wp-content\/uploads\/2024\/05\/20240514_094746.jpg 640w, https:\/\/diariodominicano.com\/wp-content\/uploads\/2024\/05\/20240514_094746-300x138.jpg 300w\" sizes=\"auto, (max-width: 640px) 100vw, 640px\" \/><\/figure>\n\n\n\n<p><strong>El representante en el pa\u00eds de la embajada \u00a0de Nicaragua, Mario Jos\u00e9 Armengol. Durante la ofrenda floral en honor al combatiente general Augusto C\u00e9sar Sandino.<\/strong><\/p>\n\n\n\n<p>La Universidad Aut\u00f3noma Santo Domingo (UASD) y la embajada de Nicaragua en el pa\u00eds depositaron una ofrenda floral en &nbsp;el busto erigido en honor del &nbsp;general Augusto C\u00e9sar Sandino, al conmemorarse este martes el 129 aniversario del natalicio de ese luchador por la &nbsp;libertad de hombres y mujeres latinoamericanos y del Caribe.<\/p>\n\n\n\n<p>La actividad, que se realiz\u00f3 en la explanada frontal del edificio de la Federaci\u00f3n de Estudiantes Dominicanos (FED), estuvo encabezada por la vicerrectora de Extensi\u00f3n, maestra Rosal\u00eda Sosa P\u00e9rez, en representaci\u00f3n del rector de la academia, maestro Editrudis Beltr\u00e1n Cris\u00f3stomo, y por el ministro consejero&nbsp; con funciones consulares en la&nbsp; embajada &nbsp;de Nicaragua en Rep\u00fablica Dominicana, Mario Jos\u00e9 Armengol.<\/p>\n\n\n\n<p>Sosa P\u00e9rez ofreci\u00f3 las palabras de bienvenida en el evento, destacando que conmemorar esta fecha es de suma importancia para la UASD, porque la solidaridad de los pueblos se unen por la libertad, respeto a la soberan\u00eda y la libertad de expresi\u00f3n de todos los pa\u00edses de Am\u00e9rica Latina.<\/p>\n\n\n\n<p>De su lado, Mario Armengol ley\u00f3 un comunicado que emiti\u00f3 la presidenta de Nicaragua en honor al general Sandino, donde resalta la valent\u00eda y grandeza por la lucha contra la ocupaci\u00f3n yanqui en Nicaragua, el cual impuls\u00f3 a hombres y mujeres a ser libres.<\/p>\n\n\n\n<p>\u201c129 a\u00f1os del nacimiento de hombres y mujeres libres, y que satisfacci\u00f3n personal, no solo como representante diplom\u00e1tico, si no como nicarag\u00fcense, de saber que en la Universidad Aut\u00f3noma de Santo Domingo, la Primada de Am\u00e9rica, existe un busto al general Sandino\u201d, apunt\u00f3 Armengol.<\/p>\n\n\n\n<figure class=\"wp-block-image size-full\"><img loading=\"lazy\" decoding=\"async\" width=\"640\" height=\"295\" src=\"https:\/\/diariodominicano.com\/wp-content\/uploads\/2024\/05\/20240514_095416Isabel-T.jpg\" alt=\"\" class=\"wp-image-530825\" srcset=\"https:\/\/diariodominicano.com\/wp-content\/uploads\/2024\/05\/20240514_095416Isabel-T.jpg 640w, https:\/\/diariodominicano.com\/wp-content\/uploads\/2024\/05\/20240514_095416Isabel-T-300x138.jpg 300w\" sizes=\"auto, (max-width: 640px) 100vw, 640px\" \/><\/figure>\n\n\n\n<p><strong>Isabel Tejada,\u00a0 representante de solidaridad con Nicaragua durante su intervenci\u00f3n en la ofrenda floral en honor al combatiente general Augusto C\u00e9sar Sandino.<\/strong><\/p>\n\n\n\n<p>En tanto que, Isabel Tejada,\u00a0 representante de solidaridad con Nicaragua, subray\u00f3 que el general Sandino fue un ejemplo incansable de luchas por la independencia y autodeterminaci\u00f3n de los pueblos, dejando un legado de valent\u00eda antiimperialista por la soberan\u00eda de su pa\u00eds, cuando fue invadida por tropas norteamericanas, tras exclamar Que viva el general Sandino por siempre!<\/p>\n\n\n\n<figure class=\"wp-block-image size-full\"><img loading=\"lazy\" decoding=\"async\" width=\"640\" height=\"480\" src=\"https:\/\/diariodominicano.com\/wp-content\/uploads\/2024\/05\/IMG-20240514-WA0009.jpg\" alt=\"\" class=\"wp-image-530827\" srcset=\"https:\/\/diariodominicano.com\/wp-content\/uploads\/2024\/05\/IMG-20240514-WA0009.jpg 640w, https:\/\/diariodominicano.com\/wp-content\/uploads\/2024\/05\/IMG-20240514-WA0009-300x225.jpg 300w\" sizes=\"auto, (max-width: 640px) 100vw, 640px\" \/><\/figure>\n\n\n\n<p><strong>\u00a0Autoridades de la UASD representantes de las embajadas de Nicaragua, Cuba, Venezuela y M\u00e9xico en el pa\u00eds, entre otros.<\/strong><\/p>\n\n\n\n<p>En la actividad estuvieron presentes, el embajador extraordinario de M\u00e9xico en el pa\u00eds, Carlos Miguel Aysa, el embajador de Cuba, \u00c1ngel Arzuaga, la segunda secretaria consejera de Venezuela en el pa\u00eds, Desir\u00e9 Perdomo, adem\u00e1s Luis de Le\u00f3n encargado de la \u00a0\u00a0c\u00e1tedra extracurricular Jos\u00e9 Mart\u00edn, docentes y empleados.<\/p>\n\n\n\n<p><strong><u>Sobre Sandino<\/u><\/strong><\/p>\n\n\n\n<p>El General C\u00e9sar Sandino naci\u00f3 un 18 de mayo de 1895. Fue un l\u00edder de la resistencia de&nbsp; ese pa\u00eds en contra de la&nbsp; ocupaci\u00f3n estadounidense en Nicaragua del 1912 a 1913, en las llamadas guerras bananeras; donde Estados Unidos invadi\u00f3 varios pa\u00edses de Am\u00e9rica Latina del 1898 a 1934.<\/p>\n\n\n\n<p>\u00a0Sandino fue asesinado el 21 de febrero de 1934 y la academia estatal en honor a su legado construy\u00f3 un busto, y adem\u00e1s para solidarizarse con Nicaragua, el cual est\u00e1 ubicado en el edificio Asdr\u00fabal Dom\u00ednguez, en la parte frontal de la Federaci\u00f3n de Estudiantes Dominicanos (FED).\u00a0<\/p>\n\n\n\n<p>Relaciones P\u00fablicas<\/p>\n\n\n\n<p><a href=\"mailto:relacionespublicas@uasd.edu.do\" target=\"_blank\" rel=\"noreferrer noopener\">relacionespublicas@uasd.edu.do<\/a><\/p>\n\n\n\n<p><strong><u>Pies de fotos<\/u><\/strong><\/p>\n\n\n\n<p>1-La vicerrectora de extensi\u00f3n de la UASD, Rosal\u00eda Sosa se dirige a los presentes en la ofrenda floral en honor al combatiente general Augusto C\u00e9sar Sandino.<\/p>\n\n\n\n<p>2-El representante en el pa\u00eds de la embajada &nbsp;de Nicaragua, Mario Jos\u00e9 Armengol. Durante la ofrenda floral en honor al combatiente general Augusto C\u00e9sar Sandino.<\/p>\n\n\n\n<p>3-Isabel Tejada,&nbsp; representante de solidaridad con Nicaragua durante su intervenci\u00f3n en la ofrenda floral en honor al combatiente general Augusto C\u00e9sar Sandino.<\/p>\n\n\n\n<p>4-Autoridades de la UASD representantes de las embajadas de Nicaragua, Cuba, Venezuela y M\u00e9xico en el pa\u00eds, entre otros.<\/p>\n","protected":false},"excerpt":{"rendered":"<p>La vicerrectora de extensi\u00f3n de la UASD, Rosal\u00eda Sosa se dirige a los presentes en la ofrenda floral en honor al combatiente general Augusto C\u00e9sar Sandino. El representante en el pa\u00eds de la embajada \u00a0de Nicaragua, Mario Jos\u00e9 Armengol. Durante la ofrenda floral en honor al combatiente general Augusto C\u00e9sar Sandino. La Universidad Aut\u00f3noma Santo [&hellip;]<\/p>\n","protected":false},"author":28,"featured_media":530822,"comment_status":"closed","ping_status":"closed","sticky":false,"template":"","format":"standard","meta":{"footnotes":""},"categories":[21,26],"tags":[],"class_list":["post-530821","post","type-post","status-publish","format-standard","has-post-thumbnail","hentry","category-cultura","category-efemerides"],"_links":{"self":[{"href":"https:\/\/diariodominicano.com\/index.php?rest_route=\/wp\/v2\/posts\/530821","targetHints":{"allow":["GET"]}}],"collection":[{"href":"https:\/\/diariodominicano.com\/index.php?rest_route=\/wp\/v2\/posts"}],"about":[{"href":"https:\/\/diariodominicano.com\/index.php?rest_route=\/wp\/v2\/types\/post"}],"author":[{"embeddable":true,"href":"https:\/\/diariodominicano.com\/index.php?rest_route=\/wp\/v2\/users\/28"}],"replies":[{"embeddable":true,"href":"https:\/\/diariodominicano.com\/index.php?rest_route=%2Fwp%2Fv2%2Fcomments&post=530821"}],"version-history":[{"count":3,"href":"https:\/\/diariodominicano.com\/index.php?rest_route=\/wp\/v2\/posts\/530821\/revisions"}],"predecessor-version":[{"id":530829,"href":"https:\/\/diariodominicano.com\/index.php?rest_route=\/wp\/v2\/posts\/530821\/revisions\/530829"}],"wp:featuredmedia":[{"embeddable":true,"href":"https:\/\/diariodominicano.com\/index.php?rest_route=\/wp\/v2\/media\/530822"}],"wp:attachment":[{"href":"https:\/\/diariodominicano.com\/index.php?rest_route=%2Fwp%2Fv2%2Fmedia&parent=530821"}],"wp:term":[{"taxonomy":"category","embeddable":true,"href":"https:\/\/diariodominicano.com\/index.php?rest_route=%2Fwp%2Fv2%2Fcategories&post=530821"},{"taxonomy":"post_tag","embeddable":true,"href":"https:\/\/diariodominicano.com\/index.php?rest_route=%2Fwp%2Fv2%2Ftags&post=530821"}],"curies":[{"name":"wp","href":"https:\/\/api.w.org\/{rel}","templated":true}]}}