{"id":530715,"date":"2024-05-15T11:50:02","date_gmt":"2024-05-15T15:50:02","guid":{"rendered":"https:\/\/diariodominicano.com\/?p=530715"},"modified":"2024-05-15T11:50:03","modified_gmt":"2024-05-15T15:50:03","slug":"diana-landa-lanza-su-nuevo-sencillo-la-aplico-junto-maffio-y-nacho","status":"publish","type":"post","link":"https:\/\/diariodominicano.com\/?p=530715","title":{"rendered":"Diana Landa lanza su nuevo sencillo \u201cLa aplico\u201d junto Maffio y Nacho"},"content":{"rendered":"\n<p>La cantautora venezolana Diana Landa nos sorprende con su nuevo sencillo \u201cLa aplico\u201d, producido por el productor multi ganador de Latin Grammys \u201cMaffio\u201d y en colaboraci\u00f3n con la gran estrella de la m\u00fasica latina \u201cNacho\u201d.&nbsp;<\/p>\n\n\n\n<p>Diana es una artista multifac\u00e9tica con una hermosa voz y mucha versatilidad, este sencillo es parte de su gran proyecto musical que nos estar\u00e1 presentando durante todo este a\u00f1o junto de la mano de Maffio y su sello disquero Alkatraks Music Group.&nbsp;<\/p>\n\n\n\n<p>\u201cLa aplico\u201d es un tema fresco con una mezcla de fusiones y las voces incomparables de Diana y Nacho. Esta gran uni\u00f3n de estos grandes artistas venezolanos promete con este sencillo darle a su p\u00fablico el mejor tema del verano y de las discotecas.<\/p>\n\n\n\n<p>El video fue producido en la ciudad de Miami por InnerCat Films dirigido por Francisco Pinero, producido por Adriana Gonzalez y como directores de creatividad Ana Gonzalez, Jelyson Garcia en Laundry Room Miami.&nbsp;<\/p>\n\n\n\n<p>Acerca de Diana Landa&nbsp;<\/p>\n\n\n\n<p>Diana Landa naci\u00f3 en Venezuela el 13 de noviembre de 1994. Desde muy joven, demostr\u00f3 su destreza en el arte esc\u00e9nico y el contacto con el p\u00fablico. Al mudarse a los Estados Unidos, se uni\u00f3 a la Sinf\u00f3nica del Suroeste de La Florida (SWFL Symphony). Adem\u00e1s, asisti\u00f3 a una escuela vinculada al Centro de Arte (Center for the Arts), donde comenz\u00f3 a desarrollarse art\u00edsticamente. Pronto, se uni\u00f3 al coro del Centro de Artes y, lo que es m\u00e1s destacado, fue seleccionada como integrante de The Acapella Group, con quienes grab\u00f3 tres \u00e1lbumes de estudio (The Acapella Group, Sunny Days y Tag This).<\/p>\n\n\n\n<p>Su participaci\u00f3n en The Acapella Group la llev\u00f3 a obtener reconocimientos y premios, incluido el galard\u00f3n a la mejor canci\u00f3n del a\u00f1o en el \u00faltimo \u00e1lbum del grupo. Su carrera alcanz\u00f3 un hito significativo cuando fue elegida para representar al Centro de Arte de la Florida en la Gala anual de Encuentros y Herencias Culturales en Washington D.C. ante una audiencia de m\u00e1s de 5 mil personas, que inclu\u00eda maestros, estudiantes, figuras pol\u00edticas y la presencia especial del Presidente Barack Obama.&nbsp;<\/p>\n\n\n\n<p>Posteriormente, Diana obtuvo una beca para la Universidad de Florida Central (UCF), donde se prepar\u00f3 profesionalmente como Comunicadora Social y complet\u00f3 una especializaci\u00f3n en Ciencias Pol\u00edticas. Durante su tiempo en UCF, tambi\u00e9n form\u00f3 parte de la destacada agrupaci\u00f3n de Acapella, Gemini Blvd. En 2023, Diana Landa tom\u00f3 un paso crucial para perfeccionar su t\u00e9cnica actoral al asistir al Howard Fine Acting Studio.&nbsp;<\/p>\n\n\n\n<p>Hoy en d\u00eda, Diana Landa deja atr\u00e1s sus miedos y se aventura en la industria musical profesionalmente. Su carisma, vers\u00e1til tono de voz y belleza se combinan para hacer de ella una cantante excepcional, capaz de alcanzar las notas m\u00e1s altas de la escala vocal con facilidad.<\/p>\n\n\n\n<p>\u201cLa aplico\u201d Play and Follow Diana Landa&nbsp;<\/p>\n\n\n\n<figure class=\"wp-block-embed\"><div class=\"wp-block-embed__wrapper\">\nhttps:\/\/www.playandfollow.com\/r\/icmg\/la-aplico\n<\/div><\/figure>\n\n\n\n<p>Assets:&nbsp;<a href=\"https:\/\/drive.google.com\/drive\/folders\/1_6GTIfoOKd7fgjKPbCl2DxQnE1nnMsqa?usp=drive_link\" target=\"_blank\" rel=\"noreferrer noopener\">https:\/\/drive.google.com\/drive\/folders\/1_6GTIfoOKd7fgjKPbCl2DxQnE1nnMsqa?usp=drive_link<\/a><\/p>\n\n\n\n<p>Instagram:&nbsp;<\/p>\n\n\n\n<p>@dianalandamusic&nbsp;<\/p>\n\n\n\n<figure class=\"wp-block-embed\"><div class=\"wp-block-embed__wrapper\">\nhttps:\/\/www.instagram.com\/dianalandamusic\n<\/div><\/figure>\n\n\n\n<p>TikTok:<\/p>\n\n\n\n<p>@dianalandamusic<\/p>\n\n\n\n<figure class=\"wp-block-embed is-type-rich is-provider-tiktok wp-block-embed-tiktok\"><div class=\"wp-block-embed__wrapper\">\n<blockquote class=\"tiktok-embed\" cite=\"https:\/\/www.tiktok.com\/@dianalandamusic\" data-unique-id=\"dianalandamusic\" data-embed-from=\"oembed\" data-embed-type=\"creator\" style=\"max-width:780px; min-width:288px;\"> <section> <a target=\"_blank\" href=\"https:\/\/www.tiktok.com\/@dianalandamusic?refer=creator_embed\">@dianalandamusic<\/a> <\/section> <\/blockquote> <script async src=\"https:\/\/www.tiktok.com\/embed.js\"><\/script>\n<\/div><\/figure>\n\n\n\n<p>Facebook:&nbsp;<\/p>\n\n\n\n<p>Diana Landa Oficial&nbsp;<\/p>\n\n\n\n<p><a href=\"https:\/\/www.facebook.com\/DianaLandaOfficial?mibextid=JRoKGi \">https:\/\/www.facebook.com\/DianaLandaOfficial?mibextid=JRoKGi <\/a><\/p>\n\n\n\n<p>YouTube: <\/p>\n\n\n\n<p><a href=\"https:\/\/www.youtube.com\/@dianalandamusic\/videos\">https:\/\/www.youtube.com\/@dianalandamusic\/videos<\/a><\/p>\n\n\n\n<p>Diana Landa&nbsp; <\/p>\n\n\n\n<p>Contacto de Publicidad&nbsp;<\/p>\n\n\n\n<p>Angely Rosich<\/p>\n\n\n\n<p>RA PUBLICITY LLC<\/p>\n\n\n\n<p>Email:&nbsp;<a href=\"mailto:angelyrosich@gmail.com\" target=\"_blank\" rel=\"noreferrer noopener\">angelyrosich@gmail.com<\/a><\/p>\n\n\n\n<p><strong>Rub\u00e9n Bichara<\/strong>\u00a0fue quien, en su calidad de\u00a0<strong>titular de la Secretar\u00eda de Enlaces<\/strong>, moder\u00f3 la reuni\u00f3n e invit\u00f3 a los asistentes a permanecer en las demarcaciones que enlazan para dar seguimiento al trabajo y esperar el resultado final de los c\u00f3mputos que han de favorecer la f\u00f3rmula presidencial pelede\u00edsta: Abel Mart\u00ednez, Presidente, Zoraima Cuello, vicepresidenta y a los candidatos y candidatas al Congreso Nacional <\/p>\n\n\n\n<p>glomymena8@gmail.com <\/p>\n\n\n\n<p><strong>SECRETAR\u00cdA DE COMUNICACIONES <\/strong><\/p>\n","protected":false},"excerpt":{"rendered":"<p>La cantautora venezolana Diana Landa nos sorprende con su nuevo sencillo \u201cLa aplico\u201d, producido por el productor multi ganador de Latin Grammys \u201cMaffio\u201d y en colaboraci\u00f3n con la gran estrella de la m\u00fasica latina \u201cNacho\u201d.&nbsp; Diana es una artista multifac\u00e9tica con una hermosa voz y mucha versatilidad, este sencillo es parte de su gran proyecto [&hellip;]<\/p>\n","protected":false},"author":7,"featured_media":0,"comment_status":"closed","ping_status":"closed","sticky":false,"template":"","format":"standard","meta":{"footnotes":""},"categories":[25],"tags":[],"class_list":["post-530715","post","type-post","status-publish","format-standard","hentry","category-gente"],"_links":{"self":[{"href":"https:\/\/diariodominicano.com\/index.php?rest_route=\/wp\/v2\/posts\/530715","targetHints":{"allow":["GET"]}}],"collection":[{"href":"https:\/\/diariodominicano.com\/index.php?rest_route=\/wp\/v2\/posts"}],"about":[{"href":"https:\/\/diariodominicano.com\/index.php?rest_route=\/wp\/v2\/types\/post"}],"author":[{"embeddable":true,"href":"https:\/\/diariodominicano.com\/index.php?rest_route=\/wp\/v2\/users\/7"}],"replies":[{"embeddable":true,"href":"https:\/\/diariodominicano.com\/index.php?rest_route=%2Fwp%2Fv2%2Fcomments&post=530715"}],"version-history":[{"count":1,"href":"https:\/\/diariodominicano.com\/index.php?rest_route=\/wp\/v2\/posts\/530715\/revisions"}],"predecessor-version":[{"id":530882,"href":"https:\/\/diariodominicano.com\/index.php?rest_route=\/wp\/v2\/posts\/530715\/revisions\/530882"}],"wp:attachment":[{"href":"https:\/\/diariodominicano.com\/index.php?rest_route=%2Fwp%2Fv2%2Fmedia&parent=530715"}],"wp:term":[{"taxonomy":"category","embeddable":true,"href":"https:\/\/diariodominicano.com\/index.php?rest_route=%2Fwp%2Fv2%2Fcategories&post=530715"},{"taxonomy":"post_tag","embeddable":true,"href":"https:\/\/diariodominicano.com\/index.php?rest_route=%2Fwp%2Fv2%2Ftags&post=530715"}],"curies":[{"name":"wp","href":"https:\/\/api.w.org\/{rel}","templated":true}]}}