{"id":530690,"date":"2024-05-14T15:00:50","date_gmt":"2024-05-14T19:00:50","guid":{"rendered":"https:\/\/diariodominicano.com\/?p=530690"},"modified":"2024-05-14T15:00:56","modified_gmt":"2024-05-14T19:00:56","slug":"quinto-tribunal-colegiado-dicta-20-anos-de-prision-contra-hombre-que-violo-una-mujer-y-robo-dinero-en-una-residencia","status":"publish","type":"post","link":"https:\/\/diariodominicano.com\/?p=530690","title":{"rendered":"Quinto Tribunal Colegiado dicta 20 a\u00f1os de prisi\u00f3n contra hombre que viol\u00f3 una mujer y rob\u00f3 dinero en una residencia"},"content":{"rendered":"\n<p>diariodominicano.com<\/p>\n\n\n\n<p><strong>Santo<\/strong>\u2002<strong>Domingo, R. D.,<\/strong>\u2002<strong>14 de mayo, 2024.- <\/strong>\u00a0La Procuradur\u00eda Fiscal de Santo Domingo Este y Norte logr\u00f3 que un tribunal de esta jurisdicci\u00f3n imponga 20 a\u00f1os de prisi\u00f3n en contra de un hombre que en horas de la madrugada entr\u00f3 en una casa habitada y bajo amenaza de matar a los hijos de la v\u00edctima la viol\u00f3 sexualmente y rob\u00f3 dinero y varios objetos de valor, en un hecho ocurrido en el a\u00f1o 2020.<\/p>\n\n\n\n<p>La condena fue dictada por el Quinto Tribunal Colegiado de esta jurisdicci\u00f3n, que preside el magistrado Julio Aybar Ortiz, e integran las juezas Laisa Matos Dur\u00e1n y Nelcy Xiomara Ortega Ram\u00edrez, en contra de Juan Carlos David, por los hechos cometidos en contra de la v\u00edctima, de quien se omite su nombre para proteger su identidad.<\/p>\n\n\n\n<p>Durante el juicio, el Ministerio P\u00fablico, representado por la fiscal litigante Ivette Mateo, demostr\u00f3 ante el tribunal la responsabilidad penal del hoy condenado, por haber violentado los art\u00edculos 330, 331, 309 -1, 309-3 literales b,c,d, 379, 382, 385, 386, 1,2 del C\u00f3digo Penal Dominicano, modificado por la Ley 2497, sobre violencia de g\u00e9nero, agresi\u00f3n sexual y rob\u00f3 con violencia.<\/p>\n\n\n\n<p>El expediente instrumentado por la fiscal investigadora Mar\u00eda Dominga S\u00e1nchez Mej\u00eda, relata que fue en eso de las 3:14 de la madrugada cuando el encartado, junto a su c\u00f3mplice, Jhony Pieter, de nacionalidad haitiana (en proceso de judicializar), penetraron a la casa de la v\u00edctima por una ventana de la cocina, la cual da\u00f1aron.<\/p>\n\n\n\n<p>Una vez dentro, amenazaron a la v\u00edctima con matar a su hijo menor de dos a\u00f1os, al que le colocaron un cuchillo en el cuello mientras \u00e9l dorm\u00eda, situaci\u00f3n en la que abusaron sexualmente de ella.<\/p>\n\n\n\n<p>Antes de marcharse del lugar, los malhechores se llevaron consigo 2,500 pesos en efectivo, un televisor de 32 pulgadas, un videojuego, el monitor de una computadora; prendas de oro, maletas con mercanc\u00edas.<\/p>\n\n\n\n<p>La condena deber\u00e1 ser cumplida por el procesado en la Penitenciar\u00eda Nacional de La Victoria.<strong><\/strong><\/p>\n\n\n\n<p><strong>Direcci\u00f3n General de Comunicaci\u00f3n, Prensa, y RRPP<\/strong><strong><\/strong><\/p>\n\n\n\n<p>Ministerio P\u00fablico.&nbsp;R.D.<\/p>\n\n\n\n<p>Martes, 14 de mayo de 2024<\/p>\n","protected":false},"excerpt":{"rendered":"<p>diariodominicano.com Santo\u2002Domingo, R. D.,\u200214 de mayo, 2024.- \u00a0La Procuradur\u00eda Fiscal de Santo Domingo Este y Norte logr\u00f3 que un tribunal de esta jurisdicci\u00f3n imponga 20 a\u00f1os de prisi\u00f3n en contra de un hombre que en horas de la madrugada entr\u00f3 en una casa habitada y bajo amenaza de matar a los hijos de la v\u00edctima [&hellip;]<\/p>\n","protected":false},"author":5,"featured_media":368341,"comment_status":"closed","ping_status":"closed","sticky":true,"template":"","format":"standard","meta":{"footnotes":""},"categories":[24,27],"tags":[],"class_list":["post-530690","post","type-post","status-publish","format-standard","has-post-thumbnail","hentry","category-justicia-y-derecho","category-portada"],"_links":{"self":[{"href":"https:\/\/diariodominicano.com\/index.php?rest_route=\/wp\/v2\/posts\/530690","targetHints":{"allow":["GET"]}}],"collection":[{"href":"https:\/\/diariodominicano.com\/index.php?rest_route=\/wp\/v2\/posts"}],"about":[{"href":"https:\/\/diariodominicano.com\/index.php?rest_route=\/wp\/v2\/types\/post"}],"author":[{"embeddable":true,"href":"https:\/\/diariodominicano.com\/index.php?rest_route=\/wp\/v2\/users\/5"}],"replies":[{"embeddable":true,"href":"https:\/\/diariodominicano.com\/index.php?rest_route=%2Fwp%2Fv2%2Fcomments&post=530690"}],"version-history":[{"count":1,"href":"https:\/\/diariodominicano.com\/index.php?rest_route=\/wp\/v2\/posts\/530690\/revisions"}],"predecessor-version":[{"id":530691,"href":"https:\/\/diariodominicano.com\/index.php?rest_route=\/wp\/v2\/posts\/530690\/revisions\/530691"}],"wp:featuredmedia":[{"embeddable":true,"href":"https:\/\/diariodominicano.com\/index.php?rest_route=\/wp\/v2\/media\/368341"}],"wp:attachment":[{"href":"https:\/\/diariodominicano.com\/index.php?rest_route=%2Fwp%2Fv2%2Fmedia&parent=530690"}],"wp:term":[{"taxonomy":"category","embeddable":true,"href":"https:\/\/diariodominicano.com\/index.php?rest_route=%2Fwp%2Fv2%2Fcategories&post=530690"},{"taxonomy":"post_tag","embeddable":true,"href":"https:\/\/diariodominicano.com\/index.php?rest_route=%2Fwp%2Fv2%2Ftags&post=530690"}],"curies":[{"name":"wp","href":"https:\/\/api.w.org\/{rel}","templated":true}]}}