{"id":530647,"date":"2024-05-14T10:56:51","date_gmt":"2024-05-14T14:56:51","guid":{"rendered":"https:\/\/diariodominicano.com\/?p=530647"},"modified":"2024-05-15T17:15:25","modified_gmt":"2024-05-15T21:15:25","slug":"tribunal-colegiado-condena-a-8-anos-de-prision-hombre-hirio-con-arma-blanca-a-otro-durante-atraco","status":"publish","type":"post","link":"https:\/\/diariodominicano.com\/?p=530647","title":{"rendered":"Tribunal Colegiado condena a 8 a\u00f1os de prisi\u00f3n hombre hiri\u00f3 con arma blanca a otro durante atraco"},"content":{"rendered":"\n<p>diariodominicano.com<\/p>\n\n\n\n<p>Hato Mayor, R. D.,\u200214 de mayo, 2024.- Tras acoger la solicitud del Ministerio P\u00fablico, el Tribunal Colegiado de esta provincia conden\u00f3 a 8 a\u00f1os de prisi\u00f3n a un hombre que agredi\u00f3 a otro con un arma blanca, durante un atraco, para despojarlo de un tel\u00e9fono celular.<\/p>\n\n\n\n<p>Yeuri Javier Lantigua (Pollerito) fue condenado a cumplir la pena en la c\u00e1rcel p\u00fablica de El Seibo por la acci\u00f3n delictiva perpetrada contra Keilin Manuel de la Cruz, mientras la v\u00edctima se dirig\u00eda a su lugar de trabajo en esta provincia.<\/p>\n\n\n\n<p>El hoy condenado Javier Lantigua, luego de sorprender a la v\u00edctima, lo tom\u00f3 por el pecho y lo amenaz\u00f3 con un arma blanca (machete) para despojarlo del tel\u00e9fono celular que portaba.<\/p>\n\n\n\n<p>En medio del atraco, el agresor provoc\u00f3 a la v\u00edctima herida en la regi\u00f3n axilar izquierda, as\u00ed como trauma y laceraciones en el antebrazo y rodilla izquierda, y laceraciones en el dedo mayor de la mano derecha.&nbsp;&nbsp;<\/p>\n\n\n\n<p>Tras cometer el hecho, Javier Antigua fue arrestado mediante orden judicial marcada con el No. 434-2022Taut00439 en esta ciudad de Hato Mayor.&nbsp;<\/p>\n\n\n\n<p>La fiscal litigante Jeanny Ram\u00edrez represent\u00f3 al Ministerio P\u00fablico en la audiencia donde el tribunal, integrado por los jueces Francisco Arias S\u00e1nchez, Haissel Uribe Reyes y Mar\u00eda del Carmen Garc\u00eda, dict\u00f3 la sentencia condenatoria al determinar que el acusado viol\u00f3 los art\u00edculos 379 y 382 del C\u00f3digo Penal Dominicano.<\/p>\n\n\n\n<p>Direcci\u00f3n General<strong>&nbsp;de Comunicaci\u00f3n, Prensa, y RRPP<\/strong><strong><\/strong><\/p>\n\n\n\n<p>Ministerio P\u00fablico. R.D.<\/p>\n\n\n\n<p>Martes, 14 de mayo de 2024.<\/p>\n","protected":false},"excerpt":{"rendered":"<p>diariodominicano.com Hato Mayor, R. D.,\u200214 de mayo, 2024.- Tras acoger la solicitud del Ministerio P\u00fablico, el Tribunal Colegiado de esta provincia conden\u00f3 a 8 a\u00f1os de prisi\u00f3n a un hombre que agredi\u00f3 a otro con un arma blanca, durante un atraco, para despojarlo de un tel\u00e9fono celular. Yeuri Javier Lantigua (Pollerito) fue condenado a cumplir [&hellip;]<\/p>\n","protected":false},"author":5,"featured_media":530964,"comment_status":"closed","ping_status":"closed","sticky":true,"template":"","format":"standard","meta":{"footnotes":""},"categories":[24,27],"tags":[],"class_list":["post-530647","post","type-post","status-publish","format-standard","has-post-thumbnail","hentry","category-justicia-y-derecho","category-portada"],"_links":{"self":[{"href":"https:\/\/diariodominicano.com\/index.php?rest_route=\/wp\/v2\/posts\/530647","targetHints":{"allow":["GET"]}}],"collection":[{"href":"https:\/\/diariodominicano.com\/index.php?rest_route=\/wp\/v2\/posts"}],"about":[{"href":"https:\/\/diariodominicano.com\/index.php?rest_route=\/wp\/v2\/types\/post"}],"author":[{"embeddable":true,"href":"https:\/\/diariodominicano.com\/index.php?rest_route=\/wp\/v2\/users\/5"}],"replies":[{"embeddable":true,"href":"https:\/\/diariodominicano.com\/index.php?rest_route=%2Fwp%2Fv2%2Fcomments&post=530647"}],"version-history":[{"count":1,"href":"https:\/\/diariodominicano.com\/index.php?rest_route=\/wp\/v2\/posts\/530647\/revisions"}],"predecessor-version":[{"id":530648,"href":"https:\/\/diariodominicano.com\/index.php?rest_route=\/wp\/v2\/posts\/530647\/revisions\/530648"}],"wp:featuredmedia":[{"embeddable":true,"href":"https:\/\/diariodominicano.com\/index.php?rest_route=\/wp\/v2\/media\/530964"}],"wp:attachment":[{"href":"https:\/\/diariodominicano.com\/index.php?rest_route=%2Fwp%2Fv2%2Fmedia&parent=530647"}],"wp:term":[{"taxonomy":"category","embeddable":true,"href":"https:\/\/diariodominicano.com\/index.php?rest_route=%2Fwp%2Fv2%2Fcategories&post=530647"},{"taxonomy":"post_tag","embeddable":true,"href":"https:\/\/diariodominicano.com\/index.php?rest_route=%2Fwp%2Fv2%2Ftags&post=530647"}],"curies":[{"name":"wp","href":"https:\/\/api.w.org\/{rel}","templated":true}]}}