{"id":53062,"date":"2020-06-07T11:42:05","date_gmt":"2020-06-07T11:42:05","guid":{"rendered":"http:\/\/diariodominicano.ddns.net\/?p=53062"},"modified":"2020-06-07T11:42:05","modified_gmt":"2020-06-07T11:42:05","slug":"anuncian-fase-final-de-desmontaje-de-andamio-en-notre-dame-de-paris","status":"publish","type":"post","link":"https:\/\/diariodominicano.com\/?p=53062","title":{"rendered":"Anuncian fase final de desmontaje de andamio en Notre-Dame de Par\u00eds"},"content":{"rendered":"<p><body><\/p>\n<p><img decoding=\"async\" src=\"img3\/notre7-6-26.jpg\" \/>  <\/p>\n<p><span class=\"text1noticias\">diariodominicano.com<\/span><\/p>\n<p><span class=\"text1noticias\"> <\/span><\/p>\n<p><span class=\"text1noticias\">Par\u00eds, 7 jun (Prensa Latina) La autoridad encargada de reconstruir la catedral de Notre-Dame de Par\u00eds anunci\u00f3 hoy el comienzo ma\u00f1ana de la etapa final del desmontaje del andamio que evit\u00f3 el colapso del templo tras el incendio del a\u00f1o pasado.<\/span><\/p>\n<p><span class=\"text1noticias\"> <\/span><\/p>\n<p><span class=\"text1noticias\">En un comunicado, la entidad p\u00fablica precis\u00f3 que desmantelar la estructura met\u00e1lica compuesta por 40 mil piezas y un peso de 200 toneladas tardar\u00e1 todo el verano, a partir de la complejidad de las operaciones.<\/span><\/p>\n<p><span class=\"text1noticias\"> <\/span><\/p>\n<p><span class=\"text1noticias\">Dos equipos de cinco t\u00e9cnicos cada uno se acercar\u00e1n mediante cuerdas lo m\u00e1s posible a las partes calcinadas del andamio para cortarlas con el empleo de sierras, mientras una gr\u00faa de m\u00e1s de 80 metros de altura ser\u00e1 clave en los trabajos, subray\u00f3.<\/span><\/p>\n<p><span class=\"text1noticias\"> <\/span><\/p>\n<p><span class=\"text1noticias\">El andamio representa un obst\u00e1culo para la reconstrucci\u00f3n de la catedral declarada en 1991 por la Unesco Patrimonio de la Humanidad, que el 15 de abril de 2019 sufri\u00f3 el azote de un devastador fuego, capaz de destruir la aguja y el techo del sitio visitado cada a\u00f1o por millones de personas de todo el mundo.<\/span><\/p>\n<p><span class=\"text1noticias\"> <\/span><\/p>\n<p><span class=\"text1noticias\">La estructura qued\u00f3 deformada en varias partes por el calor, por lo que fue necesario estabilizarla con vigas.<\/span><\/p>\n<p><span class=\"text1noticias\"> <\/span><\/p>\n<p><span class=\"text1noticias\">El gobierno franc\u00e9s expuso su meta de completar la recuperaci\u00f3n de Notre-Dame en cinco a\u00f1os, pero las labores presentan serios atrasos, primero por la contaminaci\u00f3n por el plomo del tejado, sustancia que las llamas liberaron a la atm\u00f3sfera, y m\u00e1s reciente, por el impacto de la Covid-19, pandemia que oblig\u00f3 a detener los trabajos en marzo, hasta su reanudaci\u00f3n hace poco.<\/span><\/p>\n<p><span class=\"text1noticias\"> <\/span><\/p>\n<p>ga\/wmr<\/p>\n<h6> 2020-06-07 11:42:05 <\/h6>\n<p><!--\n<link rel=\"stylesheet\" href=\"css\/bootstrap.min.css\">\n\n\n<ul class=\"pagination\">\n\t    \n\t\n\n<li >\n\t<a href='?page_no=533'>Previous<\/a>\n\t<\/li>\n\n\n       \n    \n\n<li><a href='?page_no=1'>1<\/a><\/li>\n\n\n\n<li><a href='?page_no=2'>2<\/a><\/li>\n\n\n\n<li><a>...<\/a><\/li>\n\n\n\n<li><a href='?page_no=532'>532<\/a><\/li>\n\n\n\n<li><a href='?page_no=533'>533<\/a><\/li>\n\n\n\n<li class='active'><a>534<\/a><\/li>\n\n\n\n<li><a href='?page_no=535'>535<\/a><\/li>\n\n\n\n<li><a href='?page_no=536'>536<\/a><\/li>\n\n\n\n<li><a>...<\/a><\/li>\n\n\n\n<li><a href='?page_no=22911'>22911<\/a><\/li>\n\n\n\n<li><a href='?page_no=22912'>22912<\/a><\/li>\n\n    \n\t\n\n<li >\n\t<a href='?page_no=535'>Next<\/a>\n\t<\/li>\n\n\n    \n\n<li><a href='?page_no=22912'>Last &rsaquo;&rsaquo;<\/a><\/li>\n\n<\/ul>\n\n\n--><br \/>\n<\/body><\/p>\n","protected":false},"excerpt":{"rendered":"<p>diariodominicano.com Par\u00eds, 7 jun (Prensa Latina) La autoridad encargada de reconstruir la catedral de Notre-Dame de Par\u00eds anunci\u00f3 hoy el comienzo ma\u00f1ana de la etapa final del desmontaje del andamio que evit\u00f3 el colapso del templo tras el incendio del a\u00f1o pasado. En un comunicado, la entidad p\u00fablica precis\u00f3 que desmantelar la estructura met\u00e1lica compuesta [&hellip;]<\/p>\n","protected":false},"author":3,"featured_media":0,"comment_status":"open","ping_status":"open","sticky":false,"template":"","format":"standard","meta":{"footnotes":""},"categories":[21],"tags":[],"class_list":["post-53062","post","type-post","status-publish","format-standard","hentry","category-cultura"],"_links":{"self":[{"href":"https:\/\/diariodominicano.com\/index.php?rest_route=\/wp\/v2\/posts\/53062","targetHints":{"allow":["GET"]}}],"collection":[{"href":"https:\/\/diariodominicano.com\/index.php?rest_route=\/wp\/v2\/posts"}],"about":[{"href":"https:\/\/diariodominicano.com\/index.php?rest_route=\/wp\/v2\/types\/post"}],"author":[{"embeddable":true,"href":"https:\/\/diariodominicano.com\/index.php?rest_route=\/wp\/v2\/users\/3"}],"replies":[{"embeddable":true,"href":"https:\/\/diariodominicano.com\/index.php?rest_route=%2Fwp%2Fv2%2Fcomments&post=53062"}],"version-history":[{"count":0,"href":"https:\/\/diariodominicano.com\/index.php?rest_route=\/wp\/v2\/posts\/53062\/revisions"}],"wp:attachment":[{"href":"https:\/\/diariodominicano.com\/index.php?rest_route=%2Fwp%2Fv2%2Fmedia&parent=53062"}],"wp:term":[{"taxonomy":"category","embeddable":true,"href":"https:\/\/diariodominicano.com\/index.php?rest_route=%2Fwp%2Fv2%2Fcategories&post=53062"},{"taxonomy":"post_tag","embeddable":true,"href":"https:\/\/diariodominicano.com\/index.php?rest_route=%2Fwp%2Fv2%2Ftags&post=53062"}],"curies":[{"name":"wp","href":"https:\/\/api.w.org\/{rel}","templated":true}]}}