{"id":530617,"date":"2024-05-14T08:38:13","date_gmt":"2024-05-14T12:38:13","guid":{"rendered":"https:\/\/diariodominicano.com\/?p=530617"},"modified":"2024-05-14T08:38:20","modified_gmt":"2024-05-14T12:38:20","slug":"air-europa-activa-sistema-reconocimiento-facial-en-aeropuertos-de-espana","status":"publish","type":"post","link":"https:\/\/diariodominicano.com\/?p=530617","title":{"rendered":"Air Europa activa sistema reconocimiento facial\u00a0en aeropuertos de Espa\u00f1a"},"content":{"rendered":"\n<p>diariodominicano.com<\/p>\n\n\n\n<p>Santo Domingo, R. D.,\u200214 de mayo, 2024.-\u2002La aerol\u00ednea espa\u00f1ola Air Europa puso en funcionamiento un innovador proyecto de reconocimiento facial en los aeropuertos de Baraja-Madrid y Palma de Mallorca, que permitir\u00e1 a los pasajeros agilizar el abordaje de sus vuelos con acceso r\u00e1pido a la puerta de embarque.<\/p>\n\n\n\n<p>La iniciativa es parte de un programa para los pasajeros que, voluntariamente, decidan registrar sus rostros, a fin de que puedan realizar el tr\u00e1nsito en la terminal sin mostrar documentaci\u00f3n, evitando colas y les garantiza la seguridad de la operaci\u00f3n de viaje, inform\u00f3 la aerol\u00ednea.<\/p>\n\n\n\n<p>Los nuevos dispositivos de reconocimiento facial -indic\u00f3- consisten en&nbsp; puertas especiales de acceso a la terminal, dotadas de un sistema de lectura de documentos y una c\u00e1mara para identificar el rostro del pasajero que se haya registrado previamente. \u201cSi la imagen coincide con la de la documentaci\u00f3n en vigor, la puerta se abrir\u00e1 autom\u00e1ticamente\u201d, precisa la informaci\u00f3n.<\/p>\n\n\n\n<p>Para acceder al programa, explicaron que es necesario previamente registrarse en la App de Air Europa, en la de Aena o en los quioscos de reconocimiento facial existentes en el aeropuerto, donde una vez registrado, \u201cel pasajero s\u00f3lo deber\u00e1 asociar su tarjeta de embarque en los siguientes vuelos\u201d.<\/p>\n\n\n\n<p>Sin embargo, Air Europa informa que el innovador sistema no exime al pasajero \u201cde llevar en todo momento la documentaci\u00f3n vigente, como exige la normativa, pero permitir\u00e1 a los pasajeros superar los controles de seguridad y el embarque de manera mucho m\u00e1s \u00e1gil, c\u00f3moda y flexible\u201d.<\/p>\n\n\n\n<p>En principio solo se beneficiar\u00e1 del nuevo sistema la ruta Palma-Madrid-Palma, pero \u201cmuy pronto estar\u00e1 disponible en m\u00e1s destinos y frecuencias, cuya activaci\u00f3n est\u00e1 prevista pr\u00f3ximos meses en los aeropuertos de Barcelona, Ibiza, Las Palmas y Tenerife\u201d.<\/p>\n\n\n\n<p>El uso de la nueva tecnolog\u00eda contribuir\u00e1 a digitalizar las operaciones y mejorar la experiencia del viajero, lo que confirma el papel de la aerol\u00ednea como una de la m\u00e1s innovadoras del mercado de la aviaci\u00f3n.<\/p>\n\n\n\n<p>Air Europa fue pionera en Espa\u00f1a realizando la primera prueba del nuevo sistema de control de acceso y seguridad en 2019, cuando\u00a0 desarroll\u00f3 una prueba piloto en el aeropuerto de Menorca.<\/p>\n\n\n\n<p><strong>Mar\u00eda Alejandra Alc\u00e1ntara\u00a0<\/strong><\/p>\n","protected":false},"excerpt":{"rendered":"<p>diariodominicano.com Santo Domingo, R. D.,\u200214 de mayo, 2024.-\u2002La aerol\u00ednea espa\u00f1ola Air Europa puso en funcionamiento un innovador proyecto de reconocimiento facial en los aeropuertos de Baraja-Madrid y Palma de Mallorca, que permitir\u00e1 a los pasajeros agilizar el abordaje de sus vuelos con acceso r\u00e1pido a la puerta de embarque. La iniciativa es parte de un [&hellip;]<\/p>\n","protected":false},"author":5,"featured_media":530618,"comment_status":"closed","ping_status":"closed","sticky":true,"template":"","format":"standard","meta":{"footnotes":""},"categories":[20,27],"tags":[],"class_list":["post-530617","post","type-post","status-publish","format-standard","has-post-thumbnail","hentry","category-dominicana-hoy","category-portada"],"_links":{"self":[{"href":"https:\/\/diariodominicano.com\/index.php?rest_route=\/wp\/v2\/posts\/530617","targetHints":{"allow":["GET"]}}],"collection":[{"href":"https:\/\/diariodominicano.com\/index.php?rest_route=\/wp\/v2\/posts"}],"about":[{"href":"https:\/\/diariodominicano.com\/index.php?rest_route=\/wp\/v2\/types\/post"}],"author":[{"embeddable":true,"href":"https:\/\/diariodominicano.com\/index.php?rest_route=\/wp\/v2\/users\/5"}],"replies":[{"embeddable":true,"href":"https:\/\/diariodominicano.com\/index.php?rest_route=%2Fwp%2Fv2%2Fcomments&post=530617"}],"version-history":[{"count":1,"href":"https:\/\/diariodominicano.com\/index.php?rest_route=\/wp\/v2\/posts\/530617\/revisions"}],"predecessor-version":[{"id":530619,"href":"https:\/\/diariodominicano.com\/index.php?rest_route=\/wp\/v2\/posts\/530617\/revisions\/530619"}],"wp:featuredmedia":[{"embeddable":true,"href":"https:\/\/diariodominicano.com\/index.php?rest_route=\/wp\/v2\/media\/530618"}],"wp:attachment":[{"href":"https:\/\/diariodominicano.com\/index.php?rest_route=%2Fwp%2Fv2%2Fmedia&parent=530617"}],"wp:term":[{"taxonomy":"category","embeddable":true,"href":"https:\/\/diariodominicano.com\/index.php?rest_route=%2Fwp%2Fv2%2Fcategories&post=530617"},{"taxonomy":"post_tag","embeddable":true,"href":"https:\/\/diariodominicano.com\/index.php?rest_route=%2Fwp%2Fv2%2Ftags&post=530617"}],"curies":[{"name":"wp","href":"https:\/\/api.w.org\/{rel}","templated":true}]}}