{"id":53040,"date":"2020-06-07T22:10:52","date_gmt":"2020-06-07T22:10:52","guid":{"rendered":"http:\/\/diariodominicano.ddns.net\/?p=53040"},"modified":"2020-06-07T22:10:52","modified_gmt":"2020-06-07T22:10:52","slug":"jovenes-independientes-del-cibao-rechazan-ratificar-actos-del-gobierno-de-ocupacion","status":"publish","type":"post","link":"https:\/\/diariodominicano.com\/?p=53040","title":{"rendered":"J\u00f3venes Independientes del Cibao rechazan ratificar actos del Gobierno de Ocupaci\u00f3n"},"content":{"rendered":"<p><body><\/p>\n<p><strong>Diariodominicano.com<\/strong><\/p>\n<p><strong>J\u00f3venes Independientes del Cibao se oponen a ratificar actos del Gobierno de Ocupaci\u00f3n de EE UU<\/strong><\/p>\n<p><strong>Los  miembros y directivos de la Asociaci\u00f3n de J\u00f3venes Independientes exig\u00edan la inmediata retirada de las tropas estadounidenses  que ocupaban el territorio nacional desde  1916.<\/strong><\/p>\n<p><strong>H\u00e9ctor Tineo Nolasco<\/strong><\/p>\n<p><strong>Diariodominicano.com<\/strong><\/p>\n<p><strong>SANTIAGO DE LOS CABALLEROS, el  8 de junio de 1922,<\/strong> miembros y directivos de la Asociaci\u00f3n de  J\u00f3venes  Independientes en el Cibao, pusieron a circular un documento en la ciudad de Santiago de los Caballeros, en el que advert\u00edan que el pueblo dominicano  \u00abNo debe consentir jam\u00e1s la ratificaci\u00f3n por medio de tratado de los actos  del Gobierno Militar de ocupaci\u00f3n de los Estados Unidos\u00bb.<\/p>\n<\/p>\n<p>   \tLos  miembros y directivos de la Asociaci\u00f3n de J\u00f3venes Independientes exig\u00edan la inmediata retirada de las tropas estadounidenses  que ocupaban el territorio nacional desde  1916.<\/p>\n<\/p>\n<p>   \tEl documento lo firmaron,  entre otros,  Rafael  Estrella  Ure\u00f1a,  Vicente Tolentino Rojas, Jos\u00e9 Cabral Berm\u00fadez, Daniel Espinal, Manuel Pastoriza, Juan A. Morel,  y Andr\u00e9s B. Perozo.<\/p>\n<\/p>\n<p>    \tCon su declaraci\u00f3n, los j\u00f3venes  independientes de Santiago de los Caballeros, se unieron a sus compa\u00f1eros de la ciudad de Santo Domingo,  que tres d\u00edas antes dieron a conocer un documento  para expresar su  rechazo a cualquier acuerdo que afectara la soberan\u00eda dominicana.<\/p>\n<\/p>\n<p>     \tEn efecto,  el 5 de Junio de 1922, el Comit\u00e9  Ejecutivo  de la Asociaci\u00f3n de J\u00f3venes Independientes, expres\u00f3 su condena a cualquier transacci\u00f3n con Estados Unidos  que afecte la soberan\u00eda nacional.<\/p>\n<\/p>\n<p>    \tLa declaraci\u00f3n de los j\u00f3venes independientes se produjo  en el momento que el pa\u00eds segu\u00eda intervenido por militares de Estados Unidos, y se llevaban a cabo negociaciones en Washington, en procura de un acuerdo para la desocupaci\u00f3n.<\/p>\n<\/p>\n<p>   \tEl documento hab\u00eda sido dado a conocer por el Comit\u00e9 Ejecutivo de la Asociaci\u00f3n de J\u00f3venes Independientes,  el 5 de Junio de 1922. Lo  firmaron  Manuel Pat\u00edn Maceo, Viriato Fiallo, J. Rafael Bordas,  Max R.  Garrido, Manuel G\u00edl Mart\u00ednez y Conrado S\u00e1nchez.<\/p>\n<\/p>\n<p>    \tTambi\u00e9n Tulio H. Pina, Manuel Arturo Pe\u00f1a Batlle, Julio C\u00e9sar Ballester y Angel L. Lamarche, miembros del Comit\u00e9 Ejecutivo de la Asociaci\u00f3n de J\u00f3venes Independientes.<\/p>\n<\/p>\n<p>   \tLa Asociaci\u00f3n sosten\u00eda el criterio de que Estados Unidos deb\u00eda desocupar el territorio nacional sin que Rep\u00fablica Dominicana  hiciera concesiones que afectaran la soberan\u00eda nacional.<\/p>\n<\/p>\n<h6> 2020-06-07 22:10:52 <\/h6>\n<p><!--\n<link rel=\"stylesheet\" href=\"css\/bootstrap.min.css\">\n\n\n<ul class=\"pagination\">\n\t    \n\t\n\n<li >\n\t<a href='?page_no=531'>Previous<\/a>\n\t<\/li>\n\n\n       \n    \n\n<li><a href='?page_no=1'>1<\/a><\/li>\n\n\n\n<li><a href='?page_no=2'>2<\/a><\/li>\n\n\n\n<li><a>...<\/a><\/li>\n\n\n\n<li><a href='?page_no=530'>530<\/a><\/li>\n\n\n\n<li><a href='?page_no=531'>531<\/a><\/li>\n\n\n\n<li class='active'><a>532<\/a><\/li>\n\n\n\n<li><a href='?page_no=533'>533<\/a><\/li>\n\n\n\n<li><a href='?page_no=534'>534<\/a><\/li>\n\n\n\n<li><a>...<\/a><\/li>\n\n\n\n<li><a href='?page_no=22911'>22911<\/a><\/li>\n\n\n\n<li><a href='?page_no=22912'>22912<\/a><\/li>\n\n    \n\t\n\n<li >\n\t<a href='?page_no=533'>Next<\/a>\n\t<\/li>\n\n\n    \n\n<li><a href='?page_no=22912'>Last &rsaquo;&rsaquo;<\/a><\/li>\n\n<\/ul>\n\n\n--><br \/>\n<\/body><\/p>\n","protected":false},"excerpt":{"rendered":"<p>Diariodominicano.com J\u00f3venes Independientes del Cibao se oponen a ratificar actos del Gobierno de Ocupaci\u00f3n de EE UU Los miembros y directivos de la Asociaci\u00f3n de J\u00f3venes Independientes exig\u00edan la inmediata retirada de las tropas estadounidenses que ocupaban el territorio nacional desde 1916. H\u00e9ctor Tineo Nolasco Diariodominicano.com SANTIAGO DE LOS CABALLEROS, el 8 de junio de [&hellip;]<\/p>\n","protected":false},"author":3,"featured_media":0,"comment_status":"open","ping_status":"open","sticky":false,"template":"","format":"standard","meta":{"footnotes":""},"categories":[21],"tags":[],"class_list":["post-53040","post","type-post","status-publish","format-standard","hentry","category-cultura"],"_links":{"self":[{"href":"https:\/\/diariodominicano.com\/index.php?rest_route=\/wp\/v2\/posts\/53040","targetHints":{"allow":["GET"]}}],"collection":[{"href":"https:\/\/diariodominicano.com\/index.php?rest_route=\/wp\/v2\/posts"}],"about":[{"href":"https:\/\/diariodominicano.com\/index.php?rest_route=\/wp\/v2\/types\/post"}],"author":[{"embeddable":true,"href":"https:\/\/diariodominicano.com\/index.php?rest_route=\/wp\/v2\/users\/3"}],"replies":[{"embeddable":true,"href":"https:\/\/diariodominicano.com\/index.php?rest_route=%2Fwp%2Fv2%2Fcomments&post=53040"}],"version-history":[{"count":0,"href":"https:\/\/diariodominicano.com\/index.php?rest_route=\/wp\/v2\/posts\/53040\/revisions"}],"wp:attachment":[{"href":"https:\/\/diariodominicano.com\/index.php?rest_route=%2Fwp%2Fv2%2Fmedia&parent=53040"}],"wp:term":[{"taxonomy":"category","embeddable":true,"href":"https:\/\/diariodominicano.com\/index.php?rest_route=%2Fwp%2Fv2%2Fcategories&post=53040"},{"taxonomy":"post_tag","embeddable":true,"href":"https:\/\/diariodominicano.com\/index.php?rest_route=%2Fwp%2Fv2%2Ftags&post=53040"}],"curies":[{"name":"wp","href":"https:\/\/api.w.org\/{rel}","templated":true}]}}