{"id":530380,"date":"2024-05-13T10:38:40","date_gmt":"2024-05-13T14:38:40","guid":{"rendered":"https:\/\/diariodominicano.com\/?p=530380"},"modified":"2024-05-13T10:38:46","modified_gmt":"2024-05-13T14:38:46","slug":"condenan-hombre-acusado-de-cometer-robo-en-vivienda-de-samana","status":"publish","type":"post","link":"https:\/\/diariodominicano.com\/?p=530380","title":{"rendered":"Condenan hombre acusado de cometer robo en vivienda de Saman\u00e1"},"content":{"rendered":"\n<p>diariodominicano.com<\/p>\n\n\n\n<p>Saman\u00e1, R. D.,\u200213 de mayo,\u20022024.-  Una condena de 5 a\u00f1os de prisi\u00f3n en la c\u00e1rcel p\u00fablica de Saman\u00e1 fue impuesta a un hombre al que el Ministerio P\u00fablico acus\u00f3 de robar una motocicleta luego de penetrar a una vivienda habitada de esta localidad el pasado a\u00f1o 2023.<\/p>\n\n\n\n<p>El Juzgado de la Instrucci\u00f3n de Saman\u00e1, bajo un acuerdo penal abreviado, conden\u00f3 al acusado Yoel Castillo De Aza por el hecho delictivo perpetrado en contra de Luis Germ\u00e1n Esca\u00f1o Contreras.<\/p>\n\n\n\n<p>El expediente acusatorio indica que el hecho ocurri\u00f3 el 6 de junio de 2023, alrededor de las 7:20 de la noche, en el municipio Las Terrenas, de Saman\u00e1.<\/p>\n\n\n\n<p>El hombre violent\u00f3 el switcher a la motocicleta CG-150, color negro, propiedad de Esca\u00f1o Contreras, logrando encenderla y luego emprendi\u00f3 la huida en el medio de transporte, sin que la v\u00edctima lograra detenerlo, quedando el hecho captado en v\u00eddeo de las c\u00e1maras de seguridad del lugar, el cual fue aportado como prueba al proceso.&nbsp;<\/p>\n\n\n\n<p>Establece la acusaci\u00f3n, que Esca\u00f1o Contreras se encontraba en su vivienda cuando Castillo De Aza penetr\u00f3 a robar al lugar luego de abrir el port\u00f3n principal.<\/p>\n\n\n\n<p>La investigaci\u00f3n del caso fue realizada por el fiscal Natanael Fr\u00edas, mientras que la fiscal Anni Concepci\u00f3n tuvo a cargo la litigaci\u00f3n, en representaci\u00f3n del Ministerio P\u00fablico.<\/p>\n\n\n\n<p>Con base en las pruebas aportadas por el \u00f3rgano acusador, la jueza Dilcia de Pe\u00f1a conden\u00f3 al acusado tras establecer que viol\u00f3 los art\u00edculos 379 y 385.2 del C\u00f3digo Penal Dominicano.<\/p>\n\n\n\n<p>Direcci\u00f3n General<strong>&nbsp;de Comunicaci\u00f3n, Prensa, y RRPP<\/strong><strong><\/strong><\/p>\n\n\n\n<p>Ministerio P\u00fablico. R.D.<\/p>\n\n\n\n<p>Lunes, 13 de mayo de 2024<\/p>\n","protected":false},"excerpt":{"rendered":"<p>diariodominicano.com Saman\u00e1, R. D.,\u200213 de mayo,\u20022024.- Una condena de 5 a\u00f1os de prisi\u00f3n en la c\u00e1rcel p\u00fablica de Saman\u00e1 fue impuesta a un hombre al que el Ministerio P\u00fablico acus\u00f3 de robar una motocicleta luego de penetrar a una vivienda habitada de esta localidad el pasado a\u00f1o 2023. El Juzgado de la Instrucci\u00f3n de Saman\u00e1, [&hellip;]<\/p>\n","protected":false},"author":5,"featured_media":522732,"comment_status":"closed","ping_status":"closed","sticky":true,"template":"","format":"standard","meta":{"footnotes":""},"categories":[24,27],"tags":[],"class_list":["post-530380","post","type-post","status-publish","format-standard","has-post-thumbnail","hentry","category-justicia-y-derecho","category-portada"],"_links":{"self":[{"href":"https:\/\/diariodominicano.com\/index.php?rest_route=\/wp\/v2\/posts\/530380","targetHints":{"allow":["GET"]}}],"collection":[{"href":"https:\/\/diariodominicano.com\/index.php?rest_route=\/wp\/v2\/posts"}],"about":[{"href":"https:\/\/diariodominicano.com\/index.php?rest_route=\/wp\/v2\/types\/post"}],"author":[{"embeddable":true,"href":"https:\/\/diariodominicano.com\/index.php?rest_route=\/wp\/v2\/users\/5"}],"replies":[{"embeddable":true,"href":"https:\/\/diariodominicano.com\/index.php?rest_route=%2Fwp%2Fv2%2Fcomments&post=530380"}],"version-history":[{"count":1,"href":"https:\/\/diariodominicano.com\/index.php?rest_route=\/wp\/v2\/posts\/530380\/revisions"}],"predecessor-version":[{"id":530381,"href":"https:\/\/diariodominicano.com\/index.php?rest_route=\/wp\/v2\/posts\/530380\/revisions\/530381"}],"wp:featuredmedia":[{"embeddable":true,"href":"https:\/\/diariodominicano.com\/index.php?rest_route=\/wp\/v2\/media\/522732"}],"wp:attachment":[{"href":"https:\/\/diariodominicano.com\/index.php?rest_route=%2Fwp%2Fv2%2Fmedia&parent=530380"}],"wp:term":[{"taxonomy":"category","embeddable":true,"href":"https:\/\/diariodominicano.com\/index.php?rest_route=%2Fwp%2Fv2%2Fcategories&post=530380"},{"taxonomy":"post_tag","embeddable":true,"href":"https:\/\/diariodominicano.com\/index.php?rest_route=%2Fwp%2Fv2%2Ftags&post=530380"}],"curies":[{"name":"wp","href":"https:\/\/api.w.org\/{rel}","templated":true}]}}