{"id":53029,"date":"2020-06-07T23:49:02","date_gmt":"2020-06-07T23:49:02","guid":{"rendered":"http:\/\/diariodominicano.ddns.net\/?p=53029"},"modified":"2020-06-07T23:49:02","modified_gmt":"2020-06-07T23:49:02","slug":"cultura-deja-clausurada-la-feria-internacional-virtual-del-libro-y-la-cultura-2020","status":"publish","type":"post","link":"https:\/\/diariodominicano.com\/?p=53029","title":{"rendered":"Cultura deja clausurada la Feria Internacional Virtual del Libro y la Cultura 2020"},"content":{"rendered":"<p><body><\/p>\n<p><img decoding=\"async\" src=\"img3\/Eduardo Selman y Ruth Herrera.jpg\" \/>  <\/p>\n<p><strong>Diariodominicano.com<\/strong><\/p>\n<p><strong>El Ministerio de Cultura deja clausurada la Feria Internacional Virtual del Libro y la Cultura 2020<\/strong><\/p>\n<p><strong>Santo Domingo, RD, 7 de junio de 2020.-<\/strong> El ministro Eduardo Selman expres\u00f3 su satisfacci\u00f3n por el \u00e9xito alcanzado y dijo es obligatorio que en el futuro ese evento literario y cultural sea presencial y virtual.<\/p>\n<\/p>\n<p>La 23\u00aa Feria Internacional Virtual del Libro y la Cultura 2020 arrib\u00f3 a su final este domingo en la noche, tras diez d\u00edas de actividades dedicadas a promover la importancia que para el ser humano tiene el libro y la lectura.<\/p>\n<\/p>\n<p>Fue una feria tem\u00e1tica, en la que adem\u00e1s, se trataron otros asuntos de inter\u00e9s en el marco del estado de emergencia y del confinamiento que viven los dominicanos por la propagaci\u00f3n del nuevo coronavirus COVID-19.<\/p>\n<\/p>\n<p>La feria sirvi\u00f3 tambi\u00e9n para probar la efectividad y alcance que tiene la plataforma tecnol\u00f3gica y las redes sociales con que cuenta el Ministerio de Cultura, a trav\u00e9s de las cuales fueron trasmitidas todas las actividades organizadas desde el 28 de junio hasta este domingo 7 de mayo.<\/p>\n<\/p>\n<p>En un mensaje para dejarla clausurada, y acompa\u00f1ado de la directora de la feria, Ruth Herrera, el ministro de Cultura, arquitecto Eduardo Selman, consider\u00f3 \u00abque esta ha sido una inolvidable experiencia que ha hecho de la Feria del Libro y la Cultura un acontecimiento universal y el que \u00abque hemos adoptado para quedarse.<\/p>\n<\/p>\n<p>Resalt\u00f3 que la versi\u00f3n virtual de la Feria del Libro y la Cultura  lleg\u00f3 a varios continentes y que en la misma participaron expositores desde pa\u00edses de Am\u00e9rica Latina, Europa y Estados Unidos.<\/p>\n<\/p>\n<p>\u00abNosotros recibimos la reacci\u00f3n desde sitios que nunca hab\u00edamos pensado que llegar\u00edamos con nuestras manifestaciones culturales, con esta Feria del Libro y la Cultura\u00bb, subray\u00f3.<\/p>\n<\/p>\n<p>Eduardo Selman expres\u00f3 que el Ministerio de Cultura se siente agradecido por el respaldo recibido de la poblaci\u00f3n dominicana, lo que hicieron a trav\u00e9s de su mensaje y su sinton\u00eda \u00aby nos han dejado saber el inter\u00e9s que han mantenido durante toda la Feria del Libro y la Cultura 2020\u00bb.<\/p>\n<\/p>\n<p>El funcionario dijo que este experimento virtual, \u00abnos obliga a mantener ya no solo la feria presencial, como se ven\u00eda haciendo, sino que ser\u00e1 presencial y digital.<\/p>\n<\/p>\n<p> \u00abYa este es un compromiso que asumimos y que inevitablemente tenemos que continuar porque la mejor forma de llegar a todos los ciudadanos, a los que viven en el pa\u00eds y fuere del pa\u00eds, tambi\u00e9n los extranjeros interesados por nuestra riqueza cultural\u00bb dijo.<\/p>\n<\/p>\n<p>Para Selman esta ha sido una experiencia reveladora, no solo para el Ministerio de Cultura, sino para todos los dominicanos que tenemos inter\u00e9s en difundir nuestra cultura.<\/p>\n<\/p>\n<p>Reiter\u00f3 su agradecimiento al presidente de la Rep\u00fablica, Danilo Medina, quien apoy\u00f3 la iniciativa de organizar esta feria virtual.<\/p>\n<\/p>\n<p>Programa de cierre de la feria<\/p>\n<\/p>\n<p>El programa de cierre de la 23\u00aa Feria Internacional Virtual del Libro y la Cultura 2020 consisti\u00f3 en tres actividades relacionadas con el quehacer literario, transmitidas por las redes sociales de la instituci\u00f3n que dirige el arquitecto Eduardo Selman.<\/p>\n<\/p>\n<p>La primera fue a las 5:00 de la tarde, consistente en un taller virtual titulado: \u00abEscribir un libro A90D, o c\u00f3mo mantenerte creativo en un entorno de transformaci\u00f3n\u00bb, en el que participaron Nilvia Senci\u00f3n, Edna Pep\u00e9n, Paloma De la Cruz, Lys Rosario, Victoria Thomas, Mar\u00eda Esther Fern\u00e1ndez.<\/p>\n<\/p>\n<p>Dos horas despu\u00e9s se desarroll\u00f3 un conversatorio conversatorio sobre la novela juvenil \u00abEl pr\u00edncipe del sol\u00bb, en el que intervino su autora y booktuber, Claudia Ram\u00edrez Lomel\u00ed (M\u00e9xico). El acto fue conducido por Keila Gonz\u00e1lez. Auspicia: Grupo Planeta.<\/p>\n<\/p>\n<p>Y para concluir, se ofreci\u00f3 el recital titulado \u00abPoes\u00eda amorosa, ant\u00eddoto contra la pandemia\u00bb, con la participaci\u00f3n de Mateo Morrison, \u00c1ngela Hern\u00e1ndez, Omar Mess\u00f3n, Camelia Michel, C\u00e9sar S\u00e1nchez Beras, Karina Castillo, Jos\u00e9 Enrique Delmonte, Leibi Ng, Karina Rieke, Luis Carvajal, Natacha F\u00e9liz Franco y Denisse Espa\u00f1ol. Coordina: M\u00e1xima Hern\u00e1ndez.<\/p>\n<\/p>\n<p>La versi\u00f3n del 2020 de Feria Internacional Virtual del Libro y la Cultura 2020 estuvo dedicada a las escritoras Camila Henr\u00edquez Ure\u00f1a y Abigail Mej\u00eda, y tuvo como pa\u00eds invitado a Honduras, desde donde participaron escritores e intelectuales en varios de las actividades programadas.<\/p>\n<h6> 2020-06-07 23:49:02 <\/h6>\n<p><!--\n<link rel=\"stylesheet\" href=\"css\/bootstrap.min.css\">\n\n\n<ul class=\"pagination\">\n\t    \n\t\n\n<li >\n\t<a href='?page_no=530'>Previous<\/a>\n\t<\/li>\n\n\n       \n    \n\n<li><a href='?page_no=1'>1<\/a><\/li>\n\n\n\n<li><a href='?page_no=2'>2<\/a><\/li>\n\n\n\n<li><a>...<\/a><\/li>\n\n\n\n<li><a href='?page_no=529'>529<\/a><\/li>\n\n\n\n<li><a href='?page_no=530'>530<\/a><\/li>\n\n\n\n<li class='active'><a>531<\/a><\/li>\n\n\n\n<li><a href='?page_no=532'>532<\/a><\/li>\n\n\n\n<li><a href='?page_no=533'>533<\/a><\/li>\n\n\n\n<li><a>...<\/a><\/li>\n\n\n\n<li><a href='?page_no=22911'>22911<\/a><\/li>\n\n\n\n<li><a href='?page_no=22912'>22912<\/a><\/li>\n\n    \n\t\n\n<li >\n\t<a href='?page_no=532'>Next<\/a>\n\t<\/li>\n\n\n    \n\n<li><a href='?page_no=22912'>Last &rsaquo;&rsaquo;<\/a><\/li>\n\n<\/ul>\n\n\n--><br \/>\n<\/body><\/p>\n","protected":false},"excerpt":{"rendered":"<p>Diariodominicano.com El Ministerio de Cultura deja clausurada la Feria Internacional Virtual del Libro y la Cultura 2020 Santo Domingo, RD, 7 de junio de 2020.- El ministro Eduardo Selman expres\u00f3 su satisfacci\u00f3n por el \u00e9xito alcanzado y dijo es obligatorio que en el futuro ese evento literario y cultural sea presencial y virtual. La 23\u00aa [&hellip;]<\/p>\n","protected":false},"author":3,"featured_media":0,"comment_status":"open","ping_status":"open","sticky":false,"template":"","format":"standard","meta":{"footnotes":""},"categories":[21],"tags":[],"class_list":["post-53029","post","type-post","status-publish","format-standard","hentry","category-cultura"],"_links":{"self":[{"href":"https:\/\/diariodominicano.com\/index.php?rest_route=\/wp\/v2\/posts\/53029","targetHints":{"allow":["GET"]}}],"collection":[{"href":"https:\/\/diariodominicano.com\/index.php?rest_route=\/wp\/v2\/posts"}],"about":[{"href":"https:\/\/diariodominicano.com\/index.php?rest_route=\/wp\/v2\/types\/post"}],"author":[{"embeddable":true,"href":"https:\/\/diariodominicano.com\/index.php?rest_route=\/wp\/v2\/users\/3"}],"replies":[{"embeddable":true,"href":"https:\/\/diariodominicano.com\/index.php?rest_route=%2Fwp%2Fv2%2Fcomments&post=53029"}],"version-history":[{"count":0,"href":"https:\/\/diariodominicano.com\/index.php?rest_route=\/wp\/v2\/posts\/53029\/revisions"}],"wp:attachment":[{"href":"https:\/\/diariodominicano.com\/index.php?rest_route=%2Fwp%2Fv2%2Fmedia&parent=53029"}],"wp:term":[{"taxonomy":"category","embeddable":true,"href":"https:\/\/diariodominicano.com\/index.php?rest_route=%2Fwp%2Fv2%2Fcategories&post=53029"},{"taxonomy":"post_tag","embeddable":true,"href":"https:\/\/diariodominicano.com\/index.php?rest_route=%2Fwp%2Fv2%2Ftags&post=53029"}],"curies":[{"name":"wp","href":"https:\/\/api.w.org\/{rel}","templated":true}]}}