{"id":53018,"date":"2020-06-08T09:53:23","date_gmt":"2020-06-08T09:53:23","guid":{"rendered":"http:\/\/diariodominicano.ddns.net\/?p=53018"},"modified":"2020-06-08T09:53:23","modified_gmt":"2020-06-08T09:53:23","slug":"director-regional-10-de-educacion-encabeza-segundo-programa-de-induccion-docente-para-maestros-de-nuevo-ingreso-al-sistema","status":"publish","type":"post","link":"https:\/\/diariodominicano.com\/?p=53018","title":{"rendered":"Director Regional 10 de Educaci\u00f3n encabeza Segundo Programa de Inducci\u00f3n Docente para maestros de nuevo ingreso al sistema"},"content":{"rendered":"<p><body><\/p>\n<p><img decoding=\"async\" src=\"img3\/Educa8-6.jpg\" \/>  <\/p>\n<p><span class=\"text1noticias\"> <\/span><\/p>\n<p><span class=\"text1noticias\"> <\/span><\/p>\n<p><span class=\"text1noticias\">diariodominicano.com<\/span><\/p>\n<p><span class=\"text1noticias\"> <\/span><\/p>\n<p><span class=\"text1noticias\"> <\/span><\/p>\n<p><span class=\"text1noticias\"> Santo Domingo, R. D., 8 de junio, 2020.- La Regional 10 de Educaci\u00f3n realiz\u00f3 un encuentro virtual con los participantes del segundo programa de inducci\u00f3n a los docentes de nuevo ingreso, pertenecientes a los diferentes distritos educativos, con el objetivo de evaluar y socializar los procesos, as\u00ed como los contenidos que conforman los 12 m\u00f3dulos del proyecto. <\/span><\/p>\n<p><span class=\"text1noticias\"> <\/span><\/p>\n<p><span class=\"text1noticias\">La reuni\u00f3n de trabajo, encabezada por el director de la Regional 10, Ronald Santana, se desarroll\u00f3  a trav\u00e9s de la plataforma Zoom, con la participaci\u00f3n de alrededor de 70 personas.<\/span><\/p>\n<p><span class=\"text1noticias\"> <\/span><\/p>\n<p><span class=\"text1noticias\">Santana agradeci\u00f3 la gran acogida de la iniciativa, dirigida a evaluar de manera virtual, los distintos procesos de la inducci\u00f3n, en medio de la crisis sanitaria provocada por la pandemia del COVID-19 que afecta al mundo. <\/span><\/p>\n<p><span class=\"text1noticias\"> <\/span><\/p>\n<p><span class=\"text1noticias\">\u00abEl programa de inducci\u00f3n era una prioridad del sistema educativo dominicano, porque necesit\u00e1bamos tener un espacio donde a trav\u00e9s de la formaci\u00f3n continua y las pr\u00e1cticas los docentes pudieran insertarse a la labor educativa en los centros escolares a nivel nacional, con un accionar de la manera menos traum\u00e1tica posible, porque, lo que realmente se vive en las aulas en el d\u00eda a d\u00eda, no es lo mismo que se aprende en las universidades??, enfatiz\u00f3. Santana. <\/span><\/p>\n<p><span class=\"text1noticias\"> <\/span><\/p>\n<p><span class=\"text1noticias\">Agreg\u00f3 que los profesionales de la educaci\u00f3n salen de las universidades como profesores, pero es en las aulas  donde se hacen maestros, en esa valiosa pr\u00e1ctica del d\u00eda a d\u00eda. \u00abEse compartir sentimientos y emociones con los estudiantes nos complementan como profesionales\u00bb, destac\u00f3 Santana. <\/span><\/p>\n<p><span class=\"text1noticias\"> <\/span><\/p>\n<p><span class=\"text1noticias\">El titular de la Regional 10 consider\u00f3 que es momento de alegr\u00eda conocer que los docentes de esta segunda etapa de inducci\u00f3n han culminado con su proceso formativo, ya que forman parte del sistema educativo nacional, al tiempo que calific\u00f3 a los maestros como los principales aliados de los estudiantes y sus familiares. <\/span><\/p>\n<p><span class=\"text1noticias\"> <\/span><\/p>\n<p><span class=\"text1noticias\"> Vali\u00f3 la pena <\/span><\/p>\n<p><span class=\"text1noticias\"> <\/span><\/p>\n<p><span class=\"text1noticias\">De su lado, Bertha Vargas, tutora del programa y representante de la Regional 10 se\u00f1al\u00f3 que: \u00abAl inicio de este proceso presentamos muchas situaciones, pero ya hoy algunos dir\u00e1n que vali\u00f3 la pena el resultado final por los logros alcanzados por los maestros que ser\u00e1n enviados a las aulas como gu\u00edas de los procesos educativos\u00bb. <\/span><\/p>\n<p><span class=\"text1noticias\"> <\/span><\/p>\n<p><span class=\"text1noticias\">Manifest\u00f3 que los m\u00f3dulos impartidos sirven como motivaci\u00f3n para que los estudiantes obtengan un aprendizaje significativo, con grandes logros, lo que contribuye a que los centros educativos sean cada d\u00eda m\u00e1s excelentes. <\/span><\/p>\n<p><span class=\"text1noticias\"> <\/span><\/p>\n<p><span class=\"text1noticias\">El Programa de Inducci\u00f3n Docente es organizado desde el Ministerio de Educaci\u00f3n (MINERD), bajo la coordinaci\u00f3n del Viceministerio de Acreditaci\u00f3n y Certificaci\u00f3n a la Carrera Docente, junto al INAFOCAM, el Instituto Tecnol\u00f3gico de Santo Domingo (INTEC) y la Universidad de Sevilla, Espa\u00f1a.<\/span><\/p>\n<p><span class=\"text1noticias\">  <\/span><\/p>\n<p><span class=\"text1noticias\">La iniciativa busca inducir a aquellos maestros que participaron del Concurso de Oposici\u00f3n Docente, con un fortalecimiento de sus competencias, tal como lo contempla la Ley de Educaci\u00f3n 66-97. <\/span><\/p>\n<p><span class=\"text1noticias\"> <\/span><\/p>\n<p><span class=\"text1noticias\">En el encuentro de varias horas, participaron, adem\u00e1s, Francisco Jaspe, representante del Instituto Nacional de Formaci\u00f3n Magisterial (NAFOCAM); Dominga Comas, coordinadora de Formaci\u00f3n Continua; Bertha Vargas y Ana Yahaira P\u00e9rez, tutoras, as\u00ed como docentes, coordinadores, enlaces distritales y regionales, y otros. <\/span><\/p>\n<p><span class=\"text1noticias\"> <\/span><\/p>\n<p><span class=\"text1noticias\"> Prensa MINERD <\/span><\/p>\n<p><span class=\"text1noticias\">Direcci\u00f3n de Comunicaci\u00f3n y Relaciones P\u00fablicas <\/span><\/p>\n<p><span class=\"text1noticias\">8 de junio del 2020 <\/span><\/p>\n<p><span class=\"text1noticias\">Licda. Magdalena Nu\u00f1ez<\/span><\/p>\n<p><span class=\"text1noticias\">Ministerio Educaci\u00f3n Rep\u00fablica Dominicana<\/span><\/p>\n<h6> 2020-06-08 09:53:23 <\/h6>\n<p><!--\n<link rel=\"stylesheet\" href=\"css\/bootstrap.min.css\">\n\n\n<ul class=\"pagination\">\n\t    \n\t\n\n<li >\n\t<a href='?page_no=529'>Previous<\/a>\n\t<\/li>\n\n\n       \n    \n\n<li><a href='?page_no=1'>1<\/a><\/li>\n\n\n\n<li><a href='?page_no=2'>2<\/a><\/li>\n\n\n\n<li><a>...<\/a><\/li>\n\n\n\n<li><a href='?page_no=528'>528<\/a><\/li>\n\n\n\n<li><a href='?page_no=529'>529<\/a><\/li>\n\n\n\n<li class='active'><a>530<\/a><\/li>\n\n\n\n<li><a href='?page_no=531'>531<\/a><\/li>\n\n\n\n<li><a href='?page_no=532'>532<\/a><\/li>\n\n\n\n<li><a>...<\/a><\/li>\n\n\n\n<li><a href='?page_no=22911'>22911<\/a><\/li>\n\n\n\n<li><a href='?page_no=22912'>22912<\/a><\/li>\n\n    \n\t\n\n<li >\n\t<a href='?page_no=531'>Next<\/a>\n\t<\/li>\n\n\n    \n\n<li><a href='?page_no=22912'>Last &rsaquo;&rsaquo;<\/a><\/li>\n\n<\/ul>\n\n\n--><br \/>\n<\/body><\/p>\n","protected":false},"excerpt":{"rendered":"<p>diariodominicano.com Santo Domingo, R. D., 8 de junio, 2020.- La Regional 10 de Educaci\u00f3n realiz\u00f3 un encuentro virtual con los participantes del segundo programa de inducci\u00f3n a los docentes de nuevo ingreso, pertenecientes a los diferentes distritos educativos, con el objetivo de evaluar y socializar los procesos, as\u00ed como los contenidos que conforman los 12 [&hellip;]<\/p>\n","protected":false},"author":3,"featured_media":0,"comment_status":"open","ping_status":"open","sticky":false,"template":"","format":"standard","meta":{"footnotes":""},"categories":[21],"tags":[],"class_list":["post-53018","post","type-post","status-publish","format-standard","hentry","category-cultura"],"_links":{"self":[{"href":"https:\/\/diariodominicano.com\/index.php?rest_route=\/wp\/v2\/posts\/53018","targetHints":{"allow":["GET"]}}],"collection":[{"href":"https:\/\/diariodominicano.com\/index.php?rest_route=\/wp\/v2\/posts"}],"about":[{"href":"https:\/\/diariodominicano.com\/index.php?rest_route=\/wp\/v2\/types\/post"}],"author":[{"embeddable":true,"href":"https:\/\/diariodominicano.com\/index.php?rest_route=\/wp\/v2\/users\/3"}],"replies":[{"embeddable":true,"href":"https:\/\/diariodominicano.com\/index.php?rest_route=%2Fwp%2Fv2%2Fcomments&post=53018"}],"version-history":[{"count":0,"href":"https:\/\/diariodominicano.com\/index.php?rest_route=\/wp\/v2\/posts\/53018\/revisions"}],"wp:attachment":[{"href":"https:\/\/diariodominicano.com\/index.php?rest_route=%2Fwp%2Fv2%2Fmedia&parent=53018"}],"wp:term":[{"taxonomy":"category","embeddable":true,"href":"https:\/\/diariodominicano.com\/index.php?rest_route=%2Fwp%2Fv2%2Fcategories&post=53018"},{"taxonomy":"post_tag","embeddable":true,"href":"https:\/\/diariodominicano.com\/index.php?rest_route=%2Fwp%2Fv2%2Ftags&post=53018"}],"curies":[{"name":"wp","href":"https:\/\/api.w.org\/{rel}","templated":true}]}}