{"id":53017,"date":"2020-11-13T23:36:40","date_gmt":"2020-11-13T23:36:40","guid":{"rendered":"http:\/\/diariodominicano.ddns.net\/?p=53017"},"modified":"2020-11-13T23:36:40","modified_gmt":"2020-11-13T23:36:40","slug":"muere-mario-fermin-cabral-3","status":"publish","type":"post","link":"https:\/\/diariodominicano.com\/?p=53017","title":{"rendered":"Muere Mario Ferm\u00edn Cabral"},"content":{"rendered":"<p><body><\/p>\n<p><img decoding=\"async\" src=\"img3\/Mario-Fermin-Cabral.jpg\" \/>  <\/p>\n<p><strong>Muere Mario Ferm\u00edn Cabral <\/strong><\/p>\n<p><strong> El 23 de febrero de 1930 cuando estall\u00f3 el Movimiento  conspirativo que lideraban Trujillo y el licenciado Rafael Estrella Ure\u00f1a, Mario Ferm\u00edn Cabral se encontraba en el grupo de colaboradores del Jefe del Ej\u00e9rcito Nacional.<\/strong><\/p>\n<p><strong> <\/strong><\/p>\n<p><strong>Por HTN<\/strong><\/p>\n<p><strong>Diariodominicano.com<\/strong><\/p>\n<\/p>\n<p><strong>SANTO DOMINGO, el  14 de noviembre de 1961<\/strong>, muri\u00f3 en la ciudad de Santo Domingo, Mario Ferm\u00edn Cabral, quien se distingui\u00f3 como pol\u00edtico y periodista.<\/p>\n<\/p>\n<p>      Mario Ferm\u00edn Cabral fue uno de los principales colaboradores del dictador Rafael Le\u00f3nidas Trujillo Molina.<\/p>\n<\/p>\n<p>      El 23 de febrero de 1930 cuando estall\u00f3 el Movimiento  conspirativo que lideraban Trujillo y el licenciado Rafael Estrella Ure\u00f1a, Mario Ferm\u00edn Cabral se encontraba en el grupo de colaboradores del Jefe del Ej\u00e9rcito Nacional.<\/p>\n<\/p>\n<p>      Trujillo renunci\u00f3 a su carrera militar para presentarse como candidato presidencial en las primeras elecciones tras el golpe de Estado contra el Presidente V\u00e1squez. En unas elecciones sin contendor fue declarado ganador  y tom\u00f3 posesi\u00f3n de la Presidencia el 16 de agosto de 1930. <\/p>\n<\/p>\n<p>     Mario Ferm\u00edn Cabral fue electo senador por la provincia Santiago y trabaj\u00f3 como un legislador al servicio de Trujillo.<\/p>\n<\/p>\n<p>    En esa posici\u00f3n fue el autor del proyecto de ley en virtud del cual se cambi\u00f3 el nombre a la ciudad de Santo Domingo por el de Ciudad Trujillo.<\/p>\n<\/p>\n<p>     El legislador ten\u00eda el criterio de que \u00abel pueblo de Santo Domingo, primero, y la naci\u00f3n entera, despu\u00e9s, deseaban que a la vieja ciudad se le diera el nombre de su reconstructor insigne\u00bb.<\/p>\n<\/p>\n<p> Cabral, en un mitin celebrado en la ciudad de Santiago de los Caballeros, en el local de la sociedad Amantes de la Luz, el 12 de julio de 1935, pidi\u00f3 que se rindiera a Trujillo un homenaje nacional, consistente en el cambio de nombre de Santo Domingo por el de ciudad Trujillo.<\/p>\n<\/p>\n<p>     Al rese\u00f1ar el acontecimiento el periodista y escritor Ram\u00f3n Marrero Aristy anota: <\/p>\n<p>    \u00abLa naci\u00f3n se adhiri\u00f3 en forma un\u00e1nime a esta proposici\u00f3n del senador Cabral, y en todo el pa\u00eds se realizaron diversas manifestaciones en apoyo al trascendental  proyecto\u00bb.<\/p>\n<p>    Al reaccionar en torno a la iniciativa, aunque agradeci\u00f3 el gesto, el Presidente Trujillo  la rechaz\u00f3 y dijo que una de sus m\u00e1s caras aspiraciones de patriota y gobernante es la de mantener la Naci\u00f3n dominicana \u00edntimamente vinculada a sus gloriosas tradiciones, que constituyen las p\u00e1ginas m\u00e1s interesantes de la civilizaci\u00f3n del Nuevo Mundo\u00bb, pero la idea de  Cabral termin\u00f3 convertida en realidad.<\/p>\n<p>    La ciudad de Santo Domingo llegar\u00eda a ser Ciudad Trujillo.<\/p>\n<p>     Mario Ferm\u00edn Cabral ten\u00eda su origen en una familia vinculada a la pol\u00edtica. Su abuelo Buenaventura B\u00e1ez, fue cinco veces presidente de la Rep\u00fablica.<\/p>\n<p>   Mario Ferm\u00edn Cabral hab\u00eda nacido en Ban\u00ed en el a\u00f1o 1878. <\/p>\n<\/p>\n<\/p>\n<\/p>\n<h6> 2020-11-13 23:36:40 <\/h6>\n<p><!--\n<link rel=\"stylesheet\" href=\"css\/bootstrap.min.css\">\n\n\n<ul class=\"pagination\">\n\t    \n\t\n\n<li >\n\t<a href='?page_no=52'>Previous<\/a>\n\t<\/li>\n\n\n       \n    \n\n<li><a href='?page_no=1'>1<\/a><\/li>\n\n\n\n<li><a href='?page_no=2'>2<\/a><\/li>\n\n\n\n<li><a>...<\/a><\/li>\n\n\n\n<li><a href='?page_no=51'>51<\/a><\/li>\n\n\n\n<li><a href='?page_no=52'>52<\/a><\/li>\n\n\n\n<li class='active'><a>53<\/a><\/li>\n\n\n\n<li><a href='?page_no=54'>54<\/a><\/li>\n\n\n\n<li><a href='?page_no=55'>55<\/a><\/li>\n\n\n\n<li><a>...<\/a><\/li>\n\n\n\n<li><a href='?page_no=22911'>22911<\/a><\/li>\n\n\n\n<li><a href='?page_no=22912'>22912<\/a><\/li>\n\n    \n\t\n\n<li >\n\t<a href='?page_no=54'>Next<\/a>\n\t<\/li>\n\n\n    \n\n<li><a href='?page_no=22912'>Last &rsaquo;&rsaquo;<\/a><\/li>\n\n<\/ul>\n\n\n--><br \/>\n<\/body><\/p>\n","protected":false},"excerpt":{"rendered":"<p>Muere Mario Ferm\u00edn Cabral El 23 de febrero de 1930 cuando estall\u00f3 el Movimiento conspirativo que lideraban Trujillo y el licenciado Rafael Estrella Ure\u00f1a, Mario Ferm\u00edn Cabral se encontraba en el grupo de colaboradores del Jefe del Ej\u00e9rcito Nacional. Por HTN Diariodominicano.com SANTO DOMINGO, el 14 de noviembre de 1961, muri\u00f3 en la ciudad de [&hellip;]<\/p>\n","protected":false},"author":3,"featured_media":0,"comment_status":"open","ping_status":"open","sticky":false,"template":"","format":"standard","meta":{"footnotes":""},"categories":[21],"tags":[],"class_list":["post-53017","post","type-post","status-publish","format-standard","hentry","category-cultura"],"_links":{"self":[{"href":"https:\/\/diariodominicano.com\/index.php?rest_route=\/wp\/v2\/posts\/53017","targetHints":{"allow":["GET"]}}],"collection":[{"href":"https:\/\/diariodominicano.com\/index.php?rest_route=\/wp\/v2\/posts"}],"about":[{"href":"https:\/\/diariodominicano.com\/index.php?rest_route=\/wp\/v2\/types\/post"}],"author":[{"embeddable":true,"href":"https:\/\/diariodominicano.com\/index.php?rest_route=\/wp\/v2\/users\/3"}],"replies":[{"embeddable":true,"href":"https:\/\/diariodominicano.com\/index.php?rest_route=%2Fwp%2Fv2%2Fcomments&post=53017"}],"version-history":[{"count":0,"href":"https:\/\/diariodominicano.com\/index.php?rest_route=\/wp\/v2\/posts\/53017\/revisions"}],"wp:attachment":[{"href":"https:\/\/diariodominicano.com\/index.php?rest_route=%2Fwp%2Fv2%2Fmedia&parent=53017"}],"wp:term":[{"taxonomy":"category","embeddable":true,"href":"https:\/\/diariodominicano.com\/index.php?rest_route=%2Fwp%2Fv2%2Fcategories&post=53017"},{"taxonomy":"post_tag","embeddable":true,"href":"https:\/\/diariodominicano.com\/index.php?rest_route=%2Fwp%2Fv2%2Ftags&post=53017"}],"curies":[{"name":"wp","href":"https:\/\/api.w.org\/{rel}","templated":true}]}}