{"id":530079,"date":"2024-05-12T01:15:52","date_gmt":"2024-05-12T05:15:52","guid":{"rendered":"https:\/\/diariodominicano.com\/?p=530079"},"modified":"2024-05-12T01:15:55","modified_gmt":"2024-05-12T05:15:55","slug":"por-palestina-libre-conga-contra-la-homofobia-y-la-transfobia-en-cuba-fotos","status":"publish","type":"post","link":"https:\/\/diariodominicano.com\/?p=530079","title":{"rendered":"Por Palestina libre conga contra la Homofobia y la Transfobia en Cuba (+Fotos)"},"content":{"rendered":"\n<p>La Habana, 11 may (Prensa Latina) La Conga Cubana contra la Homofobia y la Transfobia llev\u00f3 hoy su mensaje de \u00abEl amor es ley\u00bb a avenidas c\u00e9ntricas del Vedado capitalino, junto a pronunciamientos por una Palestina libre y en contra del genocidio israel\u00ed.<\/p>\n\n\n\n<ul class=\"wp-block-list\">\n<li><a href=\"https:\/\/www.prensa-latina.cu\/2024\/05\/11\/\"><time>mayo 11, 2024 | 21:03<\/time><\/a><\/li>\n<\/ul>\n\n\n\n<ul class=\"wp-block-list\">\n<li>Fotos: www.facebook.com\/cenesex<\/li>\n<\/ul>\n\n\n\n<p>Representantes del activismo LGBTI cubano y amigos de otros pa\u00edses se sumaron al pasacalle que llamaba a \u00abTodos los derechos para todas las personas\u00bb,convocado por el Centro Nacional de Educaci\u00f3n Sexual (Cenesex) en el marco de las Jornadas Cubanas contra la Homofobia y la Transfobia, del 3 al 18 de mayo.<\/p>\n\n\n\n<figure class=\"wp-block-image\"><img decoding=\"async\" src=\"https:\/\/www.prensa-latina.cu\/wp-content\/uploads\/2024\/05\/Conga-Cenesex-El-amor-es-ley2.jpg\" alt=\"\" class=\"wp-image-901385\"\/><\/figure>\n\n\n\n<p>Cuba estimula el ejercicio efectivo de los derechos sexuales de las personas LGTBIQ+ y la combinaci\u00f3n de actividades acad\u00e9micas, culturales de educaci\u00f3n sexual y de participaci\u00f3n comunitaria que impulsan ese prop\u00f3sito durante estos d\u00edas.<\/p>\n\n\n\n<p>La directora del Cenesex, Mariela Castro Esp\u00edn, destac\u00f3 en declaraciones recientes al programa Mesa Redonda de la televisi\u00f3n cubana la necesidad de continuar visibilizando las formas de violencia en la que viven las personas transexuales y sus familias.<\/p>\n\n\n\n<figure class=\"wp-block-image\"><img decoding=\"async\" src=\"https:\/\/www.prensa-latina.cu\/wp-content\/uploads\/2024\/05\/Conga-Cenesex-El-amor-es-ley.jpg\" alt=\"\" class=\"wp-image-901384\"\/><\/figure>\n\n\n\n<p>Subray\u00f3 el prop\u00f3sito del Cenesex de propiciar herramientas contra las diferentes formas de discriminaci\u00f3n y bajo la premisa de que el amor es ley, refrendada en la Carta Magna y el C\u00f3digo de las Familias cubanas.<\/p>\n\n\n\n<p>En ese sentido, se\u00f1al\u00f3 la urgencia de elevar el esfuerzo comunicacional de las instituciones del pa\u00eds para alcanzar mayores niveles de comprensi\u00f3n de las familias y la sociedad, el aprendizaje y la aceptaci\u00f3n de las individualidades en relaci\u00f3n con la identidad de g\u00e9nero y las preferencias sexuales.<\/p>\n\n\n\n<p>Asimismo, llam\u00f3 la atenci\u00f3n sobre la existencia en la comunidad LGTBIQ+ de un activismo revolucionario en defensa de las causas populares, en medio de la activa cruzada medi\u00e1tica homof\u00f3bica que estimula el rechazo y la discriminaci\u00f3n a las personas con preferencias sexuales homo y transexuales.<\/p>\n\n\n\n<p>lam\/mml<\/p>\n","protected":false},"excerpt":{"rendered":"<p>La Habana, 11 may (Prensa Latina) La Conga Cubana contra la Homofobia y la Transfobia llev\u00f3 hoy su mensaje de \u00abEl amor es ley\u00bb a avenidas c\u00e9ntricas del Vedado capitalino, junto a pronunciamientos por una Palestina libre y en contra del genocidio israel\u00ed. Representantes del activismo LGBTI cubano y amigos de otros pa\u00edses se sumaron [&hellip;]<\/p>\n","protected":false},"author":28,"featured_media":530080,"comment_status":"closed","ping_status":"closed","sticky":false,"template":"","format":"standard","meta":{"footnotes":""},"categories":[26,23],"tags":[],"class_list":["post-530079","post","type-post","status-publish","format-standard","has-post-thumbnail","hentry","category-efemerides","category-internacional"],"_links":{"self":[{"href":"https:\/\/diariodominicano.com\/index.php?rest_route=\/wp\/v2\/posts\/530079","targetHints":{"allow":["GET"]}}],"collection":[{"href":"https:\/\/diariodominicano.com\/index.php?rest_route=\/wp\/v2\/posts"}],"about":[{"href":"https:\/\/diariodominicano.com\/index.php?rest_route=\/wp\/v2\/types\/post"}],"author":[{"embeddable":true,"href":"https:\/\/diariodominicano.com\/index.php?rest_route=\/wp\/v2\/users\/28"}],"replies":[{"embeddable":true,"href":"https:\/\/diariodominicano.com\/index.php?rest_route=%2Fwp%2Fv2%2Fcomments&post=530079"}],"version-history":[{"count":1,"href":"https:\/\/diariodominicano.com\/index.php?rest_route=\/wp\/v2\/posts\/530079\/revisions"}],"predecessor-version":[{"id":530081,"href":"https:\/\/diariodominicano.com\/index.php?rest_route=\/wp\/v2\/posts\/530079\/revisions\/530081"}],"wp:featuredmedia":[{"embeddable":true,"href":"https:\/\/diariodominicano.com\/index.php?rest_route=\/wp\/v2\/media\/530080"}],"wp:attachment":[{"href":"https:\/\/diariodominicano.com\/index.php?rest_route=%2Fwp%2Fv2%2Fmedia&parent=530079"}],"wp:term":[{"taxonomy":"category","embeddable":true,"href":"https:\/\/diariodominicano.com\/index.php?rest_route=%2Fwp%2Fv2%2Fcategories&post=530079"},{"taxonomy":"post_tag","embeddable":true,"href":"https:\/\/diariodominicano.com\/index.php?rest_route=%2Fwp%2Fv2%2Ftags&post=530079"}],"curies":[{"name":"wp","href":"https:\/\/api.w.org\/{rel}","templated":true}]}}