{"id":530064,"date":"2024-05-12T00:56:43","date_gmt":"2024-05-12T04:56:43","guid":{"rendered":"https:\/\/diariodominicano.com\/?p=530064"},"modified":"2024-05-12T00:56:47","modified_gmt":"2024-05-12T04:56:47","slug":"asesinan-a-ocho-personas-en-ataque-en-poblado-rural-del-suroeste-de-ecuador","status":"publish","type":"post","link":"https:\/\/diariodominicano.com\/?p=530064","title":{"rendered":"Asesinan a ocho personas en ataque en poblado rural del suroeste de Ecuador"},"content":{"rendered":"\n<p>ARCHIVO &#8211; Ecuador cerr\u00f3 el a\u00f1o 2023 como el m\u00e1s violento de su historia con al menos 7.600 asesinatos, frente a 4.400 de 2022.<\/p>\n\n\n\n<p>mayo 11, 2024<\/p>\n\n\n\n<ul class=\"wp-block-list\">\n<li>AP<\/li>\n<\/ul>\n\n\n\n<ul class=\"wp-block-list\">\n<li><a href=\"https:\/\/facebook.com\/sharer.php?u=https%3a%2f%2fwww.vozdeamerica.com%2fa%2fasesinan-ocho-personas-ataque-poblado-ecuador%2f7607306.html\" target=\"_blank\" rel=\"noreferrer noopener\"><\/a><\/li>\n\n\n\n<li><a href=\"https:\/\/twitter.com\/share?url=https%3a%2f%2fwww.vozdeamerica.com%2fa%2fasesinan-ocho-personas-ataque-poblado-ecuador%2f7607306.html&amp;text=Asesinan+a+ocho+personas+en+ataque+en+poblado+rural+del+suroeste+de+Ecuador\" target=\"_blank\" rel=\"noreferrer noopener\"><\/a><\/li>\n\n\n\n<li><\/li>\n\n\n\n<li><a href=\"mailto:?body=https%3a%2f%2fwww.vozdeamerica.com%2fa%2fasesinan-ocho-personas-ataque-poblado-ecuador%2f7607306.html&amp;subject=Asesinan%20a%20ocho%20personas%20en%20ataque%20en%20poblado%20rural%20del%20suroeste%20de%20Ecuador\"><\/a><\/li>\n<\/ul>\n\n\n\n<p><a href=\"https:\/\/www.vozdeamerica.com\/a\/asesinan-ocho-personas-ataque-poblado-ecuador\/7607306.html#comments\">&nbsp;Vea comentarios<\/a><\/p>\n\n\n\n<p>Las v\u00edctimas, cinco hombres y tres mujeres, fueron acribilladas por sujetos que llegaron al lugar pasada la medianoche. No ten\u00edan antecedentes penales y se maneja la hip\u00f3tesis de que a seis de las v\u00edctimas se les orden\u00f3 que se tiraran al piso.<\/p>\n\n\n\n<p>QUITO, ECUADOR \u2014&nbsp;<\/p>\n\n\n\n<p>Ocho personas fueron asesinadas la madrugada del s\u00e1bado en un ataque armado en un poblado rural de la provincia costera de Santa Elena, considerada entre la m\u00e1s peligrosas del Ecuador, en medio de una ola de violencia que no cesa en el pa\u00eds andino.<\/p>\n\n\n\n<p>Las v\u00edctimas, cinco hombres y tres mujeres, fueron acribilladas por sujetos que arribaron pasada la una de la ma\u00f1ana al bar donde se encontraban celebrando un cumplea\u00f1os en el poblado de Chanduy, 300 kil\u00f3metros al suroeste de la capital, en la provincia costera de Santa Elena, inform\u00f3 a la prensa el capit\u00e1n de polic\u00eda de la zona, Jorge Barrionuevo.<\/p>\n\n\n\n<p>Ninguna de las personas asesinadas ten\u00eda antecedentes penales, declar\u00f3 el capit\u00e1n de polic\u00eda, quien coment\u00f3 que se maneja la hip\u00f3tesis que a seis de las v\u00edctimas \u201cse les hab\u00eda indicado que se tiren sobre el piso\u201d, pues tienen un impacto en la cabeza y se encontraban fuera del establecimiento.<\/p>\n\n\n\n<p>Las otras dos mujeres, la propietaria del local y una de sus trabajadoras, fueron atacadas en el interior del bar, donde se encontraron 18 indicios bal\u00edsticos, seg\u00fan detall\u00f3 el capit\u00e1n Barrionuevo.<\/p>\n\n\n\n<p><a href=\"https:\/\/www.vozdeamerica.com\/a\/ecuador-testigos-protegidos-revelan-exigencias-exfuncionario-judicial-\/7597132.html\"><\/a><\/p>\n\n\n\n<p><a href=\"https:\/\/www.vozdeamerica.com\/a\/ecuador-testigos-protegidos-revelan-exigencias-exfuncionario-judicial-\/7597132.html\">TAMBI\u00c9N LEA<\/a><\/p>\n\n\n\n<h4 class=\"wp-block-heading\"><a href=\"https:\/\/www.vozdeamerica.com\/a\/ecuador-testigos-protegidos-revelan-exigencias-exfuncionario-judicial-\/7597132.html\">Ecuador: testigos protegidos revelan exigencias de exfuncionario judicial a poderoso narcotraficante<\/a><\/h4>\n\n\n\n<p>El jefe policial de la zona de Santa Elena indic\u00f3 que, seg\u00fan testimonios, los atacantes, cuyo n\u00famero no se especific\u00f3, llegaron al lugar en un taxi y dos motocicletas. Los motivos del ataque se investigan.<\/p>\n\n\n\n<p>Im\u00e1genes que reportaron medios locales dejaron ver los cuerpos de seis v\u00edctimas en una explanada, tendidos boca abajo, mientras eran retirados por agentes de medicina legal.<\/p>\n\n\n\n<p>Santa Elena cuenta con tres puertos artesanales que, seg\u00fan las autoridades, son usados para la salida de drogas.<\/p>\n\n\n\n<p>La masacre ocurre en medio de operativos policiales y militares en contra de grupos criminales que desde inicios del 2021 desataron una espiral de violencia que no ha podido ser contenida y que autoridades adjudican a la disputa de poder y territorio entre grupos del crimen organizado con v\u00ednculos a carteles transnacionales de narcotr\u00e1fico.<\/p>\n\n\n\n<figure class=\"wp-block-image\"><img decoding=\"async\" src=\"https:\/\/gdb.voanews.com\/b59df5bb-627b-47e5-ba0f-10ae8013297f_w250_r1.jpg\" alt=\"El equipo legal del exvicepresidente del Ecuador, Jorge Glas, emprende acciones legales contra el presidente Daniel Noboa\n\" title=\"El equipo legal del exvicepresidente del Ecuador, Jorge Glas, emprende acciones legales contra el presidente Daniel Noboa\n\"\/><\/figure>\n\n\n\n<p>&nbsp;INSERTAR&nbsp;SHARE<\/p>\n\n\n\n<h5 class=\"wp-block-heading\"><a href=\"https:\/\/www.vozdeamerica.com\/a\/asesinan-ocho-personas-ataque-poblado-ecuador\/7605845.html\" target=\"_blank\" rel=\"noreferrer noopener\">El equipo legal del exvicepresidente del Ecuador, Jorge Glas, emprende acciones legales contra el presidente Daniel Noboa<\/a><\/h5>\n\n\n\n<p><small>Por&nbsp;<a href=\"https:\/\/www.vozdeamerica.com\/\" target=\"_blank\" rel=\"noreferrer noopener\">Voz de Am\u00e9rica<\/a><\/small><\/p>\n\n\n\n<p>&nbsp;INSERTAR&nbsp;SHARE<\/p>\n\n\n\n<p>El c\u00f3digo se ha copiado en su portapapeles.<\/p>\n\n\n\n<p>The URL has been copied to your clipboard<\/p>\n\n\n\n<ul class=\"wp-block-list\">\n<li><a href=\"https:\/\/facebook.com\/sharer.php?u=https%3a%2f%2fwww.vozdeamerica.com%2fa%2f7605845.html\" target=\"_blank\" rel=\"noreferrer noopener\">Comparta en Facebook<\/a><\/li>\n\n\n\n<li><a href=\"https:\/\/twitter.com\/share?url=https%3a%2f%2fwww.vozdeamerica.com%2fa%2f7605845.html&amp;text=El+equipo+legal+del+exvicepresidente+del+Ecuador%2c+Jorge+Glas%2c+emprende+acciones+legales+contra+el+presidente+Daniel+Noboa%0a\" target=\"_blank\" rel=\"noreferrer noopener\">Comparta en Twitter<\/a><\/li>\n<\/ul>\n\n\n\n<hr class=\"wp-block-separator has-alpha-channel-opacity\"\/>\n\n\n\n<p>No media source currently available<\/p>\n\n\n\n<p>0:002:170:00<\/p>\n\n\n\n<p>&nbsp;Descargar&nbsp;&nbsp;Pop-out player<\/p>\n\n\n\n<p>A finales de abril, esa provincia junto a otras de la costa como El Oro, Los R\u00edos y Manab\u00ed, fueron declaradas en estado de excepci\u00f3n por parte del gobierno de Daniel Noboa, que adujo la necesidad de ejecutar \u201coperaciones t\u00e1cticas de combate contra grupos armados organizados\u201d y dispuso la movilizaci\u00f3n de militares y polic\u00edas en esos territorios.<\/p>\n\n\n\n<p>Sin embargo, la Corte Constitucional dej\u00f3 sin efecto ese estado de excepci\u00f3n argumentando que no se motiv\u00f3 adecuadamente la medida. En el pa\u00eds rige otro estado de excepci\u00f3n a nivel nacional por la persistencia de un \u201cconflicto armado interno\u201d, seg\u00fan el gobierno.<\/p>\n\n\n\n<p>Ecuador cerr\u00f3 el a\u00f1o 2023 como el m\u00e1s violento de su historia con al menos 7.600 asesinatos, frente a 4.400 de 2022. En lo que va del a\u00f1o la polic\u00eda ha se\u00f1alado que se han registrado 1.875 muertes violentas en el pa\u00eds.<\/p>\n","protected":false},"excerpt":{"rendered":"<p>ARCHIVO &#8211; Ecuador cerr\u00f3 el a\u00f1o 2023 como el m\u00e1s violento de su historia con al menos 7.600 asesinatos, frente a 4.400 de 2022. mayo 11, 2024 &nbsp;Vea comentarios Las v\u00edctimas, cinco hombres y tres mujeres, fueron acribilladas por sujetos que llegaron al lugar pasada la medianoche. No ten\u00edan antecedentes penales y se maneja la [&hellip;]<\/p>\n","protected":false},"author":28,"featured_media":530065,"comment_status":"closed","ping_status":"closed","sticky":false,"template":"","format":"standard","meta":{"footnotes":""},"categories":[26,23],"tags":[],"class_list":["post-530064","post","type-post","status-publish","format-standard","has-post-thumbnail","hentry","category-efemerides","category-internacional"],"_links":{"self":[{"href":"https:\/\/diariodominicano.com\/index.php?rest_route=\/wp\/v2\/posts\/530064","targetHints":{"allow":["GET"]}}],"collection":[{"href":"https:\/\/diariodominicano.com\/index.php?rest_route=\/wp\/v2\/posts"}],"about":[{"href":"https:\/\/diariodominicano.com\/index.php?rest_route=\/wp\/v2\/types\/post"}],"author":[{"embeddable":true,"href":"https:\/\/diariodominicano.com\/index.php?rest_route=\/wp\/v2\/users\/28"}],"replies":[{"embeddable":true,"href":"https:\/\/diariodominicano.com\/index.php?rest_route=%2Fwp%2Fv2%2Fcomments&post=530064"}],"version-history":[{"count":1,"href":"https:\/\/diariodominicano.com\/index.php?rest_route=\/wp\/v2\/posts\/530064\/revisions"}],"predecessor-version":[{"id":530066,"href":"https:\/\/diariodominicano.com\/index.php?rest_route=\/wp\/v2\/posts\/530064\/revisions\/530066"}],"wp:featuredmedia":[{"embeddable":true,"href":"https:\/\/diariodominicano.com\/index.php?rest_route=\/wp\/v2\/media\/530065"}],"wp:attachment":[{"href":"https:\/\/diariodominicano.com\/index.php?rest_route=%2Fwp%2Fv2%2Fmedia&parent=530064"}],"wp:term":[{"taxonomy":"category","embeddable":true,"href":"https:\/\/diariodominicano.com\/index.php?rest_route=%2Fwp%2Fv2%2Fcategories&post=530064"},{"taxonomy":"post_tag","embeddable":true,"href":"https:\/\/diariodominicano.com\/index.php?rest_route=%2Fwp%2Fv2%2Ftags&post=530064"}],"curies":[{"name":"wp","href":"https:\/\/api.w.org\/{rel}","templated":true}]}}