{"id":529940,"date":"2024-05-11T22:15:58","date_gmt":"2024-05-12T02:15:58","guid":{"rendered":"https:\/\/diariodominicano.com\/?p=529940"},"modified":"2024-05-11T22:15:59","modified_gmt":"2024-05-12T02:15:59","slug":"estrella-infantil-anabella-presenta-sencillo-mercie-beacoup-con-la-colaboracion-de-nacho","status":"publish","type":"post","link":"https:\/\/diariodominicano.com\/?p=529940","title":{"rendered":"Estrella infantil Anabella presenta sencillo \u201cMercie Beacoup\u201d con la colaboraci\u00f3n de Nacho"},"content":{"rendered":"\n<p>La artista, de 12 a\u00f1os de edad, ha compartido escenario con grandes artistas como Sebasti\u00e1n Yatra, Juanse Laverde, Reggi El aut\u00e9ntico, Fefi Oliveira, PICUS, entre otros <\/p>\n\n\n\n<p>La estrella infantil venezolana Anabella present\u00f3 en Miami el sencillo \u201cMercie Beacoup\u201d, con la colaboraci\u00f3n especial de Nacho, otro logro en su ascendente carrera musical.<\/p>\n\n\n\n<p>\u201cEs mi segunda producci\u00f3n del a\u00f1o, el primer feat con un artista reconocido internacionalmente como Nacho. Am\u00e9 cada momento de la creaci\u00f3n de esta canci\u00f3n, desde el estudio de grabaci\u00f3n, el video, la reacci\u00f3n de mi familia. Me encant\u00f3 vivir esta experiencia. Nacho es demasiado creativo y tiene muy buena vibra\u201d, destac\u00f3 la cantante, cuyo nombre real es Anabella Nammour.<\/p>\n\n\n\n<p>La artista, de 12 a\u00f1os de edad, naci\u00f3 en Maracaibo, Venezuela. Actualmente vive en la ciudad de Miami. Desde muy peque\u00f1a siempre estuvo relacionada con el mundo del baile y la m\u00fasica. Su debut fue en Expo Mundo Kids, y desde entonces no hubo vuelta atr\u00e1s.<\/p>\n\n\n\n<p>Su encuentro con el actor Juli\u00e1n Gil, que acept\u00f3 protagonizar el videoclip de \u201cTu Chiquilla\u201d, la lanz\u00f3 al estrellato y fue un \u00e9xito total.<\/p>\n\n\n\n<p>Anabella ha viajado por pa\u00edses como Colombia y M\u00e9xico, y ha compartido escenario con grandes artistas como Sebasti\u00e1n Yatra, Juanse Laverde, Reggi El aut\u00e9ntico, Fefi Oliveira, PICUS, entre otros. Sus canciones tienen millones de reproducciones en plataformas digitales.<\/p>\n\n\n\n<p>A sus 12 a\u00f1os ya cuenta con dos \u00e1lbumes: \u201cPeque\u00f1a Gigante\u201d (2022) y \u201c11\u201d (2023) y cuenta con un mill\u00f3n de seguidores en YouTube.<\/p>\n\n\n\n<p>Managers y productores ejecutivos: Danilo Nammour y Belkys Vargas<\/p>\n\n\n\n<p>Production Manager: Francisco Romero<\/p>\n\n\n\n<p>Productor musical: John Paul El Incre\u00edble<\/p>\n\n\n\n<p>Letra y m\u00fasica: Nacho y Anabella<\/p>\n\n\n\n<p>Video: Alex Gal\u00e1n<\/p>\n\n\n\n<p>Sigue a Anabella en:<\/p>\n\n\n\n<p>www.anabellaqueen.com<\/p>\n\n\n\n<figure class=\"wp-block-embed\"><div class=\"wp-block-embed__wrapper\">\nhttps:\/\/www.instagram.com\/anabella?igsh=MWJ5eDg3NXAza3hqNw==\n<\/div><\/figure>\n\n\n\n<figure class=\"wp-block-embed\"><div class=\"wp-block-embed__wrapper\">\nhttps:\/\/www.facebook.com\/share\/bRS2wAA2aNkJ92MH\/?mibextid=LQQJ4d\n<\/div><\/figure>\n","protected":false},"excerpt":{"rendered":"<p>La artista, de 12 a\u00f1os de edad, ha compartido escenario con grandes artistas como Sebasti\u00e1n Yatra, Juanse Laverde, Reggi El aut\u00e9ntico, Fefi Oliveira, PICUS, entre otros La estrella infantil venezolana Anabella present\u00f3 en Miami el sencillo \u201cMercie Beacoup\u201d, con la colaboraci\u00f3n especial de Nacho, otro logro en su ascendente carrera musical. \u201cEs mi segunda producci\u00f3n [&hellip;]<\/p>\n","protected":false},"author":7,"featured_media":529972,"comment_status":"closed","ping_status":"closed","sticky":false,"template":"","format":"standard","meta":{"footnotes":""},"categories":[25],"tags":[],"class_list":["post-529940","post","type-post","status-publish","format-standard","has-post-thumbnail","hentry","category-gente"],"_links":{"self":[{"href":"https:\/\/diariodominicano.com\/index.php?rest_route=\/wp\/v2\/posts\/529940","targetHints":{"allow":["GET"]}}],"collection":[{"href":"https:\/\/diariodominicano.com\/index.php?rest_route=\/wp\/v2\/posts"}],"about":[{"href":"https:\/\/diariodominicano.com\/index.php?rest_route=\/wp\/v2\/types\/post"}],"author":[{"embeddable":true,"href":"https:\/\/diariodominicano.com\/index.php?rest_route=\/wp\/v2\/users\/7"}],"replies":[{"embeddable":true,"href":"https:\/\/diariodominicano.com\/index.php?rest_route=%2Fwp%2Fv2%2Fcomments&post=529940"}],"version-history":[{"count":1,"href":"https:\/\/diariodominicano.com\/index.php?rest_route=\/wp\/v2\/posts\/529940\/revisions"}],"predecessor-version":[{"id":529973,"href":"https:\/\/diariodominicano.com\/index.php?rest_route=\/wp\/v2\/posts\/529940\/revisions\/529973"}],"wp:featuredmedia":[{"embeddable":true,"href":"https:\/\/diariodominicano.com\/index.php?rest_route=\/wp\/v2\/media\/529972"}],"wp:attachment":[{"href":"https:\/\/diariodominicano.com\/index.php?rest_route=%2Fwp%2Fv2%2Fmedia&parent=529940"}],"wp:term":[{"taxonomy":"category","embeddable":true,"href":"https:\/\/diariodominicano.com\/index.php?rest_route=%2Fwp%2Fv2%2Fcategories&post=529940"},{"taxonomy":"post_tag","embeddable":true,"href":"https:\/\/diariodominicano.com\/index.php?rest_route=%2Fwp%2Fv2%2Ftags&post=529940"}],"curies":[{"name":"wp","href":"https:\/\/api.w.org\/{rel}","templated":true}]}}