{"id":529929,"date":"2024-05-11T15:28:03","date_gmt":"2024-05-11T19:28:03","guid":{"rendered":"https:\/\/diariodominicano.com\/?p=529929"},"modified":"2024-05-11T15:28:06","modified_gmt":"2024-05-11T19:28:06","slug":"fiscalia-de-las-matas-de-farfan-obtiene-condena-de-30-anos-contra-hombre-acusado-de-la-muerte-de-exagente-de-la-policia-y-de-herir-a-su-expareja","status":"publish","type":"post","link":"https:\/\/diariodominicano.com\/?p=529929","title":{"rendered":"Fiscal\u00eda de Las Matas de Farf\u00e1n obtiene condena de 30 a\u00f1os contra hombre acusado de la muerte de exagente de la Polic\u00eda y de herir a su expareja\u00a0"},"content":{"rendered":"\n<p>LAS MATAS DE FARF\u00c1N (Rep\u00fablica Dominicana).- Una sentencia condenatoria de 30 a\u00f1os de prisi\u00f3n fue impuesta a un hombre acusado por el Ministerio P\u00fablico de esta localidad de cometer el asesinato de un exagente de la Polic\u00eda Nacional y herir a su expareja, en un hecho ocurrido en la comunidad Los Copeyes de este municipio, en el mes de septiembre del a\u00f1o 2021.&nbsp;<\/p>\n\n\n\n<p>El Tribunal Colegiado de esta jurisdicci\u00f3n conden\u00f3 al acusado Melvin Santana Mer\u00e1n, por el asesinato de Mario Diroche Garc\u00eda y las heridas provocadas a la v\u00edctima, cuyo nombre se omite para preservar su identidad.<\/p>\n\n\n\n<p>El expediente establece que Santana Mer\u00e1n mat\u00f3 de varios disparos a Diroche Garc\u00eda y que de inmediato intent\u00f3 matar a su expareja en momentos en que las v\u00edctimas se encontraban en la referida comunidad. La mujer recibi\u00f3 heridas en diferentes partes del cuerpo.<\/p>\n\n\n\n<p>El Ministerio P\u00fablico demostr\u00f3 ante el tribunal que en los registros del Ministerio de Interior y Polic\u00eda no hay armas de fuego a nombre del acusado, por lo que se estableci\u00f3 que hizo uso de un arma ilegal para cometer los hechos.&nbsp;<\/p>\n\n\n\n<p>La investigaci\u00f3n del caso estuvo a cargo de la fiscal Beatriz Rosario, mientras que en la litigaci\u00f3n el Ministerio P\u00fablico estuvo representado por la fiscal Rossy P\u00e9rez, bajo la direcci\u00f3n de la procuradora fiscal titular Marggie Viloria Caraballo.<\/p>\n\n\n\n<p>La condena, que fue impuesta en atenci\u00f3n a los cargos penales por violaci\u00f3n a los art\u00edculos 295, 296, 297, 298 y 302 del C\u00f3digo Penal Dominicano, y el art\u00edculo 67 de la Ley 631-16 sobre Armas, Municiones y Materiales Relacionados, fue ordenada por los jueces Blaury Luciano, C\u00e9sar Quezada y Edward Ger\u00f3nimo, del citado tribunal.&nbsp;<\/p>\n\n\n\n<p>El acusado deber\u00e1 cumplir la condena en la c\u00e1rcel p\u00fablica de San Juan de la Maguana, provincia San Juan.<\/p>\n\n\n\n<p>Direcci\u00f3n General<strong>&nbsp;de Comunicaci\u00f3n, Prensa, y RRPP<\/strong><strong><\/strong><\/p>\n\n\n\n<p>Ministerio P\u00fablico. R.D.<\/p>\n\n\n\n<p>S\u00e1bado, 11 de mayo de 2024.<\/p>\n\n\n\n<p>&#8230;<\/p>\n","protected":false},"excerpt":{"rendered":"<p>LAS MATAS DE FARF\u00c1N (Rep\u00fablica Dominicana).- Una sentencia condenatoria de 30 a\u00f1os de prisi\u00f3n fue impuesta a un hombre acusado por el Ministerio P\u00fablico de esta localidad de cometer el asesinato de un exagente de la Polic\u00eda Nacional y herir a su expareja, en un hecho ocurrido en la comunidad Los Copeyes de este municipio, [&hellip;]<\/p>\n","protected":false},"author":28,"featured_media":404787,"comment_status":"closed","ping_status":"closed","sticky":false,"template":"","format":"standard","meta":{"footnotes":""},"categories":[24,29],"tags":[],"class_list":["post-529929","post","type-post","status-publish","format-standard","has-post-thumbnail","hentry","category-justicia-y-derecho","category-policiasucesos"],"_links":{"self":[{"href":"https:\/\/diariodominicano.com\/index.php?rest_route=\/wp\/v2\/posts\/529929","targetHints":{"allow":["GET"]}}],"collection":[{"href":"https:\/\/diariodominicano.com\/index.php?rest_route=\/wp\/v2\/posts"}],"about":[{"href":"https:\/\/diariodominicano.com\/index.php?rest_route=\/wp\/v2\/types\/post"}],"author":[{"embeddable":true,"href":"https:\/\/diariodominicano.com\/index.php?rest_route=\/wp\/v2\/users\/28"}],"replies":[{"embeddable":true,"href":"https:\/\/diariodominicano.com\/index.php?rest_route=%2Fwp%2Fv2%2Fcomments&post=529929"}],"version-history":[{"count":1,"href":"https:\/\/diariodominicano.com\/index.php?rest_route=\/wp\/v2\/posts\/529929\/revisions"}],"predecessor-version":[{"id":529930,"href":"https:\/\/diariodominicano.com\/index.php?rest_route=\/wp\/v2\/posts\/529929\/revisions\/529930"}],"wp:featuredmedia":[{"embeddable":true,"href":"https:\/\/diariodominicano.com\/index.php?rest_route=\/wp\/v2\/media\/404787"}],"wp:attachment":[{"href":"https:\/\/diariodominicano.com\/index.php?rest_route=%2Fwp%2Fv2%2Fmedia&parent=529929"}],"wp:term":[{"taxonomy":"category","embeddable":true,"href":"https:\/\/diariodominicano.com\/index.php?rest_route=%2Fwp%2Fv2%2Fcategories&post=529929"},{"taxonomy":"post_tag","embeddable":true,"href":"https:\/\/diariodominicano.com\/index.php?rest_route=%2Fwp%2Fv2%2Ftags&post=529929"}],"curies":[{"name":"wp","href":"https:\/\/api.w.org\/{rel}","templated":true}]}}