{"id":529913,"date":"2024-05-11T15:19:27","date_gmt":"2024-05-11T19:19:27","guid":{"rendered":"https:\/\/diariodominicano.com\/?p=529913"},"modified":"2024-05-11T15:25:23","modified_gmt":"2024-05-11T19:25:23","slug":"fuerzas-armadas-presentan-libro-comunicacion-estrategica-para-la-defensa-y-seguridad-nacional","status":"publish","type":"post","link":"https:\/\/diariodominicano.com\/?p=529913","title":{"rendered":"Fuerzas Armadas presentan libro \u201cComunicaci\u00f3n Estrat\u00e9gica para la Defensa y Seguridad Nacional\u201d"},"content":{"rendered":"\n<p>SANTO DOMINGO, RD.-La Universidad Nacional para la Defensa \u00abGeneral Juan Pablo Duarte y D\u00edez\u00bb (UNADE) del Ministerio de Defensa (MIDE), edit\u00f3 y present\u00f3 el libro \u201cComunicaci\u00f3n Estrat\u00e9gica para la Defensa y Seguridad Nacional\u201d,\u00a0escrito por la periodista y asimilada militar Ceinett S\u00e1nchez Quintero.<\/p>\n\n\n\n<figure class=\"wp-block-image size-large\"><img loading=\"lazy\" decoding=\"async\" width=\"1024\" height=\"881\" src=\"https:\/\/diariodominicano.com\/wp-content\/uploads\/2024\/05\/WhatsApp-Image-2024-05-11-at-1.28.57-PM-2-1-1024x881.jpeg\" alt=\"\" class=\"wp-image-529916\" srcset=\"https:\/\/diariodominicano.com\/wp-content\/uploads\/2024\/05\/WhatsApp-Image-2024-05-11-at-1.28.57-PM-2-1-1024x881.jpeg 1024w, https:\/\/diariodominicano.com\/wp-content\/uploads\/2024\/05\/WhatsApp-Image-2024-05-11-at-1.28.57-PM-2-1-300x258.jpeg 300w, https:\/\/diariodominicano.com\/wp-content\/uploads\/2024\/05\/WhatsApp-Image-2024-05-11-at-1.28.57-PM-2-1-768x661.jpeg 768w, https:\/\/diariodominicano.com\/wp-content\/uploads\/2024\/05\/WhatsApp-Image-2024-05-11-at-1.28.57-PM-2-1-816x702.jpeg 816w, https:\/\/diariodominicano.com\/wp-content\/uploads\/2024\/05\/WhatsApp-Image-2024-05-11-at-1.28.57-PM-2-1.jpeg 1048w\" sizes=\"auto, (max-width: 1024px) 100vw, 1024px\" \/><\/figure>\n\n\n\n<p>La obra es el resultado de una exhaustiva investigaci\u00f3n doctoral de la autora, que demuestra la incidencia de la comunicaci\u00f3n estrat\u00e9gica en las operaciones militares de apoyo de las Fuerzas Armadas para proteger a la poblaci\u00f3n civil dominicana, en escenarios de crisis, el cual ofrece al lector, referencias te\u00f3ricas y herramientas pr\u00e1cticas que permiten comprender el origen y la evoluci\u00f3n de las relaciones p\u00fablicas en las instituciones castrenses, con ejemplos pr\u00e1cticos de c\u00f3mo funciona la comunicaci\u00f3n estrat\u00e9gica en el seno de las instituciones que velan por la defensa y la seguridad de la naci\u00f3n.<\/p>\n\n\n\n<figure class=\"wp-block-image size-large\"><img loading=\"lazy\" decoding=\"async\" width=\"1024\" height=\"682\" src=\"https:\/\/diariodominicano.com\/wp-content\/uploads\/2024\/05\/WhatsApp-Image-2024-05-11-at-1.28.58-PM-1024x682.jpeg\" alt=\"\" class=\"wp-image-529918\" srcset=\"https:\/\/diariodominicano.com\/wp-content\/uploads\/2024\/05\/WhatsApp-Image-2024-05-11-at-1.28.58-PM-1024x682.jpeg 1024w, https:\/\/diariodominicano.com\/wp-content\/uploads\/2024\/05\/WhatsApp-Image-2024-05-11-at-1.28.58-PM-300x200.jpeg 300w, https:\/\/diariodominicano.com\/wp-content\/uploads\/2024\/05\/WhatsApp-Image-2024-05-11-at-1.28.58-PM-768x511.jpeg 768w, https:\/\/diariodominicano.com\/wp-content\/uploads\/2024\/05\/WhatsApp-Image-2024-05-11-at-1.28.58-PM-1536x1022.jpeg 1536w, https:\/\/diariodominicano.com\/wp-content\/uploads\/2024\/05\/WhatsApp-Image-2024-05-11-at-1.28.58-PM-816x543.jpeg 816w, https:\/\/diariodominicano.com\/wp-content\/uploads\/2024\/05\/WhatsApp-Image-2024-05-11-at-1.28.58-PM.jpeg 1600w\" sizes=\"auto, (max-width: 1024px) 100vw, 1024px\" \/><\/figure>\n\n\n\n<p>El libro fue presentado por Manuel Quiroz, \u00abPremio Nacional de Periodismo 2024\u00bb en Rep\u00fablica Dominicana, durante el acto de graduaci\u00f3n del \u00abPrimer Diplomado de Comunicaci\u00f3n Estrat\u00e9gica para la Defensa y Seguridad Nacional\u00bb de la Escuela de Graduados de Altos Estudios Estrat\u00e9gicos (EGAEE) de la UNADE, que estuvo encabezado por el ministro de Defensa, teniente general Carlos Luciano D\u00edaz Morfa, ERD., y el rector de la UNADE, mayor general Francisco Ovalle Pichardo, ERD., quien junto a Quiroz son prologuistas de la obra. La ceremonia cont\u00f3 tambi\u00e9n con la presencia de autoridades universitarias, docentes, cursantes y destacados periodistas convocados al evento.<\/p>\n\n\n\n<figure class=\"wp-block-image size-large\"><img loading=\"lazy\" decoding=\"async\" width=\"1024\" height=\"682\" src=\"https:\/\/diariodominicano.com\/wp-content\/uploads\/2024\/05\/WhatsApp-Image-2024-05-11-at-1.28.57-PM-1024x682.jpeg\" alt=\"\" class=\"wp-image-529920\" srcset=\"https:\/\/diariodominicano.com\/wp-content\/uploads\/2024\/05\/WhatsApp-Image-2024-05-11-at-1.28.57-PM-1024x682.jpeg 1024w, https:\/\/diariodominicano.com\/wp-content\/uploads\/2024\/05\/WhatsApp-Image-2024-05-11-at-1.28.57-PM-300x200.jpeg 300w, https:\/\/diariodominicano.com\/wp-content\/uploads\/2024\/05\/WhatsApp-Image-2024-05-11-at-1.28.57-PM-768x511.jpeg 768w, https:\/\/diariodominicano.com\/wp-content\/uploads\/2024\/05\/WhatsApp-Image-2024-05-11-at-1.28.57-PM-1536x1022.jpeg 1536w, https:\/\/diariodominicano.com\/wp-content\/uploads\/2024\/05\/WhatsApp-Image-2024-05-11-at-1.28.57-PM-816x543.jpeg 816w, https:\/\/diariodominicano.com\/wp-content\/uploads\/2024\/05\/WhatsApp-Image-2024-05-11-at-1.28.57-PM.jpeg 1600w\" sizes=\"auto, (max-width: 1024px) 100vw, 1024px\" \/><\/figure>\n\n\n\n<p>Manuel Quiroz valor\u00f3 \u00abla buena imagen y la reputaci\u00f3n p\u00fablica positiva con la que hoy en d\u00eda cuentan las Fuerzas Armadas dominicanas, en escenarios donde sus miembros constituyen la primera l\u00ednea de defensa, al momento de proteger a la poblaci\u00f3n civil en medio de una emergencia, siendo la m\u00e1s reciente de ellas, la pandemia causada por la COVID-19, provocada por el virus SARS- CoV-2 y que marc\u00f3 un antes y un despu\u00e9s para la humanidad\u00bb.<\/p>\n\n\n\n<figure class=\"wp-block-image size-large\"><img loading=\"lazy\" decoding=\"async\" width=\"1024\" height=\"1024\" src=\"https:\/\/diariodominicano.com\/wp-content\/uploads\/2024\/05\/WhatsApp-Image-2024-05-11-at-1.28.57-PM-1-1-1024x1024.jpeg\" alt=\"\" class=\"wp-image-529923\" srcset=\"https:\/\/diariodominicano.com\/wp-content\/uploads\/2024\/05\/WhatsApp-Image-2024-05-11-at-1.28.57-PM-1-1-1024x1024.jpeg 1024w, https:\/\/diariodominicano.com\/wp-content\/uploads\/2024\/05\/WhatsApp-Image-2024-05-11-at-1.28.57-PM-1-1-300x300.jpeg 300w, https:\/\/diariodominicano.com\/wp-content\/uploads\/2024\/05\/WhatsApp-Image-2024-05-11-at-1.28.57-PM-1-1-150x150.jpeg 150w, https:\/\/diariodominicano.com\/wp-content\/uploads\/2024\/05\/WhatsApp-Image-2024-05-11-at-1.28.57-PM-1-1-768x768.jpeg 768w, https:\/\/diariodominicano.com\/wp-content\/uploads\/2024\/05\/WhatsApp-Image-2024-05-11-at-1.28.57-PM-1-1-88x88.jpeg 88w, https:\/\/diariodominicano.com\/wp-content\/uploads\/2024\/05\/WhatsApp-Image-2024-05-11-at-1.28.57-PM-1-1-816x816.jpeg 816w, https:\/\/diariodominicano.com\/wp-content\/uploads\/2024\/05\/WhatsApp-Image-2024-05-11-at-1.28.57-PM-1-1.jpeg 1080w\" sizes=\"auto, (max-width: 1024px) 100vw, 1024px\" \/><\/figure>\n\n\n\n<figure class=\"wp-block-image size-large\"><img loading=\"lazy\" decoding=\"async\" width=\"1024\" height=\"682\" src=\"https:\/\/diariodominicano.com\/wp-content\/uploads\/2024\/05\/WhatsApp-Image-2024-05-11-at-1.28.49-PM-1024x682.jpeg\" alt=\"\" class=\"wp-image-529924\" srcset=\"https:\/\/diariodominicano.com\/wp-content\/uploads\/2024\/05\/WhatsApp-Image-2024-05-11-at-1.28.49-PM-1024x682.jpeg 1024w, https:\/\/diariodominicano.com\/wp-content\/uploads\/2024\/05\/WhatsApp-Image-2024-05-11-at-1.28.49-PM-300x200.jpeg 300w, https:\/\/diariodominicano.com\/wp-content\/uploads\/2024\/05\/WhatsApp-Image-2024-05-11-at-1.28.49-PM-768x511.jpeg 768w, https:\/\/diariodominicano.com\/wp-content\/uploads\/2024\/05\/WhatsApp-Image-2024-05-11-at-1.28.49-PM-1536x1022.jpeg 1536w, https:\/\/diariodominicano.com\/wp-content\/uploads\/2024\/05\/WhatsApp-Image-2024-05-11-at-1.28.49-PM-816x543.jpeg 816w, https:\/\/diariodominicano.com\/wp-content\/uploads\/2024\/05\/WhatsApp-Image-2024-05-11-at-1.28.49-PM.jpeg 1600w\" sizes=\"auto, (max-width: 1024px) 100vw, 1024px\" \/><\/figure>\n\n\n\n<p>En tanto, la Dra. Ceinett S\u00e1nchez quien hoy d\u00eda es encargada de prensa de la Direcci\u00f3n de Asuntos Civiles del Estado Mayor Conjunto del MIDE (J5), en sus palabras record\u00f3, que cuando ocurri\u00f3 el terremoto de Hait\u00ed en enero del a\u00f1o 2010, comenz\u00f3 a interesarse por los temas de comunicaci\u00f3n y gesti\u00f3n del riesgo frente a emergencias y desde entonces, comenz\u00f3 a publicar libros y a coordinar capacitaciones especializadas en el \u00e1rea, con el apoyo de instituciones como la Universidad del Caribe, la Defensa Civil dominicana y ahora desde hace casi una d\u00e9cada con la UNADE y el Ministerio de Defensa.<\/p>\n\n\n\n<figure class=\"wp-block-image size-large\"><img loading=\"lazy\" decoding=\"async\" width=\"1024\" height=\"682\" src=\"https:\/\/diariodominicano.com\/wp-content\/uploads\/2024\/05\/WhatsApp-Image-2024-05-11-at-1.28.56-PM-1024x682.jpeg\" alt=\"\" class=\"wp-image-529926\" srcset=\"https:\/\/diariodominicano.com\/wp-content\/uploads\/2024\/05\/WhatsApp-Image-2024-05-11-at-1.28.56-PM-1024x682.jpeg 1024w, https:\/\/diariodominicano.com\/wp-content\/uploads\/2024\/05\/WhatsApp-Image-2024-05-11-at-1.28.56-PM-300x200.jpeg 300w, https:\/\/diariodominicano.com\/wp-content\/uploads\/2024\/05\/WhatsApp-Image-2024-05-11-at-1.28.56-PM-768x511.jpeg 768w, https:\/\/diariodominicano.com\/wp-content\/uploads\/2024\/05\/WhatsApp-Image-2024-05-11-at-1.28.56-PM-1536x1022.jpeg 1536w, https:\/\/diariodominicano.com\/wp-content\/uploads\/2024\/05\/WhatsApp-Image-2024-05-11-at-1.28.56-PM-816x543.jpeg 816w, https:\/\/diariodominicano.com\/wp-content\/uploads\/2024\/05\/WhatsApp-Image-2024-05-11-at-1.28.56-PM.jpeg 1600w\" sizes=\"auto, (max-width: 1024px) 100vw, 1024px\" \/><\/figure>\n\n\n\n<p>\u201cAnte la incertidumbre, la ansiedad y la necesidad de la poblaci\u00f3n de estar bien informada, queda demostrado el alcance, influencia e impacto de los contenidos de las FF.AA. que orientan, edifican y protegen a la poblaci\u00f3n civil\u201d, indic\u00f3 S\u00e1nchez Quintero.<\/p>\n\n\n\n<p>\u00abExpertos nacionales y extranjeros en comunicaci\u00f3n, seguridad y defensa, han contribuido con sus conocimientos para enriquecer esta gu\u00eda invaluable para profesionales, acad\u00e9micos civiles y militares, interesados en el campo de gesti\u00f3n de crisis y construir narrativas p\u00fablicas en el contexto de la defensa y la seguridad nacional\u00bb, se\u00f1al\u00f3.<\/p>\n\n\n\n<p><strong>Sobre el contenido.<\/strong><\/p>\n\n\n\n<p>Luego de la presentaci\u00f3n del ministro D\u00edaz Morfa en las p\u00e1ginas preliminares y de los prologuistas, la edici\u00f3n abarca por cap\u00edtulos algunos temas como: \u00bfQu\u00e9 se sabe de Comunicaci\u00f3n Estrat\u00e9gica?: Origen y evoluci\u00f3n del concepto; g\u00e9nesis de los asuntos civiles y relaciones p\u00fablicas de las Fuerzas Armadas; el rol de las FF.AA. dominicanas y la emergencia que cambi\u00f3 al mundo, en referencia a la Pandemia por COVID-19, para cerrar con la Teor\u00eda de la Comunicaci\u00f3n Estrat\u00e9gica para la Defensa, la cual se acompa\u00f1a de un modelo de aplicaciones pr\u00e1cticas.<\/p>\n\n\n\n<p>Con esta reciente publicaci\u00f3n, se busca contribuir en el campo de la comunicaci\u00f3n estrat\u00e9gica, con su enfoque integral y pr\u00e1ctico, esperando que sirva como referencia fundamental para aquellos involucrados en la promoci\u00f3n y protecci\u00f3n de la seguridad nacional en el mundo contempor\u00e1neo.<\/p>\n\n\n\n<p>prensaj5mide@gmail.com<\/p>\n\n\n\n<p><strong><em>Departamento de Prensa<\/em><\/strong><\/p>\n\n\n\n<p><em><strong>Direcci\u00f3n de Asuntos Civiles del Estado Mayor Conjunto, J5<\/strong><\/em><\/p>\n\n\n\n<p><em><strong>Ministerio de Defensa de Rep\u00fablica Dominicana<\/strong><\/em><\/p>\n","protected":false},"excerpt":{"rendered":"<p>SANTO DOMINGO, RD.-La Universidad Nacional para la Defensa \u00abGeneral Juan Pablo Duarte y D\u00edez\u00bb (UNADE) del Ministerio de Defensa (MIDE), edit\u00f3 y present\u00f3 el libro \u201cComunicaci\u00f3n Estrat\u00e9gica para la Defensa y Seguridad Nacional\u201d,\u00a0escrito por la periodista y asimilada militar Ceinett S\u00e1nchez Quintero. La obra es el resultado de una exhaustiva investigaci\u00f3n doctoral de la autora, [&hellip;]<\/p>\n","protected":false},"author":28,"featured_media":529914,"comment_status":"closed","ping_status":"closed","sticky":true,"template":"","format":"standard","meta":{"footnotes":""},"categories":[36,20,27],"tags":[],"class_list":["post-529913","post","type-post","status-publish","format-standard","has-post-thumbnail","hentry","category-hombresmujeresycosas","category-dominicana-hoy","category-portada"],"_links":{"self":[{"href":"https:\/\/diariodominicano.com\/index.php?rest_route=\/wp\/v2\/posts\/529913","targetHints":{"allow":["GET"]}}],"collection":[{"href":"https:\/\/diariodominicano.com\/index.php?rest_route=\/wp\/v2\/posts"}],"about":[{"href":"https:\/\/diariodominicano.com\/index.php?rest_route=\/wp\/v2\/types\/post"}],"author":[{"embeddable":true,"href":"https:\/\/diariodominicano.com\/index.php?rest_route=\/wp\/v2\/users\/28"}],"replies":[{"embeddable":true,"href":"https:\/\/diariodominicano.com\/index.php?rest_route=%2Fwp%2Fv2%2Fcomments&post=529913"}],"version-history":[{"count":6,"href":"https:\/\/diariodominicano.com\/index.php?rest_route=\/wp\/v2\/posts\/529913\/revisions"}],"predecessor-version":[{"id":529928,"href":"https:\/\/diariodominicano.com\/index.php?rest_route=\/wp\/v2\/posts\/529913\/revisions\/529928"}],"wp:featuredmedia":[{"embeddable":true,"href":"https:\/\/diariodominicano.com\/index.php?rest_route=\/wp\/v2\/media\/529914"}],"wp:attachment":[{"href":"https:\/\/diariodominicano.com\/index.php?rest_route=%2Fwp%2Fv2%2Fmedia&parent=529913"}],"wp:term":[{"taxonomy":"category","embeddable":true,"href":"https:\/\/diariodominicano.com\/index.php?rest_route=%2Fwp%2Fv2%2Fcategories&post=529913"},{"taxonomy":"post_tag","embeddable":true,"href":"https:\/\/diariodominicano.com\/index.php?rest_route=%2Fwp%2Fv2%2Ftags&post=529913"}],"curies":[{"name":"wp","href":"https:\/\/api.w.org\/{rel}","templated":true}]}}