{"id":529907,"date":"2024-05-11T10:55:08","date_gmt":"2024-05-11T14:55:08","guid":{"rendered":"https:\/\/diariodominicano.com\/?p=529907"},"modified":"2024-05-11T15:14:55","modified_gmt":"2024-05-11T19:14:55","slug":"olga-tanon-presenta-no-se-quien-soy-junto-al-exitoso-cantautor-lenier-como-avance-de-su-proximo-album-de-estudio-asi-yo-soy","status":"publish","type":"post","link":"https:\/\/diariodominicano.com\/?p=529907","title":{"rendered":"Olga Ta\u00f1\u00f3n presenta \u201cNo S\u00e9 Qui\u00e9n Soy\u201d, junto al exitoso cantautor Lenier, como Avance de su Pr\u00f3ximo \u00c1lbum de estudio \u201cAs\u00ed Yo Soy\u201d"},"content":{"rendered":"\n<figure class=\"wp-block-table\"><table><tbody><tr><td><br><br><\/td><\/tr><\/tbody><\/table><\/figure>\n\n\n\n<figure class=\"wp-block-table\"><table><tbody><tr><td><\/td><\/tr><\/tbody><\/table><\/figure>\n\n\n\n<figure class=\"wp-block-table\"><table><tbody><tr><td><strong>Miami, Florida | 10 de mayo del 2024 |<\/strong>\u00a0Olga Ta\u00f1\u00f3n la indiscutible \u201cMujer de Fuego\u00bb figura estelar de la m\u00fasica tropical, se complace en anunciar el lanzamiento \u201cNo Se Quien soy\u201d el emocionante segundo sencillo de su esperado \u00e1lbum \u201cAs\u00ed Yo Soy\u201d.<br><br> En este tema, Olga une fuerzas con Lenier, el ascendente cantautor y ganador del Latin Grammy, para explorar con maestr\u00eda y emotividad las complejidades de las relaciones amorosas que han perdido su esencia.\u00a0<br><br>El tema fue compuesto por Lenier, Olga Ta\u00f1\u00f3n, Mauro Bertran y Jordany Gonz\u00e1lez. La colaboraci\u00f3n entre Ta\u00f1\u00f3n y Lenier destaca por sus matices vocales \u00fanicos y una interpretaci\u00f3n que profundiza en la experiencia emocional de desconexi\u00f3n y redescubrimiento en el amor.\u00a0<br><br>Con un ambiente musical cargado de dolor y amor, \u00abNo S\u00e9 Qui\u00e9n Soy\u00bb evoca la b\u00fasqueda de un reencuentro de almas y explora el desaf\u00edo de redescubrir el amor en las relaciones.\u00a0Visualmente, \u00abNo S\u00e9 Qui\u00e9n Soy\u00bb cobra vida en un impresionante video grabado en el pintoresco Viejo San Juan, Puerto Rico. Dirigido y conceptualizado por Billy Denizard y producido por Mar\u00eda de los \u00c1ngeles Mart\u00ednez junto a Rec Lab, el video narra una conmovedora historia de amor con un inesperado giro, capturando la esencia dram\u00e1tica y rom\u00e1ntica de la canci\u00f3n.\u00a0En otro emocionante anuncio, Olga Ta\u00f1\u00f3n ofrecer\u00e1 un concierto completamente sold out en el Hard Rock Live de Hollywood, Florida, este s\u00e1bado 11 de mayo.<br><br> Este evento marca un antes y un despu\u00e9s en su carrera y demuestra el fervor y la lealtad de sus fans. Los asistentes podr\u00e1n esperar un suceso electrizante con una actuaci\u00f3n en\u00e9rgica, una producci\u00f3n musical excepcional y una puesta en escena impresionante que afirman el lugar de Olga Ta\u00f1\u00f3n como una de las figuras m\u00e1s veneradas de la m\u00fasica.<\/td><\/tr><\/tbody><\/table><\/figure>\n\n\n\n<figure class=\"wp-block-table\"><table><tbody><tr><td><img decoding=\"async\" width=\"369\" src=\"https:\/\/ci3.googleusercontent.com\/meips\/ADKq_NacjCPVs1wxeqA5NdWnwZIsR45iAMvhfaaYkjxkbI_rnRz6h2JwXuaOWSpFB6ZF6djma442aCbIJzgovk0as62MxYJMgOmSee5CscVeItr5Po5rnUW9vRcK8sgMmu0cNUOkXk9HK7D6lYvuuLQ5JUTFqJ-eZQ=s0-d-e1-ft#https:\/\/files.constantcontact.com\/bb35b455201\/4023112f-5b94-4e9b-8239-feed1b675d7f.jpg?rdr=true\" alt=\"\"><\/td><\/tr><\/tbody><\/table><\/figure>\n\n\n\n<figure class=\"wp-block-table\"><table><tbody><tr><td><br><strong><em>Olga Ta\u00f1\u00f3n Unveils \u00abNo S\u00e9 Qui\u00e9n Soy\u00bb Featuring Lenier as a Preview of Her Upcoming Album<\/em><\/strong><strong><em>\ufeff\u00bbAs\u00ed Yo Soy\u00bb<\/em><\/strong><br><strong><em>&nbsp;<\/em><\/strong><strong><em>&nbsp;<\/em><\/strong><\/td><\/tr><\/tbody><\/table><\/figure>\n\n\n\n<figure class=\"wp-block-table\"><table><tbody><tr><td><img decoding=\"async\" width=\"582\" src=\"https:\/\/ci3.googleusercontent.com\/meips\/ADKq_NbtLWhnfEYXC5IKIT-FGkJnPNFhLx2DyB0CMCTurNwEv54U-i4bA16R5H2B720W0CJkw-plHMdfnk-OiOs-fx44CSTNdW5kKOh4zEQU6YtkEQHTy-PJkJWoxCh-9-7-V64HO-G7ja_W9Yb5Gb1liNSJBFNTkQ=s0-d-e1-ft#https:\/\/files.constantcontact.com\/bb35b455201\/75706f73-3861-4bbf-8e56-ebc8adad470e.jpg?rdr=true\" alt=\"\"><\/td><\/tr><\/tbody><\/table><\/figure>\n\n\n\n<figure class=\"wp-block-table\"><table><tbody><tr><td><strong>Miami, Florida | May 10<\/strong><sup>TH<\/sup><strong>, 2024<\/strong>&nbsp;<strong>|&nbsp;<\/strong>Olga Ta\u00f1\u00f3n, the indisputable \u00abMujer de Fuego\u00bb and star of tropical music, is thrilled to announce the release of \u00abNo S\u00e9 Qui\u00e9n Soy,\u00bb the captivating second single from her upcoming album \u00abAs\u00ed Yo Soy.\u00bb In this track, Olga collaborates with Lenier, the rising singer-songwriter and Latin Grammy winner, to masterfully and emotionally explore the complexities of romantic relationships that have lost their spark.&nbsp;Written by Lenier, Olga Ta\u00f1\u00f3n, Mauro Bertran, and Jordany Gonz\u00e1lez, the collaboration shines with unique vocal textures and a performance that dives deep into the emotional experience of disconnection and rediscovery in love.&nbsp;With a poignant blend of pain and passion, \u00abNo S\u00e9 Qui\u00e9n Soy\u00bb captures the quest for soul reconnection and navigates the challenge of rediscovering love in relationships.&nbsp;Visually, \u00abNo S\u00e9 Qui\u00e9n Soy\u00bb comes to life in a stunning video shot in the picturesque Old San Juan, Puerto Rico. Directed and conceptualized by Billy Denizard and produced by Mar\u00eda de los \u00c1ngeles Mart\u00ednez alongside Rec Lab, the video tells a moving love story with an unexpected twist, capturing the dramatic and romantic essence of the song.&nbsp;In another thrilling announcement, Olga Ta\u00f1\u00f3n will perform a completely sold-out concert at the Hard Rock Live in Hollywood, Florida, on Saturday, May 11. This event marks a milestone in her career and showcases the passion and loyalty of her fans. Attendees can expect an electrifying show with an energetic performance, exceptional musical production, and impressive staging, solidifying Olga Ta\u00f1\u00f3n as one of the most revered figures in music.<\/td><\/tr><\/tbody><\/table><\/figure>\n\n\n\n<figure class=\"wp-block-table\"><table><tbody><tr><td><a href=\"https:\/\/86uwukjab.cc.rs6.net\/tn.jsp?f=001wapm9xgwikxaR57e1zC4jsbP2N8vVtVZaYdXcitOoOrDdcdQ7YflEAps2ObaVoi3yQZPL6DiCdzVjGNtrb1PaHnClcxw1lvMtrZzbj_y-JUx_ncA_B9DReilZdOHj0h4Aty_HwX9Nb7KRtEwKt3lg_esiJo1ADp_pZYksrqV3-UYGneUXVNuWaBHrUtOsb_C&amp;c=A3XGEfYKiuV7Ou8nbNEEuf3SMYkPfOptAxgsLloMRKwAxXWuC8JoHw==&amp;ch=esaMLvQNI61FQNSmlPP0Yq66YOwAcxbFrJGsDIJLXXK1328tyHTmlg==\" target=\"_blank\" rel=\"noreferrer noopener\"><\/a><\/td><\/tr><\/tbody><\/table><\/figure>\n\n\n\n<figure class=\"wp-block-table\"><table><tbody><tr><td><\/td><\/tr><\/tbody><\/table><\/figure>\n\n\n\n<figure class=\"wp-block-table\"><table><tbody><tr><td><br><strong>Contacto Medios \/ PR Contact Olga Ta\u00f1on<\/strong>NV Marketing and Public Relations, LLCNini Veras<a href=\"https:\/\/86uwukjab.cc.rs6.net\/tn.jsp?f=001wapm9xgwikxaR57e1zC4jsbP2N8vVtVZaYdXcitOoOrDdcdQ7YflEEN16cnnNaudqFDNq0mSOxjxDVwa7LL6qLOzvg-UssPP-gHYZd1QqWc5yRHafa2ehEV3wbpK5s_jJ4PA4xw93Qp8hLDU5Rk7rkvn2CfpTe3A&amp;c=A3XGEfYKiuV7Ou8nbNEEuf3SMYkPfOptAxgsLloMRKwAxXWuC8JoHw==&amp;ch=esaMLvQNI61FQNSmlPP0Yq66YOwAcxbFrJGsDIJLXXK1328tyHTmlg==\" target=\"_blank\" rel=\"noreferrer noopener\">verasnini@yahoo.com<\/a><br><strong>Management y Bookings<\/strong>Option 1 EntertainmentBilly Denizard<a href=\"mailto:BillyDenizard@gmail.com\" target=\"_blank\" rel=\"noreferrer noopener\">BillyDenizard@gmail.com<\/a><br>Maria De Los Angeles Martinez<a href=\"mailto:mmartinez1e@gmail.com\" target=\"_blank\" rel=\"noreferrer noopener\">mmartinez1e@gmail.com<\/a><br><\/td><\/tr><\/tbody><\/table><figcaption class=\"wp-element-caption\">NV Marketing &amp; Public Relations,LLC<br><a href=\"mailto:verasnini-yahoo.com@shared1.ccsend.com\" target=\"_blank\" rel=\"noreferrer noopener\">verasnini-yahoo.com@shared1.cc<\/a><\/figcaption><\/figure>\n","protected":false},"excerpt":{"rendered":"<p>Miami, Florida | 10 de mayo del 2024 |\u00a0Olga Ta\u00f1\u00f3n la indiscutible \u201cMujer de Fuego\u00bb figura estelar de la m\u00fasica tropical, se complace en anunciar el lanzamiento \u201cNo Se Quien soy\u201d el emocionante segundo sencillo de su esperado \u00e1lbum \u201cAs\u00ed Yo Soy\u201d. En este tema, Olga une fuerzas con Lenier, el ascendente cantautor y ganador [&hellip;]<\/p>\n","protected":false},"author":28,"featured_media":529908,"comment_status":"closed","ping_status":"closed","sticky":false,"template":"","format":"standard","meta":{"footnotes":""},"categories":[36,25],"tags":[],"class_list":["post-529907","post","type-post","status-publish","format-standard","has-post-thumbnail","hentry","category-hombresmujeresycosas","category-gente"],"_links":{"self":[{"href":"https:\/\/diariodominicano.com\/index.php?rest_route=\/wp\/v2\/posts\/529907","targetHints":{"allow":["GET"]}}],"collection":[{"href":"https:\/\/diariodominicano.com\/index.php?rest_route=\/wp\/v2\/posts"}],"about":[{"href":"https:\/\/diariodominicano.com\/index.php?rest_route=\/wp\/v2\/types\/post"}],"author":[{"embeddable":true,"href":"https:\/\/diariodominicano.com\/index.php?rest_route=\/wp\/v2\/users\/28"}],"replies":[{"embeddable":true,"href":"https:\/\/diariodominicano.com\/index.php?rest_route=%2Fwp%2Fv2%2Fcomments&post=529907"}],"version-history":[{"count":3,"href":"https:\/\/diariodominicano.com\/index.php?rest_route=\/wp\/v2\/posts\/529907\/revisions"}],"predecessor-version":[{"id":529912,"href":"https:\/\/diariodominicano.com\/index.php?rest_route=\/wp\/v2\/posts\/529907\/revisions\/529912"}],"wp:featuredmedia":[{"embeddable":true,"href":"https:\/\/diariodominicano.com\/index.php?rest_route=\/wp\/v2\/media\/529908"}],"wp:attachment":[{"href":"https:\/\/diariodominicano.com\/index.php?rest_route=%2Fwp%2Fv2%2Fmedia&parent=529907"}],"wp:term":[{"taxonomy":"category","embeddable":true,"href":"https:\/\/diariodominicano.com\/index.php?rest_route=%2Fwp%2Fv2%2Fcategories&post=529907"},{"taxonomy":"post_tag","embeddable":true,"href":"https:\/\/diariodominicano.com\/index.php?rest_route=%2Fwp%2Fv2%2Ftags&post=529907"}],"curies":[{"name":"wp","href":"https:\/\/api.w.org\/{rel}","templated":true}]}}