{"id":529888,"date":"2024-05-11T09:44:58","date_gmt":"2024-05-11T13:44:58","guid":{"rendered":"https:\/\/diariodominicano.com\/?p=529888"},"modified":"2024-05-11T09:51:57","modified_gmt":"2024-05-11T13:51:57","slug":"luis-del-valle-el-actor-dominicano-que-conquista-la-pantalla-internacional","status":"publish","type":"post","link":"https:\/\/diariodominicano.com\/?p=529888","title":{"rendered":"Luis del Valle: el actor dominicano que conquista la pantalla internacional"},"content":{"rendered":"\n<p>Luis del Valle<\/p>\n\n\n\n<p><em>Desde su destacada actuaci\u00f3n en la comedia \u00abCanta y no Llores\u00bb hasta su incursi\u00f3n en la serie \u00abVis a Vis\u00bb, Luis del Valle demuestra su versatilidad y talento en la escena internacional del cine y la televisi\u00f3n.<\/em><\/p>\n\n\n\n<figure class=\"wp-block-image size-large\"><img loading=\"lazy\" decoding=\"async\" width=\"1024\" height=\"683\" src=\"https:\/\/diariodominicano.com\/wp-content\/uploads\/2024\/05\/Luis-del-Valle-en-_Canta-y-no-Llores_-1024x683.jpeg\" alt=\"\" class=\"wp-image-529891\" srcset=\"https:\/\/diariodominicano.com\/wp-content\/uploads\/2024\/05\/Luis-del-Valle-en-_Canta-y-no-Llores_-1024x683.jpeg 1024w, https:\/\/diariodominicano.com\/wp-content\/uploads\/2024\/05\/Luis-del-Valle-en-_Canta-y-no-Llores_-300x200.jpeg 300w, https:\/\/diariodominicano.com\/wp-content\/uploads\/2024\/05\/Luis-del-Valle-en-_Canta-y-no-Llores_-768x512.jpeg 768w, https:\/\/diariodominicano.com\/wp-content\/uploads\/2024\/05\/Luis-del-Valle-en-_Canta-y-no-Llores_-1536x1024.jpeg 1536w, https:\/\/diariodominicano.com\/wp-content\/uploads\/2024\/05\/Luis-del-Valle-en-_Canta-y-no-Llores_-2048x1365.jpeg 2048w, https:\/\/diariodominicano.com\/wp-content\/uploads\/2024\/05\/Luis-del-Valle-en-_Canta-y-no-Llores_-816x544.jpeg 816w\" sizes=\"auto, (max-width: 1024px) 100vw, 1024px\" \/><\/figure>\n\n\n\n<p>Con una carrera que abarca m\u00e1s de dos d\u00e9cadas en cine, teatro y televisi\u00f3n,&nbsp;<strong>Luis del Valle<\/strong>&nbsp;contin\u00faa dejando su huella en proyectos internacionales mientras se prepara para su debut como guionista y productor.<\/p>\n\n\n\n<p>Recientemente, celebr\u00f3 el estreno de la pel\u00edcula \u201cCanta y no Llores\u201d, una coproducci\u00f3n entre las empresas Ebribari Audiovisual, de Rep\u00fablica Dominicana y AF FILMS, de Espa\u00f1a, en asociaci\u00f3n con BTF Media de M\u00e9xico. Los derechos de distribuci\u00f3n internacional fueron adquiridos por Star Distribution, subsidiaria de Disney.<\/p>\n\n\n\n<p>En esta pel\u00edcula&nbsp;<strong>Luis del Valle<\/strong>&nbsp;interpreta a Salvador, un exitoso y peculiar productor musical dominicano, que se convierte en un \u201csalvador\u201d para las protagonistas de la historia, interpretadas por Consuelo Duval, Michelle Rodr\u00edguez y Lumy Lizardo.&nbsp;<\/p>\n\n\n\n<p><strong>Un dominicano de pantalla internacional<\/strong><\/p>\n\n\n\n<p>Este no es el primer proyecto internacional en el que participa&nbsp;<strong>Luis del Valle<\/strong>&nbsp;este a\u00f1o. Tambi\u00e9n lo vimos en la producci\u00f3n cinematogr\u00e1fica \u201cArthur the King\u201d, donde comparti\u00f3 escena con el reconocido actor Mark Wahlberg.&nbsp;<\/p>\n\n\n\n<figure class=\"wp-block-image size-large\"><img loading=\"lazy\" decoding=\"async\" width=\"1024\" height=\"683\" src=\"https:\/\/diariodominicano.com\/wp-content\/uploads\/2024\/05\/Luis-del-Valle-junto-al-elenco-de-_Canta-y-no-Llores_-1024x683.jpeg\" alt=\"\" class=\"wp-image-529893\" srcset=\"https:\/\/diariodominicano.com\/wp-content\/uploads\/2024\/05\/Luis-del-Valle-junto-al-elenco-de-_Canta-y-no-Llores_-1024x683.jpeg 1024w, https:\/\/diariodominicano.com\/wp-content\/uploads\/2024\/05\/Luis-del-Valle-junto-al-elenco-de-_Canta-y-no-Llores_-300x200.jpeg 300w, https:\/\/diariodominicano.com\/wp-content\/uploads\/2024\/05\/Luis-del-Valle-junto-al-elenco-de-_Canta-y-no-Llores_-768x512.jpeg 768w, https:\/\/diariodominicano.com\/wp-content\/uploads\/2024\/05\/Luis-del-Valle-junto-al-elenco-de-_Canta-y-no-Llores_-1536x1024.jpeg 1536w, https:\/\/diariodominicano.com\/wp-content\/uploads\/2024\/05\/Luis-del-Valle-junto-al-elenco-de-_Canta-y-no-Llores_-2048x1365.jpeg 2048w, https:\/\/diariodominicano.com\/wp-content\/uploads\/2024\/05\/Luis-del-Valle-junto-al-elenco-de-_Canta-y-no-Llores_-816x544.jpeg 816w\" sizes=\"auto, (max-width: 1024px) 100vw, 1024px\" \/><\/figure>\n\n\n\n<p><strong>Luis del Valle con el elenco de Canta y no llores.<\/strong><\/p>\n\n\n\n<p>La versatilidad de\u00a0<strong>Luis del Valle<\/strong>\u00a0le ha permitido interpretar una variedad de personajes de diferentes nacionalidades en proyectos extranjeros. Desde dar vida a un mariachi en la reconocida comedia espa\u00f1ola \u00abA\u00edda\u00bb hasta su participaci\u00f3n en la exitosa serie \u00abLa que se avecina\u00bb, donde interpret\u00f3 a un colombiano, y en \u00abVis a Vis\u00bb, donde desempe\u00f1\u00f3 el papel de un latino; su talento para sumergirse en distintos entornos culturales es innegable.<\/p>\n\n\n\n<figure class=\"wp-block-image size-large\"><img loading=\"lazy\" decoding=\"async\" width=\"1024\" height=\"683\" src=\"https:\/\/diariodominicano.com\/wp-content\/uploads\/2024\/05\/Luis-del-Valle-en-_El-Diario-de-Ana-Frank_-1024x683.jpeg\" alt=\"\" class=\"wp-image-529895\" srcset=\"https:\/\/diariodominicano.com\/wp-content\/uploads\/2024\/05\/Luis-del-Valle-en-_El-Diario-de-Ana-Frank_-1024x683.jpeg 1024w, https:\/\/diariodominicano.com\/wp-content\/uploads\/2024\/05\/Luis-del-Valle-en-_El-Diario-de-Ana-Frank_-300x200.jpeg 300w, https:\/\/diariodominicano.com\/wp-content\/uploads\/2024\/05\/Luis-del-Valle-en-_El-Diario-de-Ana-Frank_-768x512.jpeg 768w, https:\/\/diariodominicano.com\/wp-content\/uploads\/2024\/05\/Luis-del-Valle-en-_El-Diario-de-Ana-Frank_-1536x1024.jpeg 1536w, https:\/\/diariodominicano.com\/wp-content\/uploads\/2024\/05\/Luis-del-Valle-en-_El-Diario-de-Ana-Frank_-2048x1365.jpeg 2048w, https:\/\/diariodominicano.com\/wp-content\/uploads\/2024\/05\/Luis-del-Valle-en-_El-Diario-de-Ana-Frank_-816x544.jpeg 816w\" sizes=\"auto, (max-width: 1024px) 100vw, 1024px\" \/><figcaption class=\"wp-element-caption\"><strong>Luis del Valle en El Diario de Ana Frank<\/strong><br>\u00abEl Diario de Ana Frank\u00bb, ensayo general (Theamus) 07\/03\/24 @mikpasco<\/figcaption><\/figure>\n\n\n\n<p>Luis del Valle en El Diario de Ana Frank<\/p>\n\n\n\n<p>Pr\u00f3ximamente, lo veremos en el thriller \u201cTabula Rasa\u201d, otra coproducci\u00f3n con Espa\u00f1a, donde compartir\u00e1 cr\u00e9ditos con figuras como Macarena G\u00f3mez, Carlos Bardem y Amaia Salamanca.<\/p>\n\n\n\n<figure class=\"wp-block-image size-large\"><img loading=\"lazy\" decoding=\"async\" width=\"683\" height=\"1024\" src=\"https:\/\/diariodominicano.com\/wp-content\/uploads\/2024\/05\/Luis-del-Valle1-683x1024.jpeg\" alt=\"\" class=\"wp-image-529897\" srcset=\"https:\/\/diariodominicano.com\/wp-content\/uploads\/2024\/05\/Luis-del-Valle1-683x1024.jpeg 683w, https:\/\/diariodominicano.com\/wp-content\/uploads\/2024\/05\/Luis-del-Valle1-200x300.jpeg 200w, https:\/\/diariodominicano.com\/wp-content\/uploads\/2024\/05\/Luis-del-Valle1-768x1152.jpeg 768w, https:\/\/diariodominicano.com\/wp-content\/uploads\/2024\/05\/Luis-del-Valle1-1024x1536.jpeg 1024w, https:\/\/diariodominicano.com\/wp-content\/uploads\/2024\/05\/Luis-del-Valle1-1365x2048.jpeg 1365w, https:\/\/diariodominicano.com\/wp-content\/uploads\/2024\/05\/Luis-del-Valle1-816x1224.jpeg 816w, https:\/\/diariodominicano.com\/wp-content\/uploads\/2024\/05\/Luis-del-Valle1-scaled.jpeg 1707w\" sizes=\"auto, (max-width: 683px) 100vw, 683px\" \/><figcaption class=\"wp-element-caption\">Casting Factory headshots &#8211; Luis Del Valle (The Studio) 01\/07\/22 @mikpasco<\/figcaption><\/figure>\n\n\n\n<p>Adem\u00e1s de su destacada trayectoria en el cine,&nbsp;<strong>Luis del Valle<\/strong>&nbsp;tambi\u00e9n ha dejado su huella en el teatro, destac\u00e1ndose en la exitosa primera temporada de la obra \u00abEl Diario de Ana Frank\u00bb, producida y dirigida por Luis Marcel Ricart.<\/p>\n\n\n\n<p>Como si fuera poco, tambi\u00e9n trabaj\u00f3 como&nbsp;<em>acting-coach<\/em>&nbsp;para la serie \u00abTrinitarios\u00bb, una producci\u00f3n de RTVD Canal 4.<\/p>\n\n\n\n<p><strong>Nuevos desaf\u00edos<\/strong><\/p>\n\n\n\n<p>En este momento,\u00a0<strong>Luis del Valle<\/strong>\u00a0se prepara para un nuevo desaf\u00edo: iniciar la etapa de desarrollo de su primer guion cinematogr\u00e1fico. Este importante paso marca un hito significativo en su carrera, demostrando su continuo compromiso con la excelencia en la industria cinematogr\u00e1fica dominicana. De igual manera, desea con entusiasmo la oportunidad de seguir participando como actor en futuras producciones locales.<\/p>\n\n\n\n<p>Taina Rodr\u00edguez<\/p>\n\n\n\n<p><a target=\"_blank\" href=\"mailto:info@cineate.com\" rel=\"noreferrer noopener\">info@cineate.com<\/a><\/p>\n","protected":false},"excerpt":{"rendered":"<p>Luis del Valle Desde su destacada actuaci\u00f3n en la comedia \u00abCanta y no Llores\u00bb hasta su incursi\u00f3n en la serie \u00abVis a Vis\u00bb, Luis del Valle demuestra su versatilidad y talento en la escena internacional del cine y la televisi\u00f3n. Con una carrera que abarca m\u00e1s de dos d\u00e9cadas en cine, teatro y televisi\u00f3n,&nbsp;Luis del [&hellip;]<\/p>\n","protected":false},"author":28,"featured_media":529889,"comment_status":"closed","ping_status":"closed","sticky":false,"template":"","format":"standard","meta":{"footnotes":""},"categories":[36,25],"tags":[],"class_list":["post-529888","post","type-post","status-publish","format-standard","has-post-thumbnail","hentry","category-hombresmujeresycosas","category-gente"],"_links":{"self":[{"href":"https:\/\/diariodominicano.com\/index.php?rest_route=\/wp\/v2\/posts\/529888","targetHints":{"allow":["GET"]}}],"collection":[{"href":"https:\/\/diariodominicano.com\/index.php?rest_route=\/wp\/v2\/posts"}],"about":[{"href":"https:\/\/diariodominicano.com\/index.php?rest_route=\/wp\/v2\/types\/post"}],"author":[{"embeddable":true,"href":"https:\/\/diariodominicano.com\/index.php?rest_route=\/wp\/v2\/users\/28"}],"replies":[{"embeddable":true,"href":"https:\/\/diariodominicano.com\/index.php?rest_route=%2Fwp%2Fv2%2Fcomments&post=529888"}],"version-history":[{"count":3,"href":"https:\/\/diariodominicano.com\/index.php?rest_route=\/wp\/v2\/posts\/529888\/revisions"}],"predecessor-version":[{"id":529898,"href":"https:\/\/diariodominicano.com\/index.php?rest_route=\/wp\/v2\/posts\/529888\/revisions\/529898"}],"wp:featuredmedia":[{"embeddable":true,"href":"https:\/\/diariodominicano.com\/index.php?rest_route=\/wp\/v2\/media\/529889"}],"wp:attachment":[{"href":"https:\/\/diariodominicano.com\/index.php?rest_route=%2Fwp%2Fv2%2Fmedia&parent=529888"}],"wp:term":[{"taxonomy":"category","embeddable":true,"href":"https:\/\/diariodominicano.com\/index.php?rest_route=%2Fwp%2Fv2%2Fcategories&post=529888"},{"taxonomy":"post_tag","embeddable":true,"href":"https:\/\/diariodominicano.com\/index.php?rest_route=%2Fwp%2Fv2%2Ftags&post=529888"}],"curies":[{"name":"wp","href":"https:\/\/api.w.org\/{rel}","templated":true}]}}