{"id":52984,"date":"2020-06-10T00:38:35","date_gmt":"2020-06-10T00:38:35","guid":{"rendered":"http:\/\/diariodominicano.ddns.net\/?p=52984"},"modified":"2020-06-10T00:38:35","modified_gmt":"2020-06-10T00:38:35","slug":"aprobada-la-destitucion-del-general-pedro-santana-del-mando-del-ejercito-del-sur","status":"publish","type":"post","link":"https:\/\/diariodominicano.com\/?p=52984","title":{"rendered":"Aprobada la destituci\u00f3n del general Pedro Santana del mando del Ej\u00e9rcito del Sur"},"content":{"rendered":"<p><body><\/p>\n<p><strong>Diariodominicano.com<\/strong><\/p>\n<p><strong>Aprobada la destituci\u00f3n  general Pedro Santana del mando del Ej\u00e9rcito del Sur<\/strong><\/p>\n<p><strong>     <\/strong><\/p>\n<p><strong>SANTO DOMINGO, el  10 de junio de 1844<\/strong>, los trinitarios,  que tomaron  el control de la Junta Central  Gubernativa el d\u00eda anterior, el 9 de junio de 1844, aprobaron un plan para destituir al general Pedro Santana del mando del Ej\u00e9rcito del Sur.<\/p>\n<p>    En la ocasi\u00f3n, el Ej\u00e9rcito del Sur, era el principal contingente armado que ten\u00eda la naciente Rep\u00fablica.<\/p>\n<p>     La Junta Central Gubernativa, presidida por el pr\u00f3cer Francisco del Rosario S\u00e1nchez,  tambi\u00e9n aprob\u00f3  enviar al general Juan Pablo Duarte a las provincias del Cibao, a fin de que orientara a la poblaci\u00f3n que se encontraba muy inquieta por las versiones  que daban cuenta de la existencia de  planes para  convertir el pa\u00eds en un protectorado de Francia.<\/p>\n<p>   Los planes en procura del protectorado de Francia, dividieron a los dominicanos.  En consecuencia, cuando Juan Pablo Duarte,  lleg\u00f3  al Cibao,  ten\u00eda la misi\u00f3n de \u00abintervenir en las discordias intestinas  y restablecer la paz y el orden necesarios para la prosperidad  p\u00fablica\u00bb. <\/p>\n<p>   La salida del General  Duarte con destino al Cibao, se produjo el 20 de junio de 1844.<\/p>\n<p>    Los trinitarios tomaron el poder el d\u00eda  9 de junio de 1844, cuando dieron  un golpe de Estado para quitar el poder a los conservadores que controlaban la Junta Central Gubernativa, presidida por Tom\u00e1s Bobadilla. El grupo conservador deseaba  convertir a la naciente Rep\u00fablica Dominicana en un protectorado de Francia.<\/p>\n<p>    El plan de los trinitarios  se inici\u00f3 en la Fortaleza Ozama, en Santo Domingo, donde recibieron apoyo de un grupo de oficiales.<\/p>\n<p>     Los trinitarios estimaban que Tom\u00e1s Bobadilla y los miembros de la Junta Central Gubernativa, Jos\u00e9 Mar\u00eda Caminero, Francisco Javier Abr\u00e9u y Francisco Ru\u00edz, eran culpables de conspirar contra la soberan\u00eda nacional al mantener negociaciones encaminadas a obtener la protecci\u00f3n de los franceses.<\/p>\n<p>      Al consumarse el golpe de Estado contra la Junta Central  Gubernativa, el pr\u00f3cer Francisco del Rosario S\u00e1nchez, fue escogido Presidente en lugar de Tom\u00e1s Bobadilla.<\/p>\n<p>     Para completar la Junta Central Gubernativa, fueron designados los trinitarios Pedro Alejandro Pina, Manuel Mar\u00eda Valverde y Juan Isidro P\u00e9rez.<\/p>\n<p>   El pr\u00f3cer Juan Pablo Duarte, quien ostentaba el rango de general, miembro de la Junta, fue designado Comandante Militar de Santo Domingo, la principal guarnici\u00f3n militar de Rep\u00fablica Dominicana.<\/p>\n<p>    Los trinitarios hab\u00edan iniciado el plan para derrocar a los miembros de la Junta Central Gubernativa, a finales de Mayo de 1844, por entender que pon\u00edan en peligro la soberan\u00eda nacional.<\/p>\n<p>   Como parte del proyecto, el   d\u00eda 31 Mayo de 1844, Juan Pablo Duarte y un grupo de sus seguidores iniciaron un plan con el prop\u00f3sito de tomar el poder en la Rep\u00fablica Dominicana, porque hab\u00eda ca\u00eddo en manos de los grupos conservadores que representaba el Presidente de la Junta Central Gubernativa, Tom\u00e1s Bobadilla y Briones, quien favorec\u00eda  que la Naci\u00f3n pasara a ser un protectorado de Francia.<\/p>\n<p> El 31 de Mayo de 1844, Juan Pablo Duarte y un grupo de seguidores se reunieron  con la guarnici\u00f3n de la Fortaleza Ozama, y lograron que 56 oficiales activos firmaran un documento dirigido a la Junta Central  Gubernativa, para solicitarle que Duarte  fuera nombrado General en Jefe del Ej\u00e9rcito, y los dem\u00e1s trinitarios, incluidos los pr\u00f3ceres Francisco del Rosario S\u00e1nchez y Mat\u00edas Ram\u00f3n Mella, fueran nombrados Generales de Divisi\u00f3n o Generales de Brigada.<\/p>\n<p>    De esa manera, Juan Pablo Duarte y sus seguidores trataban de frenar el avance del grupo conservador que controlaba la Junta Central Gubernativa y desplazar al General Pedro Santana  del control de las Fuerzas Armadas.<\/p>\n<p>      La petici\u00f3n de los trinitarios fue rechazada por la Junta Central Gubernativa, con el argumento de que como cesaron por el momento las hostilidades con Hait\u00ed, no era necesario elevar de rango a los oficiales que lo solicitaban.\t\t<\/p>\n<p>     La Junta controlada por los conservadores tambi\u00e9n declar\u00f3 que \u00abno nombrar\u00e1 en lo adelante m\u00e1s oficiales generales, para estar en armon\u00eda  con los principios del  Manifiesto del 16 de Enero del presente a\u00f1o\u00bb.<\/p>\n<\/p>\n<\/p>\n<p>Decisiones posteriores de la Junta Central Gubernativa, prueban que su reacci\u00f3n fue un simple pretexto para rechazar la petici\u00f3n de los trinitarios. En efecto, el d\u00eda 1 de junio, es decir, un d\u00eda despu\u00e9s de su rechazo, volvi\u00f3 a pedir la protecci\u00f3n pol\u00edtica y militar de Francia, para defenderse de los haitianos.<\/p>\n<p>    La decisi\u00f3n se convirti\u00f3 en un  est\u00edmulo para que los trinitarios siguieran adelante con su proyecto de tomar el control de la Junta Central Gubernativa.<\/p>\n<\/p>\n<h6> 2020-06-10 00:38:35 <\/h6>\n<p><!--\n<link rel=\"stylesheet\" href=\"css\/bootstrap.min.css\">\n\n\n<ul class=\"pagination\">\n\t    \n\t\n\n<li >\n\t<a href='?page_no=526'>Previous<\/a>\n\t<\/li>\n\n\n       \n    \n\n<li><a href='?page_no=1'>1<\/a><\/li>\n\n\n\n<li><a href='?page_no=2'>2<\/a><\/li>\n\n\n\n<li><a>...<\/a><\/li>\n\n\n\n<li><a href='?page_no=525'>525<\/a><\/li>\n\n\n\n<li><a href='?page_no=526'>526<\/a><\/li>\n\n\n\n<li class='active'><a>527<\/a><\/li>\n\n\n\n<li><a href='?page_no=528'>528<\/a><\/li>\n\n\n\n<li><a href='?page_no=529'>529<\/a><\/li>\n\n\n\n<li><a>...<\/a><\/li>\n\n\n\n<li><a href='?page_no=22911'>22911<\/a><\/li>\n\n\n\n<li><a href='?page_no=22912'>22912<\/a><\/li>\n\n    \n\t\n\n<li >\n\t<a href='?page_no=528'>Next<\/a>\n\t<\/li>\n\n\n    \n\n<li><a href='?page_no=22912'>Last &rsaquo;&rsaquo;<\/a><\/li>\n\n<\/ul>\n\n\n--><br \/>\n<\/body><\/p>\n","protected":false},"excerpt":{"rendered":"<p>Diariodominicano.com Aprobada la destituci\u00f3n general Pedro Santana del mando del Ej\u00e9rcito del Sur SANTO DOMINGO, el 10 de junio de 1844, los trinitarios, que tomaron el control de la Junta Central Gubernativa el d\u00eda anterior, el 9 de junio de 1844, aprobaron un plan para destituir al general Pedro Santana del mando del Ej\u00e9rcito del [&hellip;]<\/p>\n","protected":false},"author":3,"featured_media":0,"comment_status":"open","ping_status":"open","sticky":false,"template":"","format":"standard","meta":{"footnotes":""},"categories":[21],"tags":[],"class_list":["post-52984","post","type-post","status-publish","format-standard","hentry","category-cultura"],"_links":{"self":[{"href":"https:\/\/diariodominicano.com\/index.php?rest_route=\/wp\/v2\/posts\/52984","targetHints":{"allow":["GET"]}}],"collection":[{"href":"https:\/\/diariodominicano.com\/index.php?rest_route=\/wp\/v2\/posts"}],"about":[{"href":"https:\/\/diariodominicano.com\/index.php?rest_route=\/wp\/v2\/types\/post"}],"author":[{"embeddable":true,"href":"https:\/\/diariodominicano.com\/index.php?rest_route=\/wp\/v2\/users\/3"}],"replies":[{"embeddable":true,"href":"https:\/\/diariodominicano.com\/index.php?rest_route=%2Fwp%2Fv2%2Fcomments&post=52984"}],"version-history":[{"count":0,"href":"https:\/\/diariodominicano.com\/index.php?rest_route=\/wp\/v2\/posts\/52984\/revisions"}],"wp:attachment":[{"href":"https:\/\/diariodominicano.com\/index.php?rest_route=%2Fwp%2Fv2%2Fmedia&parent=52984"}],"wp:term":[{"taxonomy":"category","embeddable":true,"href":"https:\/\/diariodominicano.com\/index.php?rest_route=%2Fwp%2Fv2%2Fcategories&post=52984"},{"taxonomy":"post_tag","embeddable":true,"href":"https:\/\/diariodominicano.com\/index.php?rest_route=%2Fwp%2Fv2%2Ftags&post=52984"}],"curies":[{"name":"wp","href":"https:\/\/api.w.org\/{rel}","templated":true}]}}