{"id":529820,"date":"2024-05-11T00:00:24","date_gmt":"2024-05-11T04:00:24","guid":{"rendered":"https:\/\/diariodominicano.com\/?p=529820"},"modified":"2024-05-11T00:03:08","modified_gmt":"2024-05-11T04:03:08","slug":"la-guerra-fria-fue-caliente-2","status":"publish","type":"post","link":"https:\/\/diariodominicano.com\/?p=529820","title":{"rendered":"LA GUERRA FR\u00cdA FUE CALIENTE (2)"},"content":{"rendered":"\n<p>POR TE\u00d3FILO LAPPOT ROBLES<\/p>\n\n\n\n<p>En la Guerra Fr\u00eda los pa\u00edses arremolinados en los grupos militares denominados OT\u00c1N y Pacto de Varsovia desarrollaron una lucha de gran intensidad, socavando la paz mundial. Fue una zozobra desde el principio hasta el final.<\/p>\n\n\n\n<p>Detr\u00e1s de todos los conflictos armados de esa \u00e9poca estaba el complejo industrial militar, cuya raz\u00f3n de ser no es otra que el incremento exponencial de sus negocios armament\u00edsticos.<\/p>\n\n\n\n<p>Con lenguaje c\u00e1ustico miembros de las \u00e9lites pol\u00edticas, econ\u00f3micas y militares de los Estados Unidos de Norteam\u00e9rica se refer\u00edan al aparato gubernamental sovi\u00e9tico con la frase despectiva de \u201cel oso moscovita\u201d.<\/p>\n\n\n\n<p>Por su parte los entonces dirigentes sovi\u00e9ticos esparc\u00edan expresiones ponzo\u00f1osas contra los grupos que siempre han encarnado el poder\u00edo supremo de Occidente.<\/p>\n\n\n\n<p>Para los jefes eslavos, que en aquel tiempo lideraban una considerable cantidad de pa\u00edses desde el Kremlin, no muy lejos del r\u00edo Moscova, el \u00e1guila calva era lo contrario de lo que representa para los estadounidenses, desde que la escogieron como su ave nacional el 20 de junio de 1782.<\/p>\n\n\n\n<p>Fue una guerra psicol\u00f3gica sin tregua, en la cual cada parte tachaba a la otra de ser un peligro para la humanidad.<\/p>\n\n\n\n<p>Fred Halliday, profesor de Relaciones Internacionales de la Escuela de Econom\u00eda y Ciencia Pol\u00edtica de Londres, escribi\u00f3 que: \u201cEn Europa, el asesinato pol\u00edtico marc\u00f3 el inicio y el final de la guerra fr\u00eda\u201d.<\/p>\n\n\n\n<p>Pero fue m\u00e1s expl\u00edcito y contundente el referido fil\u00f3sofo y acad\u00e9mico irland\u00e9s al se\u00f1alar que: \u201cDurante el per\u00edodo, mientras Europa viv\u00eda en paz (con excepci\u00f3n de la guerra civil griega), m\u00e1s de veinte millones de personas, seg\u00fan c\u00e1lculos, perdieron la vida en los conflictos del Tercer Mundo, desde Corea y Vietnam a Afganist\u00e1n, pasando por Angola y Nicaragua\u201d. (Ensayo titulado Asesinatos durante la guerra fr\u00eda. Publicado en el 2005.Fred Halliday).<\/p>\n\n\n\n<p>En el 1949, cuando la Guerra Fr\u00eda s\u00f3lo ten\u00eda cuatro a\u00f1os, la Uni\u00f3n de Rep\u00fablicas Socialistas Sovi\u00e9ticas anunci\u00f3 que pose\u00eda arsenales de armas at\u00f3micas. En el 1952 se supo tambi\u00e9n que Gran Breta\u00f1a &nbsp;era una potencia nuclear.<\/p>\n\n\n\n<p>Durante ese per\u00edodo de la historia se produjeron batallas sangrientas, invasiones, golpes de Estado, rearme, asesinatos de l\u00edderes pol\u00edticos, etc\u00e9tera. Eso retard\u00f3 la curaci\u00f3n de las heridas que dej\u00f3 la Segunda Guerra Mundial.<\/p>\n\n\n\n<p>Vale decir que esas acciones violentas fueron azuzadas por las potencias dominantes, cada cual buscando su propio provecho.<\/p>\n\n\n\n<p>En esta entrega rese\u00f1ar\u00e9 algunas de las variadas guerras de esa etapa del mundo:<\/p>\n\n\n\n<p>Los registros hist\u00f3ricos se\u00f1alan como el primer enfrentamiento armado de la Guerra Fr\u00eda el que se produjo en pueblos y campos de Grecia. Comenz\u00f3 el 30 de marzo de 1946 y se prolong\u00f3 por m\u00e1s de dos a\u00f1os.<\/p>\n\n\n\n<p>Por un lado estaba el victorioso Ej\u00e9rcito del gobierno de Grecia, apuntalado por los Estados Unidos, el Reino Unido y varios otros de sus aliados.<\/p>\n\n\n\n<p>En la contraparte estaban los denominados Ej\u00e9rcito Democr\u00e1tico Griego y el Frente Nacional de Liberaci\u00f3n; ambos de tendencia comunista. Ten\u00edan el apoyo de sovi\u00e9ticos, albaneses y b\u00falgaros.<\/p>\n\n\n\n<p>Antes de que finalizara la referida guerra en la Rep\u00fablica Hel\u00e9nica, se desat\u00f3 en Malasia un conflicto armado que dur\u00f3 12 a\u00f1os.<\/p>\n\n\n\n<p>En ese pa\u00eds del sur de Asia, cuya geograf\u00eda est\u00e1 dividida por las aguas del mar de la China Meridional, el gobierno pro occidental, con la ayuda directa del Reino Unido, Australia y Nueva Zelanda, y de manera indirecta de los EE.UU., combati\u00f3 contra el Ej\u00e9rcito de Liberaci\u00f3n Nacional Malayo, que era el brazo armado del Partido Comunista. Fue aupado y abastecido por la URSS.<\/p>\n\n\n\n<p>Uno de los m\u00e1s mort\u00edferos choques de la Guerra Fr\u00eda se libr\u00f3 en la pen\u00ednsula de Corea. Rugieron las armas durante tres a\u00f1os (1950-1953). Millones de personas murieron o fueron heridas.<\/p>\n\n\n\n<p>All\u00ed estuvieron involucrados los dos grupos antag\u00f3nicos en que se dividi\u00f3 el mundo al finalizar la Segunda Guerra Mundial.<\/p>\n\n\n\n<p>Desde entonces esa pen\u00ednsula asi\u00e1tica, ubicada entre el mar del Jap\u00f3n y el mar Amarillo, qued\u00f3 dividida en dos partes, que a esta fecha siguen t\u00e9cnicamente enfrentadas, pues lo que se firm\u00f3 el 27 de julio de 1953 fue un armisticio, pero nunca han enterrado el hacha de la guerra.<\/p>\n\n\n\n<p>Corea del Norte tiene el apoyo de China y Rusia. Esos pa\u00edses mueven los hilos del poder a trav\u00e9s de la familia Kim.<\/p>\n\n\n\n<p>Por su parte Corea del Sur responde a los intereses de los EE.UU., potencia que al d\u00eda de hoy tiene decenas de miles de soldados en el referido pa\u00eds y un parque militar con armas de tecnolog\u00eda de punta.<\/p>\n\n\n\n<p>Francia, junto a sus socios de los reinos de Camboya y Laos, con fuerte apoyo estadounidense, decidi\u00f3 revivir su antigua condici\u00f3n de metr\u00f3poli colonial en Indochina e invadi\u00f3 a Vietnam. Sufri\u00f3 una humillante derrota en mayo de 1954, de parte de los combatientes de Vietnam del Norte, que ten\u00edan el apoyo de los chinos y de los sovi\u00e9ticos.<\/p>\n\n\n\n<p>Ese hecho hist\u00f3rico se produjo en el peque\u00f1o pueblo de Dien Bien Phu y sus alrededores, en el noroeste vietnamita, caracterizado por su geograf\u00eda formada por cerros y terracer\u00eda.<\/p>\n\n\n\n<p>Despu\u00e9s, pero dentro de la misma Guerra Fr\u00eda, los EE.UU. entraron de nuevo en conflicto con Vietnam, primero a trav\u00e9s de sus socios de la parte sur de ese pa\u00eds, enfrentados con el norte que contaba con el apoyo de Rusia y China, y luego directamente con sus tropas, apoyadas, adem\u00e1s, por un numeroso contingente de Canad\u00e1, Dinamarca, Alemania Occidental, Italia, Jap\u00f3n, Sud\u00e1frica, Marruecos, Malasia y otros pa\u00edses.<\/p>\n\n\n\n<p>El 30 de abril de 1975 los vietnamitas del norte volvieron a cantar victoria. Los estadounidenses y sus aliados salieron derrotados. Seg\u00fan c\u00e1lculos conservadores esa guerra dej\u00f3 m\u00e1s de tres millones de personas muertas, la mayor\u00eda civiles no combatientes.<\/p>\n\n\n\n<p>Hay que concordar con el escritor dominicano Juan Bosch cuando escribi\u00f3 que:<\/p>\n\n\n\n<p>\u201cLa guerra de Vietnam le dio a la regi\u00f3n del Sudeste Asi\u00e1tico una notoriedad pol\u00edtica y un relieve hist\u00f3rico que no hab\u00eda sido sospechado ni por los m\u00e1s connotados analistas de los acontecimientos mundiales ni por los m\u00e1s agudos observadores de los pa\u00edses de la regi\u00f3n\u201d. (Viaje a los ant\u00edpodas. Obras Completas. Tomo VIII.P.341.Impresora Serigraf, 2009.Juan Bosch).<\/p>\n\n\n\n<p>Siguiendo el recuento de algunas luchas armadas en el marco de la Guerra Fr\u00eda es oportuno se\u00f1alar que desde que se fund\u00f3 el Estado de Israel en el 1948 (por decisi\u00f3n de la Organizaci\u00f3n de las Naciones Unidas) no han cesado las tensiones y enfrentamientos b\u00e9licos de ese pa\u00eds con \u00e1rabes y palestinos.<\/p>\n\n\n\n<p>En el 1967 dicha enemistad ancestral lleg\u00f3 a su punto m\u00e1s caliente al desatarse la llamada Guerra de los Seis D\u00edas, en la cual los israelitas (en su mayor\u00eda jud\u00edos asquenaz\u00edes y sefard\u00edes) vencieron simult\u00e1neamente a varios pa\u00edses \u00e1rabes y a milicias palestinas.<\/p>\n\n\n\n<p>Qued\u00f3 m\u00e1s que comprobado que en dicha contienda estaban participando por delegaci\u00f3n tanto los EE.UU. (apoyando a Israel) como la URSS en favor de palestinos y \u00e1rabes.<\/p>\n\n\n\n<p>Seis a\u00f1os despu\u00e9s, el 6 de octubre del 1973, ocurri\u00f3 algo parecido a lo anterior cuando se inici\u00f3 la guerra del Yom Kippur, con Egipto y Siria atacando de sorpresa a Israel, y el victorioso contraataque de este en la pen\u00ednsula del Sina\u00ed y los Altos de Gol\u00e1n, que se sald\u00f3 con un acuerdo de paz 19 d\u00edas despu\u00e9s.<\/p>\n\n\n\n<p>Vale resaltar aqu\u00ed que contrario a lo que pas\u00f3 en Grecia y en Malasia (donde los gobiernos apoyados por los EE.UU. y sus aliados triunfaron frente a sus contrarios), en la isla m\u00e1s grande del Caribe unos pocos combatientes encabezados por Fidel Castro, que zarparon en un peque\u00f1o yate de motor desde la costa marina de Veracruz, M\u00e9xico, y desembarcaron de manera accidentada en el oriente de Cuba el 2 de diciembre de 1956, lograron vencer al dictador Fulgencio Batista, que en la madrugada del primero de enero de 1959 huy\u00f3 hacia la ciudad de Santo Domingo, la capital de la Rep\u00fablica Dominicana.<\/p>\n\n\n\n<p>En la pr\u00f3xima y \u00faltima entrega de esta breve serie rese\u00f1ar\u00e9 otros conflictos armados, as\u00ed como magnicidios e invasiones ocurridos durante la Guerra Fr\u00eda.<\/p>\n\n\n\n<p>teofilo lappot<\/p>\n\n\n\n<p><a target=\"_blank\" href=\"mailto:teofilolappot@gmail.com\" rel=\"noreferrer noopener\">teofilolappot@gmail.com<\/a><\/p>\n","protected":false},"excerpt":{"rendered":"<p>POR TE\u00d3FILO LAPPOT ROBLES En la Guerra Fr\u00eda los pa\u00edses arremolinados en los grupos militares denominados OT\u00c1N y Pacto de Varsovia desarrollaron una lucha de gran intensidad, socavando la paz mundial. Fue una zozobra desde el principio hasta el final. Detr\u00e1s de todos los conflictos armados de esa \u00e9poca estaba el complejo industrial militar, cuya [&hellip;]<\/p>\n","protected":false},"author":28,"featured_media":525185,"comment_status":"closed","ping_status":"closed","sticky":true,"template":"","format":"standard","meta":{"footnotes":""},"categories":[21,26,27],"tags":[],"class_list":["post-529820","post","type-post","status-publish","format-standard","has-post-thumbnail","hentry","category-cultura","category-efemerides","category-portada"],"_links":{"self":[{"href":"https:\/\/diariodominicano.com\/index.php?rest_route=\/wp\/v2\/posts\/529820","targetHints":{"allow":["GET"]}}],"collection":[{"href":"https:\/\/diariodominicano.com\/index.php?rest_route=\/wp\/v2\/posts"}],"about":[{"href":"https:\/\/diariodominicano.com\/index.php?rest_route=\/wp\/v2\/types\/post"}],"author":[{"embeddable":true,"href":"https:\/\/diariodominicano.com\/index.php?rest_route=\/wp\/v2\/users\/28"}],"replies":[{"embeddable":true,"href":"https:\/\/diariodominicano.com\/index.php?rest_route=%2Fwp%2Fv2%2Fcomments&post=529820"}],"version-history":[{"count":2,"href":"https:\/\/diariodominicano.com\/index.php?rest_route=\/wp\/v2\/posts\/529820\/revisions"}],"predecessor-version":[{"id":529822,"href":"https:\/\/diariodominicano.com\/index.php?rest_route=\/wp\/v2\/posts\/529820\/revisions\/529822"}],"wp:featuredmedia":[{"embeddable":true,"href":"https:\/\/diariodominicano.com\/index.php?rest_route=\/wp\/v2\/media\/525185"}],"wp:attachment":[{"href":"https:\/\/diariodominicano.com\/index.php?rest_route=%2Fwp%2Fv2%2Fmedia&parent=529820"}],"wp:term":[{"taxonomy":"category","embeddable":true,"href":"https:\/\/diariodominicano.com\/index.php?rest_route=%2Fwp%2Fv2%2Fcategories&post=529820"},{"taxonomy":"post_tag","embeddable":true,"href":"https:\/\/diariodominicano.com\/index.php?rest_route=%2Fwp%2Fv2%2Ftags&post=529820"}],"curies":[{"name":"wp","href":"https:\/\/api.w.org\/{rel}","templated":true}]}}