{"id":52973,"date":"2020-06-10T15:06:21","date_gmt":"2020-06-10T15:06:21","guid":{"rendered":"http:\/\/diariodominicano.ddns.net\/?p=52973"},"modified":"2020-06-10T15:06:21","modified_gmt":"2020-06-10T15:06:21","slug":"el-festival2020-conciertos-de-la-villa-de-santo-domingo-atrae-a-cientos-de-personas-a-la-ciudad-colonial","status":"publish","type":"post","link":"https:\/\/diariodominicano.com\/?p=52973","title":{"rendered":"El Festival2020 Conciertos de la Villa de Santo Domingo atrae a cientos de personas a la Ciudad Colonial"},"content":{"rendered":"<p><body><\/p>\n<p><img decoding=\"async\" src=\"http:\/\/localhost:8080\/img3\/Yolanda%20Borra%C3%84%E2%80%BAs%20y%20John%20Thomas%20Dodson.jpeg\" \/><br \/><img decoding=\"async\" src=\"img3\/Antonio Isa, Emi Ferguson, John Thomas Dodson.jpeg\" \/><br \/><img decoding=\"async\" src=\"img3\/Belinda Brugal, Liz Goyco, Olga de los Santo e Yris Lara.jpeg\" \/>  <\/p>\n<p><strong>Diariodominicano.com<\/strong><\/p>\n<p><strong>El Festival2020 Conciertos de la Villa de Santo Domingo atrae a cientos de personas a la Ciudad Colonial<\/strong><\/p>\n<\/p>\n<p><strong>El Festival Conciertos de la Villa de Santo Domingo present\u00f3, por primera vez en el pa\u00eds los Conciertos de Brandenburgo, de Johann Sebastian Bach <\/strong><\/p>\n<p><strong> <\/strong><\/p>\n<\/p>\n<p><strong>Santo Domingo,10 de Junio de 2020.<\/strong> El Festival Conciertos de la Villa de Santo Domingo celebr\u00f3 su sexta edici\u00f3n durante el Festival2020 con un exclusivo programa de conciertos y eventos musicales que incluy\u00f3 la participaci\u00f3n de j\u00f3venes talentos m\u00fasicos dominicanos y la presentaci\u00f3n del conjunto musical m\u00e1s antiguo de los Estados Unidos especializado en m\u00fasica del estilo barroco.<\/p>\n<p>La Handel y Haydn Society, agrupaci\u00f3n musical con sede en Boston, Estados Unidos y reconocida internacionalmente, interpret\u00f3, en exclusiva y por primera vez en el pa\u00eds, los Conciertos de Brandenburgo de Bach, interpretados en instrumentos de \u00e9poca, en dos noches magistrales de conciertos, en la Iglesia Regina Angelorum, los d\u00edas 11 y 12 de marzo. <\/p>\n<\/p>\n<p>El programa del Festival2020 inici\u00f3 el s\u00e1bado, 7 de marzo, con la presentaci\u00f3n de \u00abJ\u00f3venes Talentos Dominicanos en Concierto\u00bb, en la renovada Catedral de Santa B\u00e1rbara de los Hombres de la Mar.  All\u00ed, los asistentes disfrutaron de un maravilloso recital a cargo de Rams\u00e9s Cid (viol\u00edn), Juan Carlos Mart\u00ednez Mart\u00ednez (clarinete), Claudia Reyes, Ramiro Compr\u00e9s (percusi\u00f3n) y el pianista acompa\u00f1ante Elioenai Medina.  Para finalizar el concierto, el conjunto present\u00f3 unas piezas de Rafael Landestoy con arreglos del maestro John Thomas Dodson, director art\u00edstico del festival.  Estos j\u00f3venes talentos recibieron una gran ovaci\u00f3n del p\u00fablico en cada una de sus presentaciones.<\/p>\n<\/p>\n<p>El programa del Festival2020, abierto a residentes y visitantes, tuvo como escenarios a la Catedral Castrense de Santa B\u00e1rbara y la Iglesia Regina Angelorum, as\u00ed como galer\u00edas y espacios de arte de la Ciudad Colonial. <\/p>\n<\/p>\n<p>Adem\u00e1s de los eventos mencionados, el programa del Festival2020 Conciertos de la Villa de Santo Domingo incluy\u00f3 los Conciertos Educativos para estudiantes de todo el pa\u00eds con la participaci\u00f3n de Koribe, el coro \u00e9lite del Ministerio de Cultura, quienes presentaron himnos y cantos de la tierra dominicana en un concierto titulado \u00abDel campo a la Ciudad\u00bb. En total, tres conciertos, que fueron muy aplaudidos por los estudiantes y maestros acompa\u00f1antes, los cuales disfrutaron grandemente tanto el programa del concierto como la presentaci\u00f3n de Koribe. <\/p>\n<\/p>\n<p>La Noche de Galer\u00edas, evento musical que clausur\u00f3 el Festival2020, se llev\u00f3 a cabo el viernes 13 de marzo en seis galer\u00edas y espacios de arte de la Ciudad Colonial:  Museo Fernando Pe\u00f1a Defill\u00f3, Quinta Dominica, Arte Berri, Casa de Italia, Veo Veo y Mamey.  Este evento, abierto al p\u00fablico, conto con una nutrida asistencia en cada espacio y los asistentes disfrutaron de una noche de arte y m\u00fasica en la Ciudad Colonial.<\/p>\n<p>Las tradicionales charlas para adultos pre- festival, realizadas el 19 de febrero y el 5 de marzo, tuvieron como expositores, a Mar\u00eda Teresa Ruiz de Catrain, en Quinta Dominica, quien deleit\u00f3 a los presentes con la historia de Santa B\u00e1rbara, llena de interesantes matices. Mientras, John Thomas Dodson, director art\u00edstico del Festival de Conciertos de la Villa de Santo Domingo, present\u00f3 en el Auditorio del Convento de los Dominicos, la extraordinaria historia de los Conciertos de Brandenburgo, las joyas escondidas de Johann Sebastian Bach. Ambas charlas contaron con una gran asistencia.  <\/p>\n<\/p>\n<p>Desde su fundaci\u00f3n en 2011, Conciertos de la Villa de Santo Domingo se ha caracterizado por acoger a artistas de renombre internacional, as\u00ed como por apoyar a los talentos locales. Sus conciertos y eventos musicales, actividades educativas y proyectos comunitarios, se realizan con la misi\u00f3n de valorar, preservar y promover la revitalizaci\u00f3n de la Ciudad Colonial de Santo Domingo, declarada por la Unesco como Patrimonio de la Humanidad para las futuras generaciones.<\/p>\n<\/p>\n<p><strong>Yolanda Borra ,s y John Thomas Dodson <\/strong><\/p>\n<\/p>\n<p>El Festival2020 Conciertos de la Villa de Santo Domingo cont\u00f3 con el apoyo de entidades como: Banco Popular Dominicano, gran patrocinador del Festival; Ministerio de Turismo, Fundaci\u00f3n Propag\u00e1s, patrocinador educativo; Billini Hotel, List\u00edn Diario; patrocinador de mediso, Fundaci\u00f3n E. Le\u00f3n Jimenes, Brugal, Ministerio de Cultura, Universal, Kahkow, Quinta Dominica y Mini Cooper.<\/p>\n<\/p>\n<p>Info Publipack &lt;info@publipack.com.do&gt;<\/p>\n<\/p>\n<h6> 2020-06-10 15:06:21 <\/h6>\n<p><!--\n<link rel=\"stylesheet\" href=\"css\/bootstrap.min.css\">\n\n\n<ul class=\"pagination\">\n\t    \n\t\n\n<li >\n\t<a href='?page_no=525'>Previous<\/a>\n\t<\/li>\n\n\n       \n    \n\n<li><a href='?page_no=1'>1<\/a><\/li>\n\n\n\n<li><a href='?page_no=2'>2<\/a><\/li>\n\n\n\n<li><a>...<\/a><\/li>\n\n\n\n<li><a href='?page_no=524'>524<\/a><\/li>\n\n\n\n<li><a href='?page_no=525'>525<\/a><\/li>\n\n\n\n<li class='active'><a>526<\/a><\/li>\n\n\n\n<li><a href='?page_no=527'>527<\/a><\/li>\n\n\n\n<li><a href='?page_no=528'>528<\/a><\/li>\n\n\n\n<li><a>...<\/a><\/li>\n\n\n\n<li><a href='?page_no=22911'>22911<\/a><\/li>\n\n\n\n<li><a href='?page_no=22912'>22912<\/a><\/li>\n\n    \n\t\n\n<li >\n\t<a href='?page_no=527'>Next<\/a>\n\t<\/li>\n\n\n    \n\n<li><a href='?page_no=22912'>Last &rsaquo;&rsaquo;<\/a><\/li>\n\n<\/ul>\n\n\n--><br \/>\n<\/body><\/p>\n","protected":false},"excerpt":{"rendered":"<p>Diariodominicano.com El Festival2020 Conciertos de la Villa de Santo Domingo atrae a cientos de personas a la Ciudad Colonial El Festival Conciertos de la Villa de Santo Domingo present\u00f3, por primera vez en el pa\u00eds los Conciertos de Brandenburgo, de Johann Sebastian Bach Santo Domingo,10 de Junio de 2020. El Festival Conciertos de la Villa [&hellip;]<\/p>\n","protected":false},"author":3,"featured_media":0,"comment_status":"open","ping_status":"open","sticky":false,"template":"","format":"standard","meta":{"footnotes":""},"categories":[21],"tags":[],"class_list":["post-52973","post","type-post","status-publish","format-standard","hentry","category-cultura"],"_links":{"self":[{"href":"https:\/\/diariodominicano.com\/index.php?rest_route=\/wp\/v2\/posts\/52973","targetHints":{"allow":["GET"]}}],"collection":[{"href":"https:\/\/diariodominicano.com\/index.php?rest_route=\/wp\/v2\/posts"}],"about":[{"href":"https:\/\/diariodominicano.com\/index.php?rest_route=\/wp\/v2\/types\/post"}],"author":[{"embeddable":true,"href":"https:\/\/diariodominicano.com\/index.php?rest_route=\/wp\/v2\/users\/3"}],"replies":[{"embeddable":true,"href":"https:\/\/diariodominicano.com\/index.php?rest_route=%2Fwp%2Fv2%2Fcomments&post=52973"}],"version-history":[{"count":0,"href":"https:\/\/diariodominicano.com\/index.php?rest_route=\/wp\/v2\/posts\/52973\/revisions"}],"wp:attachment":[{"href":"https:\/\/diariodominicano.com\/index.php?rest_route=%2Fwp%2Fv2%2Fmedia&parent=52973"}],"wp:term":[{"taxonomy":"category","embeddable":true,"href":"https:\/\/diariodominicano.com\/index.php?rest_route=%2Fwp%2Fv2%2Fcategories&post=52973"},{"taxonomy":"post_tag","embeddable":true,"href":"https:\/\/diariodominicano.com\/index.php?rest_route=%2Fwp%2Fv2%2Ftags&post=52973"}],"curies":[{"name":"wp","href":"https:\/\/api.w.org\/{rel}","templated":true}]}}