{"id":529641,"date":"2024-05-10T01:16:23","date_gmt":"2024-05-10T05:16:23","guid":{"rendered":"https:\/\/diariodominicano.com\/?p=529641"},"modified":"2024-05-10T01:17:10","modified_gmt":"2024-05-10T05:17:10","slug":"el-primer-tribunal-colegiado-del-distrito-nacional-varia-medida-de-coercion-y-mantiene-impedimento-de-salida-al-imputado-erasmo-roger-perez-de-la-operacion-coral","status":"publish","type":"post","link":"https:\/\/diariodominicano.com\/?p=529641","title":{"rendered":"El Primer Tribunal Colegiado del Distrito Nacional var\u00eda medida de coerci\u00f3n y mantiene impedimento de salida al imputado Erasmo Roger P\u00e9rez, de la Operaci\u00f3n Coral"},"content":{"rendered":"\n<p>SANTO DOMINGO, Rep\u00fablica Dominicana.- El Primer Tribunal Colegiado del Distrito Nacional acogi\u00f3 la solicitud de variaci\u00f3n de medida de coerci\u00f3n presentada por la defensa del teniente coronel de la Fuerza A\u00e9rea Dominicana, Erasmo Roger P\u00e9rez, imputado de la Operaci\u00f3n Coral.<\/p>\n\n\n\n<p><\/p>\n\n\n\n<p>La jueza Esmirna Gisell M\u00e9ndez dispuso variar la prisi\u00f3n domiciliaria existente por una garant\u00eda econ\u00f3mica de RD$500 mil, mediante una empresa aseguradora, adem\u00e1s de mantener el impedimento de salida sin autorizaci\u00f3n judicial, para salvaguardar el peligro de fuga existente, se\u00f1alado por el Ministerio P\u00fablico.<\/p>\n\n\n\n<p>En oposici\u00f3n a la solicitud de la defensa del imputado, el Ministerio P\u00fablico se\u00f1al\u00f3 durante la audiencia de este jueves que, las deudas presentadas ante el tribunal, como raz\u00f3n fundamental para la variaci\u00f3n de la medida de coerci\u00f3n existente, s\u00f3lo profundizaban la posibilidad del peligro de fuga por parte del imputado Erasmo Roger P\u00e9rez.<\/p>\n\n\n\n<p>En ese sentido, el \u00f3rgano acusador detall\u00f3 que dichas deudas, confirman la teor\u00eda f\u00e1ctica del Ministerio P\u00fablico, en la que el \u00f3rgano acusador se\u00f1ala al teniente coronel de ir m\u00e1s all\u00e1 de sus funciones para enriquecerse il\u00edcitamente y obtener un estilo de vida que no puede solventar con sus ingresos formales, que contin\u00faa percibiendo como militar.<\/p>\n\n\n\n<p>En igual sentido, la solicitud hall\u00f3 rechazo por parte del abogado del Estado, Jos\u00e9 Alberto Ortiz Beltr\u00e1n, al entender que la defensa del imputado no present\u00f3 pruebas ni presupuesto novedosos que dieran al traste con la variaci\u00f3n de la medida de coerci\u00f3n.<\/p>\n\n\n\n<p>Al detallar las razones de la decisi\u00f3n del tribunal, la jueza Esmirna Gisell M\u00e9ndez indic\u00f3 que adem\u00e1s de resguardar el peligro de fuga, el juzgador se ve en la obligaci\u00f3n de tomar en cuenta que la privaci\u00f3n de libertad sea por un tiempo razonable, con la finalidad de que no se convierta en una pena anticipada.<\/p>\n\n\n\n<p><strong>Acusaci\u00f3n contra el imputado<\/strong><\/p>\n\n\n\n<p>El teniente coronel de la Fuerza A\u00e9rea Dominicana, Erasmo Roger P\u00e9rez, est\u00e1 entre los imputados de la Operaci\u00f3n Coral, mediante la cual el Ministerio P\u00fablico destap\u00f3 un entramado de corrupci\u00f3n, acusado de estafar al Estado dominicano con m\u00e1s de 4,500 millones de pesos, entre los a\u00f1os 2012 y 2020. Adem\u00e1s, por sustraer los fondos de inteligencia del Cuerpo de Seguridad Presidencial (Cusep) y del Cuerpo Especializado de Seguridad Tur\u00edstica (Cestur).<\/p>\n\n\n\n<p>En este proceso adem\u00e1s est\u00e1n acusados, el mayor del Ej\u00e9rcito Nacional, Ra\u00fal Alejandro Gir\u00f3n Jim\u00e9nez; el mayor general Ad\u00e1n C\u00e1ceres Silvestre, el general Juan Carlos Torres Robiou y el sargento de la Armada, Alejandro Jos\u00e9 Montero Cruz, el general de la Fuerza A\u00e9rea Dominicana (FARD) Julio Camilo de los Santos Viola, el cabo policial Tanner Antonio Flete Guzm\u00e1n y el coronel Rafael N\u00fa\u00f1ez De Aza.<\/p>\n\n\n\n<p>De igual manera, al general Torres Robiou (FARD) y Jos\u00e9 Manuel Rosario Pir\u00f3n, as\u00ed como la pastora Rossy Guzm\u00e1n S\u00e1nchez, Carlos Lantigua, Alfredo Pichardo, Erasmo Roger P\u00e9rez, Jehohanan Luc\u00eda Rodr\u00edguez, Yehudy Blandesmil Guzm\u00e1n, Esmeralda Ortega Polanco, entre otros.<\/p>\n\n\n\n<p>En la audiencia previa de este jueves, el Primer Tribunal Colegiado del Distrito Nacional aplaz\u00f3 para el 16 de mayo, a las 10:00 de la ma\u00f1ana, el inicio formal del juicio de fondo contra los imputados de las operaciones Coral y Coral 5G.<\/p>\n\n\n\n<p><strong>Direcci\u00f3n General de Comunicaci\u00f3n, Prensa, y RRPP<\/strong><strong><\/strong><\/p>\n\n\n\n<p>Ministerio P\u00fablico. R.D.<\/p>\n\n\n\n<p>Jueves, 9 de mayo de 2024.<\/p>\n","protected":false},"excerpt":{"rendered":"<p>SANTO DOMINGO, Rep\u00fablica Dominicana.- El Primer Tribunal Colegiado del Distrito Nacional acogi\u00f3 la solicitud de variaci\u00f3n de medida de coerci\u00f3n presentada por la defensa del teniente coronel de la Fuerza A\u00e9rea Dominicana, Erasmo Roger P\u00e9rez, imputado de la Operaci\u00f3n Coral. La jueza Esmirna Gisell M\u00e9ndez dispuso variar la prisi\u00f3n domiciliaria existente por una garant\u00eda econ\u00f3mica [&hellip;]<\/p>\n","protected":false},"author":28,"featured_media":0,"comment_status":"closed","ping_status":"closed","sticky":false,"template":"","format":"standard","meta":{"footnotes":""},"categories":[24,29],"tags":[],"class_list":["post-529641","post","type-post","status-publish","format-standard","hentry","category-justicia-y-derecho","category-policiasucesos"],"_links":{"self":[{"href":"https:\/\/diariodominicano.com\/index.php?rest_route=\/wp\/v2\/posts\/529641","targetHints":{"allow":["GET"]}}],"collection":[{"href":"https:\/\/diariodominicano.com\/index.php?rest_route=\/wp\/v2\/posts"}],"about":[{"href":"https:\/\/diariodominicano.com\/index.php?rest_route=\/wp\/v2\/types\/post"}],"author":[{"embeddable":true,"href":"https:\/\/diariodominicano.com\/index.php?rest_route=\/wp\/v2\/users\/28"}],"replies":[{"embeddable":true,"href":"https:\/\/diariodominicano.com\/index.php?rest_route=%2Fwp%2Fv2%2Fcomments&post=529641"}],"version-history":[{"count":2,"href":"https:\/\/diariodominicano.com\/index.php?rest_route=\/wp\/v2\/posts\/529641\/revisions"}],"predecessor-version":[{"id":529644,"href":"https:\/\/diariodominicano.com\/index.php?rest_route=\/wp\/v2\/posts\/529641\/revisions\/529644"}],"wp:attachment":[{"href":"https:\/\/diariodominicano.com\/index.php?rest_route=%2Fwp%2Fv2%2Fmedia&parent=529641"}],"wp:term":[{"taxonomy":"category","embeddable":true,"href":"https:\/\/diariodominicano.com\/index.php?rest_route=%2Fwp%2Fv2%2Fcategories&post=529641"},{"taxonomy":"post_tag","embeddable":true,"href":"https:\/\/diariodominicano.com\/index.php?rest_route=%2Fwp%2Fv2%2Ftags&post=529641"}],"curies":[{"name":"wp","href":"https:\/\/api.w.org\/{rel}","templated":true}]}}