{"id":529639,"date":"2024-05-10T01:09:40","date_gmt":"2024-05-10T05:09:40","guid":{"rendered":"https:\/\/diariodominicano.com\/?p=529639"},"modified":"2024-05-10T01:09:43","modified_gmt":"2024-05-10T05:09:43","slug":"imponen-prision-preventiva-a-implicado-en-red-de-estafadores-de-adultos-mayores-residentes-en-los-estados-unidos","status":"publish","type":"post","link":"https:\/\/diariodominicano.com\/?p=529639","title":{"rendered":"Imponen prisi\u00f3n preventiva a implicado en red de estafadores de adultos mayores residentes en los Estados Unidos"},"content":{"rendered":"\n<p>SANTO DOMINGO, Rep\u00fablica Dominicana.- La Segunda Sala de la Suprema Corte de Justicia (SCJ) acogi\u00f3 este jueves la solicitud del Ministerio P\u00fablico y le impuso prisi\u00f3n preventiva a Jos\u00e9 Ismael Jim\u00e9nez Dilon\u00e9, implicado en la red criminal que estaf\u00f3 con millones de d\u00f3lares a adultos mayores residentes en los Estados Unidos.<\/p>\n\n\n\n<p>El tribunal tambi\u00e9n decidi\u00f3 mantener la medida de coerci\u00f3n, consistente en presentaci\u00f3n peri\u00f3dica, impedimento de salida del pa\u00eds y garant\u00eda econ\u00f3mica, que le hab\u00eda sido impuesta al imputado Juan Rafael Parra, por su vinculaci\u00f3n a la red que fue desmantelada con la Operaci\u00f3n Discovery en Santiago, tras establecerse que defraud\u00f3 a cientos de ciudadanos estadounidenses a trav\u00e9s de estafas, extorsi\u00f3n y robo de identidad.<\/p>\n\n\n\n<p>La solicitud formulada por el Ministerio P\u00fablico, que estuvo representado por el procurador adjunto Andr\u00e9s Chalas, fue acogida por los jueces Francisco Jerez, Nancy Salcedo y Fran Soto, quienes impusieron la prisi\u00f3n preventiva contra Jim\u00e9nez Dilon\u00e9 y ordenaron que la cumpla en el Centro de Correcci\u00f3n y Rehabilitaci\u00f3n Rafey Hombres, de Santiago.<\/p>\n\n\n\n<p>Los jueces fijaron el conocimiento de la solicitud de extradici\u00f3n de ambos imputados para el pr\u00f3ximo 11 de junio, a partir de las 11:00 de la ma\u00f1ana.<\/p>\n\n\n\n<p>La red criminal que integraban varias personas estaf\u00f3 a los adultos mayores desde centros de llamadas en la Rep\u00fablica Dominicana, desde donde los contactaban, haci\u00e9ndose pasar por hijos, nietos u otros familiares cercanos, pidiendo ayuda econ\u00f3mica para salir de un problema, alegadamente, por un accidente automovil\u00edstico.<\/p>\n\n\n\n<p>Las autoridades de los Estados Unidos los piden en extradici\u00f3n por los hechos que se les imputan.<\/p>\n\n\n\n<p><strong>Direcci\u00f3n General de Comunicaci\u00f3n, Prensa, y RRPP<\/strong><strong><\/strong><\/p>\n\n\n\n<p>Ministerio P\u00fablico. R.D.<\/p>\n\n\n\n<p>Jueves, 9 de mayo de 2024.<\/p>\n","protected":false},"excerpt":{"rendered":"<p>SANTO DOMINGO, Rep\u00fablica Dominicana.- La Segunda Sala de la Suprema Corte de Justicia (SCJ) acogi\u00f3 este jueves la solicitud del Ministerio P\u00fablico y le impuso prisi\u00f3n preventiva a Jos\u00e9 Ismael Jim\u00e9nez Dilon\u00e9, implicado en la red criminal que estaf\u00f3 con millones de d\u00f3lares a adultos mayores residentes en los Estados Unidos. El tribunal tambi\u00e9n decidi\u00f3 [&hellip;]<\/p>\n","protected":false},"author":28,"featured_media":410725,"comment_status":"closed","ping_status":"closed","sticky":false,"template":"","format":"standard","meta":{"footnotes":""},"categories":[24,29],"tags":[],"class_list":["post-529639","post","type-post","status-publish","format-standard","has-post-thumbnail","hentry","category-justicia-y-derecho","category-policiasucesos"],"_links":{"self":[{"href":"https:\/\/diariodominicano.com\/index.php?rest_route=\/wp\/v2\/posts\/529639","targetHints":{"allow":["GET"]}}],"collection":[{"href":"https:\/\/diariodominicano.com\/index.php?rest_route=\/wp\/v2\/posts"}],"about":[{"href":"https:\/\/diariodominicano.com\/index.php?rest_route=\/wp\/v2\/types\/post"}],"author":[{"embeddable":true,"href":"https:\/\/diariodominicano.com\/index.php?rest_route=\/wp\/v2\/users\/28"}],"replies":[{"embeddable":true,"href":"https:\/\/diariodominicano.com\/index.php?rest_route=%2Fwp%2Fv2%2Fcomments&post=529639"}],"version-history":[{"count":1,"href":"https:\/\/diariodominicano.com\/index.php?rest_route=\/wp\/v2\/posts\/529639\/revisions"}],"predecessor-version":[{"id":529640,"href":"https:\/\/diariodominicano.com\/index.php?rest_route=\/wp\/v2\/posts\/529639\/revisions\/529640"}],"wp:featuredmedia":[{"embeddable":true,"href":"https:\/\/diariodominicano.com\/index.php?rest_route=\/wp\/v2\/media\/410725"}],"wp:attachment":[{"href":"https:\/\/diariodominicano.com\/index.php?rest_route=%2Fwp%2Fv2%2Fmedia&parent=529639"}],"wp:term":[{"taxonomy":"category","embeddable":true,"href":"https:\/\/diariodominicano.com\/index.php?rest_route=%2Fwp%2Fv2%2Fcategories&post=529639"},{"taxonomy":"post_tag","embeddable":true,"href":"https:\/\/diariodominicano.com\/index.php?rest_route=%2Fwp%2Fv2%2Ftags&post=529639"}],"curies":[{"name":"wp","href":"https:\/\/api.w.org\/{rel}","templated":true}]}}