{"id":52951,"date":"2020-06-11T00:54:10","date_gmt":"2020-06-11T00:54:10","guid":{"rendered":"http:\/\/diariodominicano.ddns.net\/?p=52951"},"modified":"2020-06-11T00:54:10","modified_gmt":"2020-06-11T00:54:10","slug":"nace-francisco-alberto-caamano-deno-3","status":"publish","type":"post","link":"https:\/\/diariodominicano.com\/?p=52951","title":{"rendered":"Nace Francisco Alberto Caama\u00f1o De\u00f1o&#13;"},"content":{"rendered":"<p><body><\/p>\n<p><img decoding=\"async\" src=\"img3\/caamano29.jpg\" \/>  <\/p>\n<p><strong>Diariodominicano.com<\/strong><\/p>\n<p><strong>Nace Francisco Alberto Caama\u00f1o De\u00f1o<\/strong><\/p>\n<p><strong>SANTO DOMINGO, RD,  El 11 de junio de 1932<\/strong> naci\u00f3 en la ciudad de Santo Domingo,  Francisco Alberto Caama\u00f1o De\u00f1o, hijo del Teniente General Fausto Caama\u00f1o Medina y  Enerolisa De\u00f1o (Nonin). Se destac\u00f3 como militar y pol\u00edtico.<\/p>\n<p>Comenz\u00f3  la carrera militar en la Marina de Guerra,  en 1949. En 1960 fue transferido a la Polic\u00eda Nacional  con el rango de Mayor. Y en 1962, fue designado  Jefe del Cuerpo contra motines (cascos blancos), calificado como el principal organismo  represor de la Polic\u00eda Nacional tras la ca\u00edda de la dictadura de Trujillo.<\/p>\n<p>Una biograf\u00eda publicada  por el matutino  List\u00edn Diario, el 24 de abril de 2013, refiere que el  27 de Febrero de 1963,  asumi\u00f3  como Presidente de la Rep\u00fablica Dominicana el Profesor Juan Bosch, quien hab\u00eda sido elegido el 20 en diciembre de 1962, en las primeras elecciones libres post  desaparici\u00f3n de Trujillo. Sin embargo, luego de una confabulaci\u00f3n entre sectores poderosos locales y extranjeros dieron un golpe de Estado a Bosch el 25 de septiembre del mismo a\u00f1o.<\/p>\n<p>Tras el golpe, y la imposici\u00f3n del gobierno de facto del  Triunvirato  se dieron las condiciones propicias para que un grupo de militares iniciaran labores conspirativas para restablecer el  gobierno leg\u00edtimo. <\/p>\n<p>El l\u00edder de esos militares fue  el Coronel Rafael Tom\u00e1s Fern\u00e1ndez Dom\u00ednguez, quien en diciembre de 1964, comprometi\u00f3 al Coronel Caama\u00f1o en el movimiento, y sobre sus hombros reposaba la encomienda de sublevar a la Polic\u00eda Nacional en el momento del alzamiento constitucionalista.<\/p>\n<p>\u00abEl 24 de abril  de 1965 sorprende al Coronel Fern\u00e1ndez Dom\u00ednguez en Chile donde hab\u00eda sido enviado como agregado militar de la Embajada dominicana en ese pa\u00eds. Debido a la ausencia del l\u00edder de la sublevaci\u00f3n, hab\u00eda quedado al mando el Coronel Hernando Ram\u00edrez, quien abandon\u00f3 el liderazgo de la revuelta desde el 26 de Abril. <\/p>\n<p>\u00abDebido a estas circunstancias, el Coronel Francisco Alberto Caama\u00f1o De\u00f1\u00f3, asumi\u00f3  la responsabilidad y el liderazgo militar de la Revoluci\u00f3n, y junto a un sin n\u00famero de oficiales, cabos, rasos y civiles (mujeres y hombres), dirigi\u00f3 la organizaci\u00f3n de  la resistencia armada contra las fuerzas del CEFA (Centro de Ense\u00f1anza de las Fuerzas Armadas), lideradas desde San Isidro por el General golpista El\u00edas Wessin y Wessin.<\/p>\n<\/p>\n<p>En el frente constitucionalista <\/p>\n<p>El 26 de Abril de 1965, las fuerzas constitucionalistas comandadas por el coronel  Caama\u00f1o De\u00f1\u00f3 detienen en el puente Juan Pablo Duarte el avance de las tropas militares al mando del general El\u00edas Wessin y Wessin.<\/p>\n<\/p>\n<p>   El 26 de abril del a\u00f1o 1965 los militares constitucionalistas, con el apoyo de civiles,  lograron tomar varios tanques de guerra de las unidades que comandaba el general El\u00edas Wessin y Wessin.<\/p>\n<\/p>\n<p>     En tanto, el comandante  constitucionalista  coronel Caama\u00f1o De\u00f1\u00f3 inform\u00f3 el 26 de Abril de 1965, que hab\u00eda logrado  la renuncia del  Presidente de facto, doctor Donald Reid Cabral.<\/p>\n<\/p>\n<p>     El mismo 26 de abril de 1965, el presidente provisional, doctor Rafael Molina Ure\u00f1a, estableci\u00f3 su oficina en el Palacio Nacional.<\/p>\n<\/p>\n<p>     Tan pronto se  instal\u00f3 en el Palacio Nacional, el Presidente Rafael Molina Ure\u00f1a, emiti\u00f3 su decreto n\u00famero UNO, en virtud del cual convoc\u00f3 al Congreso Nacional del Gobierno constitucional que encabez\u00f3 el Presidente Juan Bosch, derrocado el 25 de septiembre de 1963, y cuyo acontecimiento origin\u00f3 la guerra de Abril de 1965.<\/p>\n<\/p>\n<p>    Los constitucionalistas luchaban por el retorno al poder, sin nuevas elecciones, del presidente profesor Juan Bosch, a lo que se opon\u00edan las fuerzas militares que lideraba el general El\u00edas Wessin y Wessin, en raz\u00f3n de que los jefes militares de la  \u00e9poca participaron en el golpe de Estado de 1963, al acusar al Gobierno de Juan Bosch de tener orientaci\u00f3n comunista.<\/p>\n<\/p>\n<p>  No obstante, el 26 de Abril de 1965, a medida que pasaban las horas, los militares  constitucionalistas recib\u00edan m\u00e1s apoyo de la poblaci\u00f3n civil.<\/p>\n<\/p>\n<p>La versi\u00f3n de  List\u00edn Diario indica que el 24 de Abril, luego de la sublevaci\u00f3n de los campamentos militares 16 de Agosto y 27 de Febrero, y del anuncio formal del estallido de la Revoluci\u00f3n, rein\u00f3 la confusi\u00f3n, el caos y la desorganizaci\u00f3n de las fuerzas. <\/p>\n<p>\u00abSe iniciaron  los bombardeos sobre Santo Domingo y con estos la renuncia y asilamiento del Presidente provisional Rafael Molina Ure\u00f1a, del jefe del Movimiento Constitucionalista Coronel Ram\u00edrez, y de la mayor\u00eda de los comprometidos con la lucha; el Coronel Caama\u00f1o desorientado y aturdido, pas\u00f3 la noche del 26 de Abril en calidad de asilado en la Embajada de El Salvador. <\/p>\n<p>\u00abA la ma\u00f1ana siguiente sali\u00f3 de la embajada y tom\u00f3  el mando militar de la Revoluci\u00f3n, reorganiza las fuerzas que est\u00e1n dispersas en Santo Domingo, y se dirige a la cabeza del Puente Duarte a impedir junto a un grupo de valientes la entrada a la ciudad de los tanques y los soldados golpistas del CEFA.<\/p>\n<p>El combate fue desigual en n\u00famero y armas. El pu\u00f1ado de militares  combati\u00f3 con ferocidad por la libertad de la Patria. El pueblo enfrent\u00f3 las fuerzas numerosas y bien equipadas con los pu\u00f1os, con piedras, con palos, con pedazos de hierro. All\u00ed brill\u00f3 el Coronel Caama\u00f1o por vez primera, all\u00ed hizo una alianza con el pueblo que no se romper\u00eda nunca m\u00e1s. All\u00ed naci\u00f3 el Coronel de Abril.<\/p>\n<p>De todas las batallas de la guerra de Abril, la del puente Duarte fue la m\u00e1s importante, porque evit\u00f3 la entrada de las tropas de  de San Isidro a la capital.<\/p>\n<p>Tras el desembarco de los marines estadounidenses, el 28 de abril, los constitucionalistas se concentraron en la zona colonial de capital, donde a partir de entonces el pueblo y los militares al mando de Caama\u00f1o establecieron una lucha contra el ej\u00e9rcito invasor y su contraparte golpista dominicana.<\/p>\n<p>La versi\u00f3n  publicada por List\u00edn Diario destaca que dos a\u00f1os despu\u00e9s del estallido de la Guerra de Abril, Caama\u00f1o  se traslad\u00f3 a Cuba en octubre de 1967.  Fue recibido por Fidel Castro, con quien lleg\u00f3 a acuerdos de colaboraci\u00f3n. Prepar\u00f3 el viaje en forma secreta dado que pensaba retornar a Europa, pero al darse cuenta de que hab\u00eda trascendido su presencia en Cuba, decidi\u00f3 permanecer en la isla. All\u00ed se propuso crear una fuerza estrat\u00e9gica para producir una expedici\u00f3n.<\/p>\n<p> \u00abNo logr\u00f3 un acuerdo formal con el Partido Comunista Dominicano ni con el Partido Revolucionario Dominicano, quedando b\u00e1sicamente aislado en Cuba. Pero s\u00ed lleg\u00f3 a un acuerdo con un sector del Movimiento Revolucionario 14 de Junio, encabezado por Amaury Germ\u00e1n Aristy, que recibi\u00f3 el nombre de Los Palmeros. Se convino en que se trasladar\u00edan militantes a Cuba para recibir formaci\u00f3n militar con vistas al desencadenamiento de la insurrecci\u00f3n en mayo de 1970. Decenas de militantes palmeros y de una rama del PRD se trasladaron al campamento de entrenamiento en Pinar del R\u00edo.<\/p>\n<p>\u00abEstos planes no pudieron plasmarse. Por lo visto, la dirigencia cubana vari\u00f3 de posici\u00f3n en cuanto a la pol\u00edtica de apoyo a los movimientos armados en Am\u00e9rica Latina. En el aislamiento, Caama\u00f1o empez\u00f3 a ser cuestionado por muchos de sus compa\u00f1eros, que le achacaban que no se produjera el retorno al pa\u00eds. Tambi\u00e9n estallaron divergencias con el grupo interno de los Comandos de la Resistencia, dirigidos por Germ\u00e1n Aristy, que se quejaban de falta de comunicaci\u00f3n.<\/p>\n<p>Tras varios desprendimientos de integrantes del grupo estrat\u00e9gico en el campo y del equipo urbano, despu\u00e9s de la muerte de Germ\u00e1n Aristy y tres de sus compa\u00f1eros, en enero de 1972, Caama\u00f1o presion\u00f3 a las autoridades cubanas para que le permitieran salir hacia el pa\u00eds. Tras meses de un \u00faltimo entrenamiento y largos preparativos, al frente de nueve hombres, lleg\u00f3 por Playa Caracoles el 3 de febrero de 1973.<\/p>\n<p>El peque\u00f1o contingente guerrillero protagoniz\u00f3 la haza\u00f1a de internarse en cosa de d\u00edas en el coraz\u00f3n de la Cordillera Central, en la zona de Valle Nuevo. Como no hab\u00eda grupos internos advertidos de la expedici\u00f3n, no se produjo respaldo alguno, pese al ascendiente de que segu\u00eda gozando Caama\u00f1o.<\/p>\n<p> En la tarde del 16 de febrero, mientras descansaba en la zona de Niza\u00edto, el grupo guerrillero fue ubicado por un destacamento del ej\u00e9rcito. Dos de los guerrilleros, Eberto Lalane Jos\u00e9 y Alfredo P\u00e9rez Vargas, resultaron muertos. Caama\u00f1o decidi\u00f3 no abandonarlos, por lo que fue capturado herido y fusilado.<\/p>\n<\/p>\n<\/p>\n<h6> 2020-06-11 00:54:10 <\/h6>\n<p><!--\n<link rel=\"stylesheet\" href=\"css\/bootstrap.min.css\">\n\n\n<ul class=\"pagination\">\n\t    \n\t\n\n<li >\n\t<a href='?page_no=523'>Previous<\/a>\n\t<\/li>\n\n\n       \n    \n\n<li><a href='?page_no=1'>1<\/a><\/li>\n\n\n\n<li><a href='?page_no=2'>2<\/a><\/li>\n\n\n\n<li><a>...<\/a><\/li>\n\n\n\n<li><a href='?page_no=522'>522<\/a><\/li>\n\n\n\n<li><a href='?page_no=523'>523<\/a><\/li>\n\n\n\n<li class='active'><a>524<\/a><\/li>\n\n\n\n<li><a href='?page_no=525'>525<\/a><\/li>\n\n\n\n<li><a href='?page_no=526'>526<\/a><\/li>\n\n\n\n<li><a>...<\/a><\/li>\n\n\n\n<li><a href='?page_no=22911'>22911<\/a><\/li>\n\n\n\n<li><a href='?page_no=22912'>22912<\/a><\/li>\n\n    \n\t\n\n<li >\n\t<a href='?page_no=525'>Next<\/a>\n\t<\/li>\n\n\n    \n\n<li><a href='?page_no=22912'>Last &rsaquo;&rsaquo;<\/a><\/li>\n\n<\/ul>\n\n\n--><br \/>\n<\/body><\/p>\n","protected":false},"excerpt":{"rendered":"<p>Diariodominicano.com Nace Francisco Alberto Caama\u00f1o De\u00f1o SANTO DOMINGO, RD, El 11 de junio de 1932 naci\u00f3 en la ciudad de Santo Domingo, Francisco Alberto Caama\u00f1o De\u00f1o, hijo del Teniente General Fausto Caama\u00f1o Medina y Enerolisa De\u00f1o (Nonin). Se destac\u00f3 como militar y pol\u00edtico. Comenz\u00f3 la carrera militar en la Marina de Guerra, en 1949. En [&hellip;]<\/p>\n","protected":false},"author":3,"featured_media":0,"comment_status":"open","ping_status":"open","sticky":false,"template":"","format":"standard","meta":{"footnotes":""},"categories":[21],"tags":[],"class_list":["post-52951","post","type-post","status-publish","format-standard","hentry","category-cultura"],"_links":{"self":[{"href":"https:\/\/diariodominicano.com\/index.php?rest_route=\/wp\/v2\/posts\/52951","targetHints":{"allow":["GET"]}}],"collection":[{"href":"https:\/\/diariodominicano.com\/index.php?rest_route=\/wp\/v2\/posts"}],"about":[{"href":"https:\/\/diariodominicano.com\/index.php?rest_route=\/wp\/v2\/types\/post"}],"author":[{"embeddable":true,"href":"https:\/\/diariodominicano.com\/index.php?rest_route=\/wp\/v2\/users\/3"}],"replies":[{"embeddable":true,"href":"https:\/\/diariodominicano.com\/index.php?rest_route=%2Fwp%2Fv2%2Fcomments&post=52951"}],"version-history":[{"count":0,"href":"https:\/\/diariodominicano.com\/index.php?rest_route=\/wp\/v2\/posts\/52951\/revisions"}],"wp:attachment":[{"href":"https:\/\/diariodominicano.com\/index.php?rest_route=%2Fwp%2Fv2%2Fmedia&parent=52951"}],"wp:term":[{"taxonomy":"category","embeddable":true,"href":"https:\/\/diariodominicano.com\/index.php?rest_route=%2Fwp%2Fv2%2Fcategories&post=52951"},{"taxonomy":"post_tag","embeddable":true,"href":"https:\/\/diariodominicano.com\/index.php?rest_route=%2Fwp%2Fv2%2Ftags&post=52951"}],"curies":[{"name":"wp","href":"https:\/\/api.w.org\/{rel}","templated":true}]}}