{"id":529433,"date":"2024-05-09T12:06:43","date_gmt":"2024-05-09T16:06:43","guid":{"rendered":"https:\/\/diariodominicano.com\/?p=529433"},"modified":"2024-05-09T12:24:07","modified_gmt":"2024-05-09T16:24:07","slug":"muere-marrapao-tras-atacar-a-tiros-agentes-policiales-en-santiago","status":"publish","type":"post","link":"https:\/\/diariodominicano.com\/?p=529433","title":{"rendered":"Polic\u00eda Nacional informa muere Anyi Zader Pozo de los Santos, (a) \u201cMarrapao\u201d tras atacar a tiros agentes policiales en Santiago"},"content":{"rendered":"\n<p>diariodominicano.com<\/p>\n\n\n\n<p>Santiago, 9 de Mayo del 2024.- La Polic\u00eda Nacional inform\u00f3 el jueves  que cay\u00f3 abatido reconocido antisocia lAnyi Zader Pozo de los Santos, (a) Marrapao,   tras atacar a tiros\u2002a  agentes policiales de Dicrim adscritos a esta ciudad,\u2002la PN se\u00f1al\u00f3 en nota de prensa que el hombre tiene un prontuario delictivo, de casos cometidos en la provincia de San Crist\u00f3bal y el municipio de Villa Altagracia.<\/p>\n\n\n\n<p>Anyi Zader Pozo de los Santos, (a) Marrapao,  era activamente buscado por tener en su contra al menos siete \u00f3rdenes de arresto, en la provincia y el municipio San Crist\u00f3bal, inform\u00f3 la Direcci\u00f3n Cibao Central de la Polic\u00eda Nacional.<\/p>\n\n\n\n<p>De acuerdo al reporte de los agentes policiales, el hecho se produjo momento en que  miembros de la PN se encontraban realizando labores de investigaci\u00f3n en el sector La Cambronal, atac\u00e1ndolos a tiros Anyi Zader Pozo, vi\u00e9ndose los agentes  en la imperiosa necesidad de repeler la agresi\u00f3n, resultando con las heridas que le produjeron\u2002la muerte a  <strong>\u00abMarrapao\u00bb.<\/strong><\/p>\n\n\n\n<p>En la escena se ocup\u00f3 la pistola marca Ruger, calibre 9mm, serie No. 452-51450, portada de manera ilegal, la misma fue utilizada para atacar a tiros los agentes actuantes.<\/p>\n\n\n\n<p>El cad\u00e1ver fue remitido al Instituto Nacional de Ciencias Forenses (INACIF) para los fines legales correspondientes.<\/p>\n\n\n\n<p>OFICINA DE INFORMACI\u00d3N Y COMUNICACIONES ESTRAT\u00c9GICAS DE LA POLICIA NACIONAL, DIRECCION REGIONAL.<\/p>\n","protected":false},"excerpt":{"rendered":"<p>diariodominicano.com Santiago, 9 de Mayo del 2024.- La Polic\u00eda Nacional inform\u00f3 el jueves que cay\u00f3 abatido reconocido antisocia lAnyi Zader Pozo de los Santos, (a) Marrapao, tras atacar a tiros\u2002a agentes policiales de Dicrim adscritos a esta ciudad,\u2002la PN se\u00f1al\u00f3 en nota de prensa que el hombre tiene un prontuario delictivo, de casos cometidos en [&hellip;]<\/p>\n","protected":false},"author":5,"featured_media":529434,"comment_status":"closed","ping_status":"closed","sticky":true,"template":"","format":"standard","meta":{"footnotes":""},"categories":[24,27],"tags":[],"class_list":["post-529433","post","type-post","status-publish","format-standard","has-post-thumbnail","hentry","category-justicia-y-derecho","category-portada"],"_links":{"self":[{"href":"https:\/\/diariodominicano.com\/index.php?rest_route=\/wp\/v2\/posts\/529433","targetHints":{"allow":["GET"]}}],"collection":[{"href":"https:\/\/diariodominicano.com\/index.php?rest_route=\/wp\/v2\/posts"}],"about":[{"href":"https:\/\/diariodominicano.com\/index.php?rest_route=\/wp\/v2\/types\/post"}],"author":[{"embeddable":true,"href":"https:\/\/diariodominicano.com\/index.php?rest_route=\/wp\/v2\/users\/5"}],"replies":[{"embeddable":true,"href":"https:\/\/diariodominicano.com\/index.php?rest_route=%2Fwp%2Fv2%2Fcomments&post=529433"}],"version-history":[{"count":2,"href":"https:\/\/diariodominicano.com\/index.php?rest_route=\/wp\/v2\/posts\/529433\/revisions"}],"predecessor-version":[{"id":529445,"href":"https:\/\/diariodominicano.com\/index.php?rest_route=\/wp\/v2\/posts\/529433\/revisions\/529445"}],"wp:featuredmedia":[{"embeddable":true,"href":"https:\/\/diariodominicano.com\/index.php?rest_route=\/wp\/v2\/media\/529434"}],"wp:attachment":[{"href":"https:\/\/diariodominicano.com\/index.php?rest_route=%2Fwp%2Fv2%2Fmedia&parent=529433"}],"wp:term":[{"taxonomy":"category","embeddable":true,"href":"https:\/\/diariodominicano.com\/index.php?rest_route=%2Fwp%2Fv2%2Fcategories&post=529433"},{"taxonomy":"post_tag","embeddable":true,"href":"https:\/\/diariodominicano.com\/index.php?rest_route=%2Fwp%2Fv2%2Ftags&post=529433"}],"curies":[{"name":"wp","href":"https:\/\/api.w.org\/{rel}","templated":true}]}}