{"id":52940,"date":"2020-06-11T11:48:33","date_gmt":"2020-06-11T11:48:33","guid":{"rendered":"http:\/\/diariodominicano.ddns.net\/?p=52940"},"modified":"2020-06-11T11:48:33","modified_gmt":"2020-06-11T11:48:33","slug":"minerd-entrega-32-bibliotecas-pedagogicas-a-centros-educativos-en-san-pedro-de-macoris","status":"publish","type":"post","link":"https:\/\/diariodominicano.com\/?p=52940","title":{"rendered":"MINERD entrega 32 Bibliotecas Pedag\u00f3gicas a centros educativos en San Pedro de Macor\u00eds"},"content":{"rendered":"<p><body><\/p>\n<p><img decoding=\"async\" src=\"img3\/Bibliotecadona11.jpg\" \/>  <\/p>\n<p><span class=\"text1noticias\">diariodominicano.com<\/span><\/p>\n<\/p>\n<p><span class=\"text1noticias\"> Santo Domingo, R. D., 11 de junio, 2020.-  El Ministerio de Educaci\u00f3n (MINERD), a trav\u00e9s de la Direcci\u00f3n de Medios Educativos, entreg\u00f3 a la Regional 05 de San Pedro de Macor\u00eds, 32 Bibliotecas Pedag\u00f3gicas para estudiantes de Secundaria, con la finalidad de que los alumnos puedan utilizarlas para su formaci\u00f3n en el proceso de ense\u00f1anza-aprendizaje. <\/span><\/p>\n<p><span class=\"text1noticias\"> <\/span><\/p>\n<p><span class=\"text1noticias\">En un comunicado de prensa el MINERD destaca que las Bibliotecas Pedag\u00f3gicas representan un elemento fundamental para la promoci\u00f3n de h\u00e1bitos de lectura en los estudiantes, resaltando el esfuerzo que se realiza desde la instituci\u00f3n para que la lectura contin\u00fae siendo un h\u00e1bito en las aulas y los hogares.<\/span><\/p>\n<p><span class=\"text1noticias\">  <\/span><\/p>\n<p><span class=\"text1noticias\">Destaca el documento que como padres comprometidos, se debe impulsar la lectura a los hijos para que los profesionales del siglo XXl, puedan tener no solamente la formaci\u00f3n que los maestros les inculcan en las aulas y en las universidades, sino tambi\u00e9n esa vasta experiencia que se adquiere de conocimientos a trav\u00e9s de los libros. <\/span><\/p>\n<p><span class=\"text1noticias\"> <\/span><\/p>\n<p><span class=\"text1noticias\">El contenido de estas bibliotecas comprende enciclopedias, libros bibliogr\u00e1ficos, de cuentos, de historia, diccionarios Peque\u00f1o Larousse, desarrollo de portafolios para el aprendizaje y evaluaci\u00f3n, libros motivacionales, entre otros. <\/span><\/p>\n<p><span class=\"text1noticias\"> <\/span><\/p>\n<p><span class=\"text1noticias\">Durante la actividad, el director de la Regional 05, Bol\u00edvar Y\u00fanior Sosa Soriano, exhort\u00f3 a los estudiantes a consultar con los bibliotecarios para sacarle el mejor de los provechos a estos libros para un mayor rendimiento en sus estudios, al tiempo que llam\u00f3 a cuidarlos de la mejor manera. <\/span><\/p>\n<p><span class=\"text1noticias\"> <\/span><\/p>\n<p><span class=\"text1noticias\">Asimismo, Yelki Catedral Febles, directora del Distrito Educativo 05-02, de San Pedro de Macor\u00eds Oeste, manifest\u00f3 sentirse agradecida por la entrega de estos recursos que le servir\u00e1n de consulta a los estudiantes y docentes, \u00abya que no hay nada mejor que leer un libro\u00bb, y que en esta covidianidad es conveniente cultivar la mente por medio de la lectura. <\/span><\/p>\n<p><span class=\"text1noticias\"> <\/span><\/p>\n<p><span class=\"text1noticias\">\u00abNos sentimos felices y regocijados porque hemos sido favorecidos con la entrega de estas bibliotecas pedag\u00f3gicas que les servir\u00e1n a los estudiantes para un mejor aprovechamiento del proceso ense\u00f1anza-aprendizaje\u00bb, dijo Catedral Febles. Al tiempo que agreg\u00f3, \u00abtenemos una fiesta de la literatura y sabemos que en esta pandemia no hay nada mejor que un libro; ese espacio donde podamos refrescar la mente en una biblioteca y poder hacerlo mediante la lectura es enriquecedor\u00bb. <\/span><\/p>\n<p><span class=\"text1noticias\"> <\/span><\/p>\n<p><span class=\"text1noticias\">Entre los centros beneficiados con estos libros est\u00e1n los liceos Don Pedro Mir, Jos\u00e9 Joaqu\u00edn P\u00e9rez, Pedro Luis Santana Corominas, Juan Pablo Duarte y Diez y la Escuela Santa Clara de As\u00eds. La entrega fue realizada en el Polit\u00e9cnico Pedro Feliciano y acompa\u00f1aron a Sosa Soriano y a Catedral Febles, las t\u00e9cnicas Sugeidy Rabsatt y Enerolisa B\u00e1ez. <\/span><\/p>\n<p><span class=\"text1noticias\"> <\/span><\/p>\n<p>Fuente: Prensa MINERD<\/p>\n<p><span class=\"text1noticias\">Direcci\u00f3n de Comunicaci\u00f3n y Relaciones P\u00fablicas<\/span><\/p>\n<p><span class=\"text1noticias\">Licda. Magdalena Nu\u00f1ez<\/span><\/p>\n<p><span class=\"text1noticias\">Enc. Relaciones P\u00fablicas<\/span><\/p>\n<\/p>\n<p><span class=\"text1noticias\">11 de junio del 2020<\/span><\/p>\n<h6> 2020-06-11 11:48:33 <\/h6>\n<p><!--\n<link rel=\"stylesheet\" href=\"css\/bootstrap.min.css\">\n\n\n<ul class=\"pagination\">\n\t    \n\t\n\n<li >\n\t<a href='?page_no=522'>Previous<\/a>\n\t<\/li>\n\n\n       \n    \n\n<li><a href='?page_no=1'>1<\/a><\/li>\n\n\n\n<li><a href='?page_no=2'>2<\/a><\/li>\n\n\n\n<li><a>...<\/a><\/li>\n\n\n\n<li><a href='?page_no=521'>521<\/a><\/li>\n\n\n\n<li><a href='?page_no=522'>522<\/a><\/li>\n\n\n\n<li class='active'><a>523<\/a><\/li>\n\n\n\n<li><a href='?page_no=524'>524<\/a><\/li>\n\n\n\n<li><a href='?page_no=525'>525<\/a><\/li>\n\n\n\n<li><a>...<\/a><\/li>\n\n\n\n<li><a href='?page_no=22911'>22911<\/a><\/li>\n\n\n\n<li><a href='?page_no=22912'>22912<\/a><\/li>\n\n    \n\t\n\n<li >\n\t<a href='?page_no=524'>Next<\/a>\n\t<\/li>\n\n\n    \n\n<li><a href='?page_no=22912'>Last &rsaquo;&rsaquo;<\/a><\/li>\n\n<\/ul>\n\n\n--><br \/>\n<\/body><\/p>\n","protected":false},"excerpt":{"rendered":"<p>diariodominicano.com Santo Domingo, R. D., 11 de junio, 2020.- El Ministerio de Educaci\u00f3n (MINERD), a trav\u00e9s de la Direcci\u00f3n de Medios Educativos, entreg\u00f3 a la Regional 05 de San Pedro de Macor\u00eds, 32 Bibliotecas Pedag\u00f3gicas para estudiantes de Secundaria, con la finalidad de que los alumnos puedan utilizarlas para su formaci\u00f3n en el proceso de [&hellip;]<\/p>\n","protected":false},"author":3,"featured_media":0,"comment_status":"open","ping_status":"open","sticky":false,"template":"","format":"standard","meta":{"footnotes":""},"categories":[21],"tags":[],"class_list":["post-52940","post","type-post","status-publish","format-standard","hentry","category-cultura"],"_links":{"self":[{"href":"https:\/\/diariodominicano.com\/index.php?rest_route=\/wp\/v2\/posts\/52940","targetHints":{"allow":["GET"]}}],"collection":[{"href":"https:\/\/diariodominicano.com\/index.php?rest_route=\/wp\/v2\/posts"}],"about":[{"href":"https:\/\/diariodominicano.com\/index.php?rest_route=\/wp\/v2\/types\/post"}],"author":[{"embeddable":true,"href":"https:\/\/diariodominicano.com\/index.php?rest_route=\/wp\/v2\/users\/3"}],"replies":[{"embeddable":true,"href":"https:\/\/diariodominicano.com\/index.php?rest_route=%2Fwp%2Fv2%2Fcomments&post=52940"}],"version-history":[{"count":0,"href":"https:\/\/diariodominicano.com\/index.php?rest_route=\/wp\/v2\/posts\/52940\/revisions"}],"wp:attachment":[{"href":"https:\/\/diariodominicano.com\/index.php?rest_route=%2Fwp%2Fv2%2Fmedia&parent=52940"}],"wp:term":[{"taxonomy":"category","embeddable":true,"href":"https:\/\/diariodominicano.com\/index.php?rest_route=%2Fwp%2Fv2%2Fcategories&post=52940"},{"taxonomy":"post_tag","embeddable":true,"href":"https:\/\/diariodominicano.com\/index.php?rest_route=%2Fwp%2Fv2%2Ftags&post=52940"}],"curies":[{"name":"wp","href":"https:\/\/api.w.org\/{rel}","templated":true}]}}