{"id":529326,"date":"2024-05-09T01:38:33","date_gmt":"2024-05-09T05:38:33","guid":{"rendered":"https:\/\/diariodominicano.com\/?p=529326"},"modified":"2024-05-09T01:41:23","modified_gmt":"2024-05-09T05:41:23","slug":"tribunal-de-tierras-de-san-pedro-de-macoris-conocera-audiencia-contra-asesora-en-comunicacion-del-gobierno-angelita-pena-y-empresa-palm-beach-worlwide","status":"publish","type":"post","link":"https:\/\/diariodominicano.com\/?p=529326","title":{"rendered":"Tribunal de Tierras de San Pedro de Macor\u00eds conocer\u00e1 audiencia\u00a0 contra asesora en comunicaci\u00f3n del Gobierno Angelita Pe\u00f1a y empresa Palm Beach Worlwide"},"content":{"rendered":"\n<p> Mar\u00eda de los \u00c1ngeles Pe\u00f1a Pe\u00f1a (Angelita)<\/p>\n\n\n\n<p><strong>Est\u00e1 pautada para el jueves 9 de mayo 2024 a las 9:00 de la ma\u00f1ana<\/strong><\/p>\n\n\n\n<p><\/p>\n\n\n\n<p>El Tribunal de Tierras de San Pedro de Macor\u00eds conocer\u00e1 este jueves 9 de mayo la audiencia de la litis sobre derechos registrados contra la asesora en comunicaci\u00f3n del Gobierno Mar\u00eda de los \u00c1ngeles Pe\u00f1a Pe\u00f1a (Angelita) y la empresa Palm Beach Worlwide, demanda por una deuda de 400 mil d\u00f3lares.<\/p>\n\n\n\n<p>La audiencia est\u00e1 pautada para las 9:00 de la ma\u00f1ana en uno de los salones de la segunda planta del Palacio de Justicia de San Pedro de Macor\u00eds.<\/p>\n\n\n\n<p>La demanda fue interpuesta por el empresario cubano Eleno Joel Ramos y la compa\u00f1\u00eda Inversiones Ciaar, a trav\u00e9s de los abogados Jorge Graciany Lora Olilvares y Jorge Lora Castillo.<\/p>\n\n\n\n<p>Los abogados de Ramos explican que la asesora del presidente Luis Abinader adquiri\u00f3 un inmueble en La Romana por 800 mil d\u00f3lares, pag\u00f3 400 mil y qued\u00f3 debiendo otros 400, por lo que dej\u00f3 el inmueble en garant\u00eda y posteriormente simul\u00f3 una venta 29 d\u00edas despu\u00e9s para transferir la propiedad a otra compa\u00f1\u00eda.<\/p>\n\n\n\n<p>Dijeron que Angelita se comprometi\u00f3 a saldar la deuda en diciembre del 2009 y a la fecha no ha honrado el compromiso, dejando en garant\u00eda el inmueble, y 29 d\u00edas despu\u00e9s de hacer el negocio, lo \u201cvendi\u00f3\u201d a una y compa\u00f1\u00eda offshore.<\/p>\n\n\n\n<p>Informaron que la demanda es de 2 millones 440 mil d\u00f3lares por \u201cvender\u201d un inmueble a la compa\u00f1\u00eda offshore, Palm Beach Worlwide, constituida en la Rep\u00fablica de Panam\u00e1, supuestamente representada por la se\u00f1ora Belkys Gonz\u00e1lez.<\/p>\n\n\n\n<p>Los abogados sostienen que se trata de una porci\u00f3n de terreno de 3,081.33 metros cuadrados dentro del \u00e1mbito del inmueble identificado con el n\u00famero 501306712693, amparado en el certificado de t\u00edtulo, n\u00famero 2100030643 y sus mejoras consistentes en una casa de block, techada de hormig\u00f3n y tejas de dos niveles, ubicada en el complejo tur\u00edstico Casa de Campo, La Romana.<\/p>\n\n\n\n<p>Manifestaron que ahora la asesora de Comunicaci\u00f3n Estrat\u00e9gica del mandatario, tendr\u00e1 que responder ante los tribunales a una litis sobre derechos registrados en la Jurisdicci\u00f3n Original del Distrito Judicial de San Pedro de Macor\u00eds.\u00a0 Pe\u00f1a fue la persona que realiz\u00f3 duras cr\u00edticas sobre la imagen de los reporteros y presentadores de noticias del pa\u00eds.<\/p>\n\n\n\n<p>trabajode prensa<\/p>\n\n\n\n<p><a target=\"_blank\" href=\"mailto:trabajodeprensas@gmail.com\" rel=\"noreferrer noopener\">trabajodeprensas@gmail.com<\/a><\/p>\n","protected":false},"excerpt":{"rendered":"<p>Mar\u00eda de los \u00c1ngeles Pe\u00f1a Pe\u00f1a (Angelita) Est\u00e1 pautada para el jueves 9 de mayo 2024 a las 9:00 de la ma\u00f1ana El Tribunal de Tierras de San Pedro de Macor\u00eds conocer\u00e1 este jueves 9 de mayo la audiencia de la litis sobre derechos registrados contra la asesora en comunicaci\u00f3n del Gobierno Mar\u00eda de los [&hellip;]<\/p>\n","protected":false},"author":28,"featured_media":529327,"comment_status":"closed","ping_status":"closed","sticky":false,"template":"","format":"standard","meta":{"footnotes":""},"categories":[24],"tags":[],"class_list":["post-529326","post","type-post","status-publish","format-standard","has-post-thumbnail","hentry","category-justicia-y-derecho"],"_links":{"self":[{"href":"https:\/\/diariodominicano.com\/index.php?rest_route=\/wp\/v2\/posts\/529326","targetHints":{"allow":["GET"]}}],"collection":[{"href":"https:\/\/diariodominicano.com\/index.php?rest_route=\/wp\/v2\/posts"}],"about":[{"href":"https:\/\/diariodominicano.com\/index.php?rest_route=\/wp\/v2\/types\/post"}],"author":[{"embeddable":true,"href":"https:\/\/diariodominicano.com\/index.php?rest_route=\/wp\/v2\/users\/28"}],"replies":[{"embeddable":true,"href":"https:\/\/diariodominicano.com\/index.php?rest_route=%2Fwp%2Fv2%2Fcomments&post=529326"}],"version-history":[{"count":3,"href":"https:\/\/diariodominicano.com\/index.php?rest_route=\/wp\/v2\/posts\/529326\/revisions"}],"predecessor-version":[{"id":529330,"href":"https:\/\/diariodominicano.com\/index.php?rest_route=\/wp\/v2\/posts\/529326\/revisions\/529330"}],"wp:featuredmedia":[{"embeddable":true,"href":"https:\/\/diariodominicano.com\/index.php?rest_route=\/wp\/v2\/media\/529327"}],"wp:attachment":[{"href":"https:\/\/diariodominicano.com\/index.php?rest_route=%2Fwp%2Fv2%2Fmedia&parent=529326"}],"wp:term":[{"taxonomy":"category","embeddable":true,"href":"https:\/\/diariodominicano.com\/index.php?rest_route=%2Fwp%2Fv2%2Fcategories&post=529326"},{"taxonomy":"post_tag","embeddable":true,"href":"https:\/\/diariodominicano.com\/index.php?rest_route=%2Fwp%2Fv2%2Ftags&post=529326"}],"curies":[{"name":"wp","href":"https:\/\/api.w.org\/{rel}","templated":true}]}}